{"id":247164,"date":"2025-07-13T12:48:11","date_gmt":"2025-07-13T12:48:11","guid":{"rendered":"https:\/\/www.europesays.com\/fr\/247164\/"},"modified":"2025-07-13T12:48:11","modified_gmt":"2025-07-13T12:48:11","slug":"apres-lor-paralympique-a-paris-aurelie-aubert-devient-championne-deurope-de-boccia-pour-la-premiere-fois","status":"publish","type":"post","link":"https:\/\/www.europesays.com\/fr\/247164\/","title":{"rendered":"Apr\u00e8s l\u2019or paralympique \u00e0 Paris, Aur\u00e9lie Aubert devient championne d\u2019Europe de boccia pour la premi\u00e8re fois"},"content":{"rendered":"<p>\u00c0 28 ans, la Fran\u00e7aise a conquis, ce dimanche \u00e0 Zagreb, le premier titre europ\u00e9en de sa carri\u00e8re face \u00e0 l\u2019Isra\u00e9lienne Orit Kelner.<\/p>\n<p class=\"fig-paragraph\">Le conte de f\u00e9es se poursuit pour\u00a0<a href=\"http:\/\/www.lefigaro.fr\/sports\/je-suis-contente-que-les-gens-aient-apprecie-cet-aspect-de-ma-personnalite-aurelie-aubert-l-inoubliable-sourire-de-paris-2024-20241227\" target=\"_blank\" data-fig-type=\"Article\" rel=\"noopener\" data-gtm-custom-categorie=\"navigation\" data-gtm-custom-action=\"crossclick\" data-gtm-custom-label=\"Contextuel\" data-gtm-event=\"customEventSPE\" data-fig-domain=\"LEFIGARO\">Aur\u00e9lie Aubert.<\/a>\u00a0Un an apr\u00e8s\u00a0<a href=\"http:\/\/www.lefigaro.fr\/sports\/jeux-olympiques\/jeux-paralympiques-aurelie-aubert-decroche-la-toute-premiere-medaille-d-or-de-la-france-en-boccia-20240902\" target=\"_blank\" data-fig-type=\"NewsFlash\" rel=\"noopener\" data-gtm-custom-categorie=\"navigation\" data-gtm-custom-action=\"crossclick\" data-gtm-custom-label=\"Contextuel\" data-gtm-event=\"customEventSPE\" data-fig-domain=\"LEFIGARO\">sa m\u00e9daille d\u2019or paralympique d\u00e9croch\u00e9e \u00e0 Paris<\/a>, la Fran\u00e7aise de 28 ans est devenue championne d\u2019Europe de boccia pour la premi\u00e8re fois, ce dimanche \u00e0 Zagreb (Croatie). Oppos\u00e9e \u00e0 l\u2019Isra\u00e9lienne Orit Kelner, la porte-drapeau lors de la c\u00e9r\u00e9monie de cl\u00f4ture des Jeux paralympiques 2024 s\u2019est impos\u00e9e en finale au terme de la cinqui\u00e8me et derni\u00e8re manche de d\u00e9partage, alors qu\u2019elle \u00e9tait mal engag\u00e9e dans la partie.<\/p>\n<p class=\"fig-body-link\">\n            \u00c0 lire aussi<br \/>\n        <a class=\"fig-body-link__link fig-premium-mark\" href=\"http:\/\/www.lefigaro.fr\/sports\/je-suis-contente-que-les-gens-aient-apprecie-cet-aspect-de-ma-personnalite-aurelie-aubert-l-inoubliable-sourire-de-paris-2024-20241227\" target=\"_blank\" data-fig-type=\"Article\" rel=\"noopener\" data-gtm-custom-categorie=\"navigation\" data-gtm-custom-action=\"crossclick\" data-gtm-custom-label=\"Contextuel\" data-gtm-event=\"customEventSPE\" data-fig-domain=\"LEFIGARO\">\u00abJe suis contente que les gens aient appr\u00e9ci\u00e9 cet aspect de ma personnalit\u00e9\u00bb\u00a0: Aur\u00e9lie Aubert, l\u2019inoubliable sourire de Paris 2024<br \/>\n    <\/a>\n<\/p>\n<p>Championne du monde en 2026\u00a0?<\/p>\n<p class=\"fig-paragraph\">Au moment de conclure, Aubert n\u2019a eu besoin que de quatre balles (sur six possibles) pour en coller une \u00abau Jack\u00bb &#8211; la boule blanche \u00e0 viser &#8211; et son adversaire n\u2019a pas su la d\u00e9loger. Titr\u00e9e, la native de Dreux a termin\u00e9 la comp\u00e9tition avec cinq victoires en six matchs (une d\u00e9faite lors du dernier match de poule).<\/p>\n<p>                                    <a class=\"fig-a11y-skip a11y-hidden\" href=\"#fig-a11y-skip-main-inarticle\"><br \/>\n        Passer la publicit\u00e9<br \/>\n    <\/a><\/p>\n<p class=\"fig-paragraph\">En septembre 2026 \u00e0 S\u00e9oul (Cor\u00e9e du Sud),\u00a0<a href=\"http:\/\/www.lefigaro.fr\/sports\/autres-sports\/paralympiques-apres-l-or-aux-jeux-aurelie-aubert-decroche-un-premier-sponsor-20241218\" target=\"_blank\" data-fig-type=\"NewsFlash\" rel=\"noopener\" data-gtm-custom-categorie=\"navigation\" data-gtm-custom-action=\"crossclick\" data-gtm-custom-label=\"Contextuel\" data-gtm-event=\"customEventSPE\" data-fig-domain=\"LEFIGARO\">celle qui a chang\u00e9 de dimension l\u2019\u00e9t\u00e9 dernier<\/a>\u00a0partira, sans doute, \u00e0 la conqu\u00eate du titre mondial, le seul manquant \u00e0 son joli palmar\u00e8s.<\/p>\n","protected":false},"excerpt":{"rendered":"\u00c0 28 ans, la Fran\u00e7aise a conquis, ce dimanche \u00e0 Zagreb, le premier titre europ\u00e9en de sa carri\u00e8re&hellip;\n","protected":false},"author":2,"featured_media":247165,"comment_status":"","ping_status":"","sticky":false,"template":"","format":"standard","meta":{"footnotes":""},"categories":[1586],"tags":[11,1777,674,1011,27,28367,12,25],"class_list":{"0":"post-247164","1":"post","2":"type-post","3":"status-publish","4":"format-standard","5":"has-post-thumbnail","7":"category-europe","8":"tag-actualites","9":"tag-eu","10":"tag-europe","11":"tag-fr","12":"tag-france","13":"tag-jeux-paralympiques","14":"tag-news","15":"tag-republique-francaise"},"share_on_mastodon":{"url":"https:\/\/pubeurope.com\/@fr\/114846007536625985","error":""},"_links":{"self":[{"href":"https:\/\/www.europesays.com\/fr\/wp-json\/wp\/v2\/posts\/247164","targetHints":{"allow":["GET"]}}],"collection":[{"href":"https:\/\/www.europesays.com\/fr\/wp-json\/wp\/v2\/posts"}],"about":[{"href":"https:\/\/www.europesays.com\/fr\/wp-json\/wp\/v2\/types\/post"}],"author":[{"embeddable":true,"href":"https:\/\/www.europesays.com\/fr\/wp-json\/wp\/v2\/users\/2"}],"replies":[{"embeddable":true,"href":"https:\/\/www.europesays.com\/fr\/wp-json\/wp\/v2\/comments?post=247164"}],"version-history":[{"count":0,"href":"https:\/\/www.europesays.com\/fr\/wp-json\/wp\/v2\/posts\/247164\/revisions"}],"wp:featuredmedia":[{"embeddable":true,"href":"https:\/\/www.europesays.com\/fr\/wp-json\/wp\/v2\/media\/247165"}],"wp:attachment":[{"href":"https:\/\/www.europesays.com\/fr\/wp-json\/wp\/v2\/media?parent=247164"}],"wp:term":[{"taxonomy":"category","embeddable":true,"href":"https:\/\/www.europesays.com\/fr\/wp-json\/wp\/v2\/categories?post=247164"},{"taxonomy":"post_tag","embeddable":true,"href":"https:\/\/www.europesays.com\/fr\/wp-json\/wp\/v2\/tags?post=247164"}],"curies":[{"name":"wp","href":"https:\/\/api.w.org\/{rel}","templated":true}]}}