{"id":247168,"date":"2025-07-13T12:50:13","date_gmt":"2025-07-13T12:50:13","guid":{"rendered":"https:\/\/www.europesays.com\/fr\/247168\/"},"modified":"2025-07-13T12:50:13","modified_gmt":"2025-07-13T12:50:13","slug":"les-correcteurs-du-bac-ont-ils-ete-trop-sympas-borne-demande-plus-d-exigence","status":"publish","type":"post","link":"https:\/\/www.europesays.com\/fr\/247168\/","title":{"rendered":"Les correcteurs du bac ont-ils \u00e9t\u00e9 trop sympas\u00a0? Borne demande plus d\u2019\u00ab\u00a0exigence\u00a0\u00bb"},"content":{"rendered":"<p>        <img decoding=\"async\" loading=\"lazy\" src=\"https:\/\/www.europesays.com\/fr\/wp-content\/uploads\/2025\/06\/96e28a4_sirius-fs-upload-1-7vwlahsg3kri-1742120246126-000-36yq8u9.jpg\"  width=\"728\" height=\"409\" alt=\"Elisabeth Borne va envoyer une circulaire sur les consignes de correction du bac (Photo d\u2019illustration, ici le 26\u00a0f\u00e9vrier 2025)\"\/>  <\/p>\n<p>LUDOVIC MARIN \/ AFP<\/p>\n<p>Elisabeth Borne va envoyer une circulaire sur les consignes de correction du bac (Photo d\u2019illustration, ici le 26\u00a0f\u00e9vrier 2025)<\/p>\n<p class=\"asset asset-text\">\u00c9DUCATION &#8211; La ministre de l\u2019\u00c9ducation nationale \u00c9lisabeth Borne a annonc\u00e9 ce dimanche 13\u00a0juillet sur Radio J l\u2019envoi d\u2019une circulaire sur les consignes de correction du <a href=\"https:\/\/www.huffingtonpost.fr\/france\/article\/bac-2025-les-resultats-sement-le-trouble-sur-l-histoire-du-plus-jeune-candidat-age-de-seulement-8-ans_252241.html\" target=\"_blank\" rel=\"noopener\">baccalaur\u00e9at<\/a>, pour qu\u2019il n\u2019y ait pas de \u00ab\u00a0suspicion\u00a0\u00bb sur le <a href=\"https:\/\/www.huffingtonpost.fr\/france\/article\/resultats-du-bac-2025-les-bacheliers-de-cette-annee-ont-fait-un-tout-petit-peu-mieux-que-ceux-de-l-an-dernier_252224.html\" target=\"_blank\" rel=\"noopener\">niveau de l\u2019examen<\/a>.<\/p>\n<p class=\"asset asset-text\">\u00ab\u00a0J\u2019ai vu dans la presse des consignes de bienveillance excessive qui pouvaient \u00eatre donn\u00e9es dans les corrections\u00a0\u00bb, mais \u00ab\u00a0elles ne viennent pas de la rue de Grenelle\u00a0\u00bb, o\u00f9 est install\u00e9 le <a href=\"https:\/\/www.huffingtonpost.fr\/politique\/article\/cible-par-elisabeth-borne-parce-qu-il-a-ferme-les-ecoles-le-maire-de-tours-lui-lance-une-invitation_252024.html\" target=\"_blank\" rel=\"noopener\">minist\u00e8re de l\u2019\u00c9ducation<\/a>, a-t-elle assur\u00e9.<\/p>\n<p class=\"asset asset-text\">C\u2019est pourquoi \u00ab\u00a0j\u2019adresserai une instruction \u00e0 la rentr\u00e9e sur les consignes qui sont donn\u00e9es aux correcteurs\u00a0\u00bb, car \u00ab\u00a0c\u2019est tr\u00e8s important qu\u2019on n\u2019ait pas une suspicion sur le niveau du bac\u00a0\u00bb, a ajout\u00e9 l\u2019ancienne cheffe du gouvernement.<\/p>\n<p class=\"asset asset-text\">Le cru 2025 du baccalaur\u00e9at affiche un taux de r\u00e9ussite de 91,8\u00a0%, en hausse de 0,4 point, selon le minist\u00e8re de l\u2019\u00c9ducation nationale.<\/p>\n<p class=\"asset asset-text\">\u00c9lisabeth Borne a affirm\u00e9 qu\u2019\u00ab\u00a0il faut \u00eatre exigeant sur le niveau des \u00e9l\u00e8ves\u00a0\u00bb et ce sera \u00ab\u00a0le sens des consignes qui seront donn\u00e9es\u00a0\u00bb, car \u00ab\u00a0c\u2019est vraiment un mauvais service qu\u2019on rend aux bacheliers en donnant l\u2019impression qu\u2019on peut avoir une mauvaise copie et une bonne note\u00a0\u00bb.<\/p>\n<p class=\"asset asset-text\">Il faut en effet \u00ab\u00a0absolument garantir\u00a0\u00bb que le bac \u00ab\u00a0reconna\u00eet un niveau de comp\u00e9tence et de connaissances qu\u2019on doit acqu\u00e9rir en terminale\u00a0\u00bb, a-t-elle expliqu\u00e9.<\/p>\n<p class=\"asset asset-text\">Et comme \u00ab\u00a0c\u2019est aussi le s\u00e9same pour aller dans l\u2019enseignement sup\u00e9rieur, il faut qu\u2019on s\u2019assure que les jeunes qui ont le bac ont toutes les chances de r\u00e9ussir dans l\u2019enseignement sup\u00e9rieur\u00a0\u00bb.<\/p>\n<p class=\"asset asset-text\">Tout en f\u00e9licitant \u00ab\u00a0les 680\u00a0000 nouveaux bacheliers et les 725\u00a0000 coll\u00e9giens qui ont obtenu leur brevet cette ann\u00e9e\u00a0\u00bb, la ministre a martel\u00e9 qu\u2019\u00ab\u00a0on ne donne pas le bac \u00e0 tout le monde et on ne doit pas donner le bac \u00e0 tout le monde\u00a0\u00bb.<\/p>\n<p class=\"asset asset-text\">Pendant le Covid, \u00ab\u00a0le taux de r\u00e9ussite au bac a augment\u00e9 et est rest\u00e9 depuis \u00e9lev\u00e9\u00a0\u00bb donc \u00ab\u00a0j\u2019ai demand\u00e9 \u00e0 mes services de trouver les raisons de ces augmentations et le cas \u00e9ch\u00e9ant, on prendra les mesures n\u00e9cessaires\u00a0\u00bb, a-t-elle affirm\u00e9.<\/p>\n","protected":false},"excerpt":{"rendered":"LUDOVIC MARIN \/ AFP Elisabeth Borne va envoyer une circulaire sur les consignes de correction du bac (Photo&hellip;\n","protected":false},"author":2,"featured_media":180647,"comment_status":"","ping_status":"","sticky":false,"template":"","format":"standard","meta":{"footnotes":""},"categories":[2],"tags":[11,31780,5757,1011,27,28275,12,25],"class_list":{"0":"post-247168","1":"post","2":"type-post","3":"status-publish","4":"format-standard","5":"has-post-thumbnail","7":"category-actualites","8":"tag-actualites","9":"tag-bac-2025","10":"tag-elisabeth-borne","11":"tag-fr","12":"tag-france","13":"tag-ministere-de-l-education-nationale","14":"tag-news","15":"tag-republique-francaise"},"share_on_mastodon":{"url":"https:\/\/pubeurope.com\/@fr\/114846015444958651","error":""},"_links":{"self":[{"href":"https:\/\/www.europesays.com\/fr\/wp-json\/wp\/v2\/posts\/247168","targetHints":{"allow":["GET"]}}],"collection":[{"href":"https:\/\/www.europesays.com\/fr\/wp-json\/wp\/v2\/posts"}],"about":[{"href":"https:\/\/www.europesays.com\/fr\/wp-json\/wp\/v2\/types\/post"}],"author":[{"embeddable":true,"href":"https:\/\/www.europesays.com\/fr\/wp-json\/wp\/v2\/users\/2"}],"replies":[{"embeddable":true,"href":"https:\/\/www.europesays.com\/fr\/wp-json\/wp\/v2\/comments?post=247168"}],"version-history":[{"count":0,"href":"https:\/\/www.europesays.com\/fr\/wp-json\/wp\/v2\/posts\/247168\/revisions"}],"wp:featuredmedia":[{"embeddable":true,"href":"https:\/\/www.europesays.com\/fr\/wp-json\/wp\/v2\/media\/180647"}],"wp:attachment":[{"href":"https:\/\/www.europesays.com\/fr\/wp-json\/wp\/v2\/media?parent=247168"}],"wp:term":[{"taxonomy":"category","embeddable":true,"href":"https:\/\/www.europesays.com\/fr\/wp-json\/wp\/v2\/categories?post=247168"},{"taxonomy":"post_tag","embeddable":true,"href":"https:\/\/www.europesays.com\/fr\/wp-json\/wp\/v2\/tags?post=247168"}],"curies":[{"name":"wp","href":"https:\/\/api.w.org\/{rel}","templated":true}]}}