{"id":247171,"date":"2025-07-13T12:52:25","date_gmt":"2025-07-13T12:52:25","guid":{"rendered":"https:\/\/www.europesays.com\/fr\/247171\/"},"modified":"2025-07-13T12:52:25","modified_gmt":"2025-07-13T12:52:25","slug":"lallemande-wamser-suspendue-pour-le-quart-de-finale-face-a-la-france","status":"publish","type":"post","link":"https:\/\/www.europesays.com\/fr\/247171\/","title":{"rendered":"l&rsquo;Allemande Wamser suspendue pour le quart de finale, face \u00e0 la France ?"},"content":{"rendered":"<p>La lat\u00e9rale droite allemande a re\u00e7u un carton rouge face \u00e0 la Su\u00e8de samedi, entra\u00eenant la d\u00e9route de son \u00e9quipe.<\/p>\n<p class=\"fig-paragraph\">La lat\u00e9rale droite allemande Carlotta Wamser, expuls\u00e9e samedi lors de\u00a0<a href=\"http:\/\/www.lefigaro.fr\/sports\/football\/euro\/euro-feminin-la-suede-sans-pitie-pour-l-allemagne-pour-remporter-le-groupe-c-20250713\" target=\"_blank\" data-fig-type=\"NewsFlash\" rel=\"noopener nofollow\" data-gtm-custom-categorie=\"navigation\" data-gtm-custom-action=\"crossclick\" data-gtm-custom-label=\"Contextuel\" data-gtm-event=\"customEventSPE\" data-fig-domain=\"LEFIGARO\">la d\u00e9faite face \u00e0 la Su\u00e8de (4-1) \u00e0 l&rsquo;Euro-2025,\u00a0<\/a>n&rsquo;a \u00e9t\u00e9 suspendue que pour un match, selon la F\u00e9d\u00e9ration allemande de football, mais manquera donc le quart de finale. Les Allemandes,\u00a0<a href=\"http:\/\/www.lefigaro.fr\/sports\/football\/euro-feminin-2025-blessee-a-un-genou-la-capitaine-de-l-allemagne-giulia-gwinn-declare-forfait-20250705\" target=\"_blank\" data-fig-type=\"NewsFlash\" rel=\"noopener nofollow\" data-gtm-custom-categorie=\"navigation\" data-gtm-custom-action=\"crossclick\" data-gtm-custom-label=\"Contextuel\" data-gtm-event=\"customEventSPE\" data-fig-domain=\"LEFIGARO\">d\u00e9j\u00e0 priv\u00e9es sur blessure de leur capitaine Giulia Gwinn<\/a>\u00a0qui occupe habituellement ce poste, devront donc r\u00e9organiser leur d\u00e9fense face \u00e0 la meilleure \u00e9quipe du groupe D, place actuellement occup\u00e9e par la France qui affronte les Pays Bas dimanche.<\/p>\n<p class=\"fig-paragraph\">Plong\u00e9e dans le grand bain de l&rsquo;Euro \u00e0 21 ans, avec seulement deux s\u00e9lections, Carlotta Wamser avait remplac\u00e9 Gwinn \u00e0 la 40e minute de la premi\u00e8re rencontre face \u00e0 la Pologne, et r\u00e9ussissait jusque-l\u00e0 un beau tournoi, avec une passe d\u00e9cisive contre la Su\u00e8de. Mais d&rsquo;un r\u00e9flexe, elle s&rsquo;est jet\u00e9e samedi soir sur sa ligne pour contrer de la main droite un ballon qui filait au but, \u00e0 la 32e minute\u00a0: expulsion imm\u00e9diate, p\u00e9nalty transform\u00e9 par Fridolina Rolf\u00f6, et fin des espoirs allemands de recoller au score.<\/p>\n<p>                                    <a class=\"fig-a11y-skip a11y-hidden\" href=\"#fig-a11y-skip-main-inarticle\"><br \/>\n        Passer la publicit\u00e9<br \/>\n    <\/a><\/p>\n<p class=\"fig-paragraph\">\u00abD\u00e8s le carton rouge, il \u00e9tait clair pour nous qu&rsquo;il serait tr\u00e8s, tr\u00e8s difficile de tenir t\u00eate \u00e0 cette \u00e9quipe su\u00e9doise\u00bb, a reconnu le s\u00e9lectionneur Christian W\u00fcck, pendant que les joueuses faisaient bloc autour de Wamser. Les Allemandes, vice-championnes d&rsquo;Europe en titre et m\u00e9daill\u00e9es de bronze des JO-2024, disputeront leur quart de finale samedi prochain \u00e0 B\u00e2le.<\/p>\n","protected":false},"excerpt":{"rendered":"La lat\u00e9rale droite allemande a re\u00e7u un carton rouge face \u00e0 la Su\u00e8de samedi, entra\u00eenant la d\u00e9route de&hellip;\n","protected":false},"author":2,"featured_media":247172,"comment_status":"","ping_status":"","sticky":false,"template":"","format":"standard","meta":{"footnotes":""},"categories":[4],"tags":[11,64,1011,27,12,25],"class_list":{"0":"post-247171","1":"post","2":"type-post","3":"status-publish","4":"format-standard","5":"has-post-thumbnail","7":"category-france","8":"tag-actualites","9":"tag-equipe-de-france","10":"tag-fr","11":"tag-france","12":"tag-news","13":"tag-republique-francaise"},"share_on_mastodon":{"url":"https:\/\/pubeurope.com\/@fr\/114846023180669206","error":""},"_links":{"self":[{"href":"https:\/\/www.europesays.com\/fr\/wp-json\/wp\/v2\/posts\/247171","targetHints":{"allow":["GET"]}}],"collection":[{"href":"https:\/\/www.europesays.com\/fr\/wp-json\/wp\/v2\/posts"}],"about":[{"href":"https:\/\/www.europesays.com\/fr\/wp-json\/wp\/v2\/types\/post"}],"author":[{"embeddable":true,"href":"https:\/\/www.europesays.com\/fr\/wp-json\/wp\/v2\/users\/2"}],"replies":[{"embeddable":true,"href":"https:\/\/www.europesays.com\/fr\/wp-json\/wp\/v2\/comments?post=247171"}],"version-history":[{"count":0,"href":"https:\/\/www.europesays.com\/fr\/wp-json\/wp\/v2\/posts\/247171\/revisions"}],"wp:featuredmedia":[{"embeddable":true,"href":"https:\/\/www.europesays.com\/fr\/wp-json\/wp\/v2\/media\/247172"}],"wp:attachment":[{"href":"https:\/\/www.europesays.com\/fr\/wp-json\/wp\/v2\/media?parent=247171"}],"wp:term":[{"taxonomy":"category","embeddable":true,"href":"https:\/\/www.europesays.com\/fr\/wp-json\/wp\/v2\/categories?post=247171"},{"taxonomy":"post_tag","embeddable":true,"href":"https:\/\/www.europesays.com\/fr\/wp-json\/wp\/v2\/tags?post=247171"}],"curies":[{"name":"wp","href":"https:\/\/api.w.org\/{rel}","templated":true}]}}