{"id":247173,"date":"2025-07-13T12:54:33","date_gmt":"2025-07-13T12:54:33","guid":{"rendered":"https:\/\/www.europesays.com\/fr\/247173\/"},"modified":"2025-07-13T12:54:33","modified_gmt":"2025-07-13T12:54:33","slug":"wallis-et-futuna-signe-une-performance-historique-avec-13-medailles","status":"publish","type":"post","link":"https:\/\/www.europesays.com\/fr\/247173\/","title":{"rendered":"Wallis et Futuna signe une performance historique avec 13 m\u00e9dailles"},"content":{"rendered":"<p>Performance historique pour Wallis et Futuna aux Mini-Jeux du Pacifique 2025 ! \u00c0 Palau, la d\u00e9l\u00e9gation a fait rayonner le fenua en d\u00e9crochant 13 m\u00e9dailles, soit 7 de plus qu\u2019\u00e0 Saipan en 2022. Une semaine de comp\u00e9tition intense, port\u00e9e par des volleyeurs flamboyants, des rameurs infatigables et des athl\u00e8tes inspir\u00e9s.<\/p>\n<p>Un rendez-vous r\u00e9gional incontournable Tous les quatre ans, les Mini-Jeux du Pacifique rassemblent des milliers d\u2019athl\u00e8tes venus des quatre coins de l\u2019Oc\u00e9anie. Moins m\u00e9diatis\u00e9e que sa grande s\u0153ur \u2013 les Jeux du Pacifique \u2013 cette comp\u00e9tition multisports est pourtant un temps fort pour les territoires insulaires, qui y trouvent l\u2019opportunit\u00e9 d\u2019affirmer leur identit\u00e9 sportive, de pr\u00e9parer la rel\u00e8ve\u2026 et de briller sur la sc\u00e8ne r\u00e9gionale.<\/p>\n<p>En 2025, c\u2019est la R\u00e9publique de Palau, en Micron\u00e9sie, qui a accueilli cet \u00e9v\u00e9nement du 25 juin au 8 juillet.<\/p>\n<p>Au programme : une douzaine de disciplines allant de l\u2019halt\u00e9rophilie au tennis, en passant par le rugby \u00e0 7, l\u2019athl\u00e9tisme ou encore le va\u2019a.<\/p>\n<p>Cette ann\u00e9e, Wallis et Futuna a fait le choix strat\u00e9gique de ne participer qu\u2019\u00e0 <strong>4 disciplines<\/strong> :<\/p>\n<p><strong>Le volleyball indoor, le beach volley, le va\u2019a, et l\u2019athl\u00e9tisme.<\/strong><\/p>\n<p>Un engagement cibl\u00e9 mais ambitieux, avec une d\u00e9l\u00e9gation resserr\u00e9e et jeune, bien d\u00e9cid\u00e9e \u00e0 marquer les esprits. Et c\u2019est exactement ce qu\u2019elle a fait.<\/p>\n<p>\ud83c\udfd0 Volleyball indoor : un retour tonitruant<\/p>\n<p>Les gar\u00e7ons du volley ont domin\u00e9 la comp\u00e9tition de bout en bout : 4 matchs, 4 victoires, aucun set perdu. En finale, ils s\u2019imposent avec autorit\u00e9 face \u00e0 la Papouasie-Nouvelle-Guin\u00e9e (3-0) et offrent \u00e0 Wallis et Futuna la m\u00e9daille d\u2019or. Une victoire \u00e9clatante qui r\u00e9compense un collectif solidaire et ambitieux.<\/p>\n<p>Chez les filles, le parcours a aussi \u00e9t\u00e9 remarquable : apr\u00e8s une victoire contre les Mariannes du Nord (3-0) et une d\u00e9faite contre Tahiti, elles rebondissent pour battre Nauru (3-0) et d\u00e9crochent la m\u00e9daille de bronze face \u00e0 Fidji (3-0). Un podium qui manquait au palmar\u00e8s depuis 1992.<\/p>\n<p>                                    <img class=\"a-article__image lazy libre\" width=\"800\" height=\"450\" data-src=\"https:\/\/www.europesays.com\/fr\/wp-content\/uploads\/2025\/07\/516270991-1151930066954543-1106236091809155751-n-686ea988ddc98165166078.jpg\" style=\"--img-placeholder: url('\/assets\/img\/placeholders\/article-800-450.svg');\" alt=\"MINI-JEUX DU PACIFIQUE 2025 \" aria-hidden=\"true\"\/><\/p>\n<p>                La s\u00e9lection de volley ball de Wallis et Futuna<br \/>\n                     \u2022<br \/>\n                            \u00a9WF la 1\u00e8re<\/p>\n<p>Ces performances sont aussi le fruit du travail de fond engag\u00e9 par la nouvelle \u00e9quipe dirigeante de la ligue de volley-ball. Gr\u00e2ce \u00e0 une meilleure structuration, une organisation rigoureuse et un engagement sans faille, le staff technique a su remettre le volley local sur orbite. Ce r\u00e9sultat n\u2019est pas un hasard : c\u2019est le reflet d\u2019une vision \u00e0 long terme, d\u2019un investissement humain fort et d\u2019une dynamique collective enfin relanc\u00e9e.<\/p>\n<p>\ud83c\udfd6\ufe0f Beach volley : un parcours sans faute jusqu\u2019en demie<\/p>\n<p>La paire Gladys et Tekela a montr\u00e9 un beau niveau tout au long de la phase de poule, encha\u00eenant les victoires contre les Salomon, Palau, puis les Samoa am\u00e9ricaines. En demi-finale, elles tombent face aux Australiennes puis s\u2019inclinent lors de la petite finale contre Guam. Pas de m\u00e9daille, mais une belle aventure et un avenir prometteur pour le beach volley f\u00e9minin.<\/p>\n<p>                                    <img class=\"a-article__image lazy libre\" width=\"800\" height=\"450\" data-src=\"https:\/\/www.europesays.com\/fr\/wp-content\/uploads\/2025\/07\/telechargement-686eab04d6a20928963027.png\" style=\"--img-placeholder: url('\/assets\/img\/placeholders\/article-800-450.svg');\" alt=\"\" aria-hidden=\"true\"\/><\/p>\n<p>                La paire de Beach Volley, Gladys Pressens\u00e9 et Tekela Fiafialoto<br \/>\n                     \u2022<br \/>\n                            \u00a9WF la 1\u00e8re<\/p>\n<p>\ud83d\udef6 Va\u2019a : 5 courses, 5 m\u00e9dailles, la rame ne tremble pas<\/p>\n<p>Le va\u2019a, pilier traditionnel du sport polyn\u00e9sien, a offert un festival de m\u00e9dailles \u00e0 Wallis et Futuna. En individuel, Aymerick Kanimoa s\u2019illustre avec deux m\u00e9dailles d\u2019argent : en V1 16 km et en V1 sprint. Il confirme son potentiel sur longue distance et vitesse, malgr\u00e9 une forte concurrence.<\/p>\n<p>\u00a0\u00a0\u00a0\u00a0\u00a0\u00a0\u00a0\u00a0\u00a0\u00a0\u00a0\u00a0\u00a0\u00a0\u00a0 \u2022\u00a0\u00a0\u00a0\u00a0\u00a0\u00a0\u00a0\u00a0\u00a0\u00a0\u00a0\u00a0 Argent en V6 500 m,<\/p>\n<p>\u00a0\u00a0\u00a0\u00a0\u00a0\u00a0\u00a0\u00a0\u00a0\u00a0\u00a0\u00a0\u00a0\u00a0\u00a0 \u2022\u00a0\u00a0\u00a0\u00a0\u00a0\u00a0\u00a0\u00a0\u00a0\u00a0\u00a0\u00a0 Argent en V6 24 km,<\/p>\n<p>\u00a0\u00a0\u00a0\u00a0\u00a0\u00a0\u00a0\u00a0\u00a0\u00a0\u00a0\u00a0\u00a0\u00a0\u00a0 \u2022\u00a0\u00a0\u00a0\u00a0\u00a0\u00a0\u00a0\u00a0\u00a0\u00a0\u00a0\u00a0 Bronze en V6 1500 m.<\/p>\n<p>Un tripl\u00e9 qui confirme la solidit\u00e9, la technique et l\u2019endurance des rameurs du territoire.<\/p>\n<p>                                    <img class=\"a-article__image lazy libre\" width=\"800\" height=\"450\" data-src=\"https:\/\/www.europesays.com\/fr\/wp-content\/uploads\/2025\/07\/514415370-122129345516805033-1741711943423653683-n-686eadc0796c5880521015.jpg\" style=\"--img-placeholder: url('\/assets\/img\/placeholders\/article-800-450.svg');\" alt=\"\" aria-hidden=\"true\"\/><\/p>\n<p>                Wallis et Futuna sur la 3\u00e8me marche du podium en V6 1500<br \/>\n                     \u2022<br \/>\n                            \u00a9Comit\u00e9 Tauaalo Wallis Futuna <\/p>\n<p>\ud83c\udfc3\u200d\u2642\ufe0f Athl\u00e9tisme : Luka Meissonnier en mode double or<\/p>\n<p>                                    <img class=\"a-article__image lazy libre\" width=\"800\" height=\"450\" data-src=\"https:\/\/www.europesays.com\/fr\/wp-content\/uploads\/2025\/07\/514951767-1149443200536563-7389217027482830981-n-686eaad93d9be754882006.jpg\" style=\"--img-placeholder: url('\/assets\/img\/placeholders\/article-800-450.svg');\" alt=\"\" aria-hidden=\"true\"\/><\/p>\n<p>                Luka Meissonnier, jeune athl\u00e8te de 22 ans<br \/>\n                     \u2022<br \/>\n                            \u00a9WF la 1\u00e8re<\/p>\n<p>Luka a marqu\u00e9 les esprits en remportant deux m\u00e9dailles d&rsquo;or, l&rsquo;une au lancer de poids avec une performance de 16,51 m, et l&rsquo;autre au javelot avec un jet de 50,18 m. Ces r\u00e9ussites renforcent sa position de force et son r\u00f4le d\u00e9terminant au sein de la d\u00e9l\u00e9gation d&rsquo;athl\u00e9tisme sur le territoire.<\/p>\n<p>Il partage le podium avec Stephen Mailagi, qui s&rsquo;illustre \u00e9galement avec une m\u00e9daille d&rsquo;or au lancer de poids, atteignant 18,72 m et une m\u00e9daille d&rsquo;argent au lancer de disque. Et Tapuakitau Lakalaka qui d\u00e9croche deux m\u00e9dailles de bronze au poids et au lancer de disque.<\/p>\n<p><img decoding=\"async\" class=\"Cms-MediaImage_5122425\" src=\"https:\/\/api-back.outremer.francetvinfo.fr\/media_images\/5122425\/preview\/400\/400\/inset\" alt=\"Cms-ContentHasMedia_19925379\" data-delete-callback=\"deleteMediaById(19925379)\" data-chmid=\"19925379\" data-description=\"Stephen Mailagi et Tapuakitau Lakalaka \u00e9galement m\u00e9daill\u00e9s&#10;\" data-credit=\"WF la 1\u00e8re\"\/><\/p>\n<p>\u00a0\u00a0\u00a0\u00a0\u00a0\u00a0\u00a0\u00a0\u00a0\u00a0\u00a0\u00a0\u00a0\u00a0\u00a0 \u2022\u00a0\u00a0\u00a0\u00a0\u00a0\u00a0\u00a0\u00a0\u00a0\u00a0\u00a0\u00a0 \ud83e\udd47 4 m\u00e9dailles d\u2019or<\/p>\n<p>\u00a0\u00a0\u00a0\u00a0\u00a0\u00a0\u00a0\u00a0\u00a0\u00a0\u00a0\u00a0\u00a0\u00a0\u00a0 \u2022\u00a0\u00a0\u00a0\u00a0\u00a0\u00a0\u00a0\u00a0\u00a0\u00a0\u00a0\u00a0 \ud83e\udd48 5 m\u00e9dailles d\u2019argent<\/p>\n<p>\u00a0\u00a0\u00a0\u00a0\u00a0\u00a0\u00a0\u00a0\u00a0\u00a0\u00a0\u00a0\u00a0\u00a0\u00a0 \u2022\u00a0\u00a0\u00a0\u00a0\u00a0\u00a0\u00a0\u00a0\u00a0\u00a0\u00a0\u00a0 \ud83e\udd49 4 m\u00e9dailles de bronze<\/p>\n<p>\u00a0<\/p>\n<p>Avec ce palmar\u00e8s, Wallis et Futuna termine 12e du tableau g\u00e9n\u00e9ral. Un classement plus qu\u2019honorable pour une petite d\u00e9l\u00e9gation, port\u00e9e par des talents passionn\u00e9s et une envie de se d\u00e9passer.<\/p>\n<p>                                    <img class=\"a-article__image lazy libre\" width=\"800\" height=\"450\" data-src=\"https:\/\/www.europesays.com\/fr\/wp-content\/uploads\/2025\/07\/tableau-med-palau-09-07-686eab89288cf161215378.jpg\" style=\"--img-placeholder: url('\/assets\/img\/placeholders\/article-800-450.svg');\" alt=\"MINI-JEUX DU PACIFIQUE 2025 \" aria-hidden=\"true\"\/><\/p>\n<p>                TABLEAU DES MEDAILLES<br \/>\n                     \u2022<br \/>\n                            \u00a9WF la 1\u00e8re<\/p>\n<p>\ud83d\ude4c Une jeunesse port\u00e9e vers l\u2019avenir<\/p>\n<p>Plus qu\u2019un simple bilan comptable, ces Mini-Jeux sont la preuve que Wallis et Futuna mise r\u00e9solument sur sa jeunesse. Dans toutes les disciplines, de jeunes visages ont \u00e9merg\u00e9, port\u00e9s par l\u2019encadrement bienveillant et l\u2019exp\u00e9rience des anciens. Une alliance pr\u00e9cieuse entre transmission et renouveau, qui trace une voie claire : celle d\u2019un territoire qui investit dans l\u2019avenir de son sport.<\/p>\n<p>Du sable au stade, de la pirogue au podium, les athl\u00e8tes du fenua ont tout donn\u00e9. Ces Mini-Jeux marquent un tournant dans l\u2019histoire du sport local, avec une dynamique collective et un soutien populaire in\u00e9branlable.<\/p>\n<p>\u00a0Le rendez-vous est pris pour les Jeux du Pacifique 2027 en Polyn\u00e9sie fran\u00e7aise !<\/p>\n","protected":false},"excerpt":{"rendered":"Performance historique pour Wallis et Futuna aux Mini-Jeux du Pacifique 2025 ! \u00c0 Palau, la d\u00e9l\u00e9gation a fait&hellip;\n","protected":false},"author":2,"featured_media":247174,"comment_status":"","ping_status":"","sticky":false,"template":"","format":"standard","meta":{"footnotes":""},"categories":[1417],"tags":[1011,27,60,1470,1469],"class_list":{"0":"post-247173","1":"post","2":"type-post","3":"status-publish","4":"format-standard","5":"has-post-thumbnail","7":"category-volley","8":"tag-fr","9":"tag-france","10":"tag-sports","11":"tag-volley","12":"tag-volleyball"},"share_on_mastodon":{"url":"https:\/\/pubeurope.com\/@fr\/114846031219364565","error":""},"_links":{"self":[{"href":"https:\/\/www.europesays.com\/fr\/wp-json\/wp\/v2\/posts\/247173","targetHints":{"allow":["GET"]}}],"collection":[{"href":"https:\/\/www.europesays.com\/fr\/wp-json\/wp\/v2\/posts"}],"about":[{"href":"https:\/\/www.europesays.com\/fr\/wp-json\/wp\/v2\/types\/post"}],"author":[{"embeddable":true,"href":"https:\/\/www.europesays.com\/fr\/wp-json\/wp\/v2\/users\/2"}],"replies":[{"embeddable":true,"href":"https:\/\/www.europesays.com\/fr\/wp-json\/wp\/v2\/comments?post=247173"}],"version-history":[{"count":0,"href":"https:\/\/www.europesays.com\/fr\/wp-json\/wp\/v2\/posts\/247173\/revisions"}],"wp:featuredmedia":[{"embeddable":true,"href":"https:\/\/www.europesays.com\/fr\/wp-json\/wp\/v2\/media\/247174"}],"wp:attachment":[{"href":"https:\/\/www.europesays.com\/fr\/wp-json\/wp\/v2\/media?parent=247173"}],"wp:term":[{"taxonomy":"category","embeddable":true,"href":"https:\/\/www.europesays.com\/fr\/wp-json\/wp\/v2\/categories?post=247173"},{"taxonomy":"post_tag","embeddable":true,"href":"https:\/\/www.europesays.com\/fr\/wp-json\/wp\/v2\/tags?post=247173"}],"curies":[{"name":"wp","href":"https:\/\/api.w.org\/{rel}","templated":true}]}}