{"id":247175,"date":"2025-07-13T12:55:16","date_gmt":"2025-07-13T12:55:16","guid":{"rendered":"https:\/\/www.europesays.com\/fr\/247175\/"},"modified":"2025-07-13T12:55:16","modified_gmt":"2025-07-13T12:55:16","slug":"joshua-brennan-aurait-il-merite-un-carton-rouge-contre-les-all-blacks-on-vous-donne-des-elements-de-reponse","status":"publish","type":"post","link":"https:\/\/www.europesays.com\/fr\/247175\/","title":{"rendered":"Joshua Brennan aurait-il m\u00e9rit\u00e9 un carton rouge contre les All-Blacks ? On vous donne des \u00e9l\u00e9ments de r\u00e9ponse !"},"content":{"rendered":"<p>La premi\u00e8re s\u00e9lection de Joshua Brennan avec le XV de France ne s\u2019est pas d\u00e9roul\u00e9e sans turbulences.<\/p>\n<p>Dans une rencontre \u00e0 haute intensit\u00e9 face aux All Blacks, le deuxi\u00e8me ligne toulousain a connu une soir\u00e9e pleine de contrastes, entre frissons et satisfaction personnelle.<\/p>\n<p>\u00c0 la demi-heure de jeu, un plaquage dangereux sur Jordie Barrett aurait pu co\u00fbter bien plus cher. Si les images montrent que l\u2019arri\u00e8re n\u00e9o-z\u00e9landais retombe sur la t\u00eate, la sanction est finalement rest\u00e9e limit\u00e9e \u00e0 un carton jaune.<\/p>\n<p>L\u2019arbitre vid\u00e9o a-t-il estim\u00e9 que le joueur des Blacks en avait rajout\u00e9 au moment de l\u2019impact ? Difficile \u00e0 dire. Toujours est-il que \u00ab\u00a0si on applique le r\u00e8glement \u00e0 la lettre, ce carton aurait \u00e9t\u00e9 m\u00e9rit\u00e9 puisque Jordan Barrett retombe clairement sur la t\u00eate apr\u00e8s le plaquage dangereux\u00a0\u00bb, expliquent certains observateurs.<\/p>\n<p>Un fait de jeu qui aura pes\u00e9 lourd, puisque durant l\u2019inf\u00e9riorit\u00e9 num\u00e9rique caus\u00e9e par l\u2019exclusion temporaire de Brennan, les Fran\u00e7ais ont encaiss\u00e9 deux essais coup sur coup, relan\u00e7ant d\u00e9finitivement les All Blacks dans leur dynamique.<\/p>\n<p>Mais l\u2019histoire ne s\u2019arr\u00eate pas l\u00e0. Alors que la rencontre touchait \u00e0 sa fin, Joshua Brennan a su redonner un souffle d\u2019espoir aux siens, en inscrivant un essai plein de rage et de d\u00e9termination. Une mani\u00e8re id\u00e9ale de conclure cette premi\u00e8re cape mouvement\u00e9e.<\/p>\n<p>Entre sueurs froides et \u00e9clats de lumi\u00e8re, le Toulousain a v\u00e9cu un bapt\u00eame du feu \u00e0 l\u2019image du rugby international : brutal, exigeant, mais terriblement formateur.<\/p>\n","protected":false},"excerpt":{"rendered":"La premi\u00e8re s\u00e9lection de Joshua Brennan avec le XV de France ne s\u2019est pas d\u00e9roul\u00e9e sans turbulences. Dans&hellip;\n","protected":false},"author":2,"featured_media":247176,"comment_status":"","ping_status":"","sticky":false,"template":"","format":"standard","meta":{"footnotes":""},"categories":[1416],"tags":[1011,27,479,1468,60],"class_list":{"0":"post-247175","1":"post","2":"type-post","3":"status-publish","4":"format-standard","5":"has-post-thumbnail","7":"category-rugby","8":"tag-fr","9":"tag-france","10":"tag-rugby","11":"tag-rugby-football","12":"tag-sports"},"share_on_mastodon":{"url":"https:\/\/pubeurope.com\/@fr\/114846035116477477","error":""},"_links":{"self":[{"href":"https:\/\/www.europesays.com\/fr\/wp-json\/wp\/v2\/posts\/247175","targetHints":{"allow":["GET"]}}],"collection":[{"href":"https:\/\/www.europesays.com\/fr\/wp-json\/wp\/v2\/posts"}],"about":[{"href":"https:\/\/www.europesays.com\/fr\/wp-json\/wp\/v2\/types\/post"}],"author":[{"embeddable":true,"href":"https:\/\/www.europesays.com\/fr\/wp-json\/wp\/v2\/users\/2"}],"replies":[{"embeddable":true,"href":"https:\/\/www.europesays.com\/fr\/wp-json\/wp\/v2\/comments?post=247175"}],"version-history":[{"count":0,"href":"https:\/\/www.europesays.com\/fr\/wp-json\/wp\/v2\/posts\/247175\/revisions"}],"wp:featuredmedia":[{"embeddable":true,"href":"https:\/\/www.europesays.com\/fr\/wp-json\/wp\/v2\/media\/247176"}],"wp:attachment":[{"href":"https:\/\/www.europesays.com\/fr\/wp-json\/wp\/v2\/media?parent=247175"}],"wp:term":[{"taxonomy":"category","embeddable":true,"href":"https:\/\/www.europesays.com\/fr\/wp-json\/wp\/v2\/categories?post=247175"},{"taxonomy":"post_tag","embeddable":true,"href":"https:\/\/www.europesays.com\/fr\/wp-json\/wp\/v2\/tags?post=247175"}],"curies":[{"name":"wp","href":"https:\/\/api.w.org\/{rel}","templated":true}]}}