{"id":247177,"date":"2025-07-13T12:56:08","date_gmt":"2025-07-13T12:56:08","guid":{"rendered":"https:\/\/www.europesays.com\/fr\/247177\/"},"modified":"2025-07-13T12:56:08","modified_gmt":"2025-07-13T12:56:08","slug":"swiatek-regle-ses-comptes-avec-la-presse-polonaise-apres-sa-demonstration-en-finale","status":"publish","type":"post","link":"https:\/\/www.europesays.com\/fr\/247177\/","title":{"rendered":"Swiatek r\u00e8gle ses comptes avec la presse polonaise apr\u00e8s sa d\u00e9monstration en finale"},"content":{"rendered":"<p>Victorieuse de Wimbledon samedi, avec un succ\u00e8s en finale contre Amanda Anisimova (6-0, 6-0), Iga Swiatek a ensuite r\u00e9gl\u00e9 ses comptes avec la presse polonaise.<\/p>\n<p>Un sixi\u00e8me titre en Grand Chelem, le plus \u00ab\u00a0inattendu\u00a0\u00bb pour <a href=\"https:\/\/rmcsport.bfmtv.com\/tennis\/wimbledon\/wimbledon-6-0-6-0-en-57-minutes-les-chiffres-fous-du-sacre-de-swiatek_AV-202507120313.html\" title=\"Wimbledon: 6-0 6-0 en 57 minutes, les chiffres fous du sacre de Swiatek\" class=\"internal_link\" rel=\"nofollow noopener\" target=\"_blank\">Iga Swiatek<\/a>. Battue le 5 juin dernier aux portes de la finale de Roland-Garros par <a href=\"https:\/\/rmcsport.bfmtv.com\/tennis\/wimbledon\/wimbledon-elle-m-a-enervee-pourquoi-sabalenka-etait-remontee-contre-anisimova-apres-sa-defaite-en-demies_AV-202507100769.html\" title=\"Wimbledon: &quot;Elle m\u2019a \u00e9nerv\u00e9e&quot;, pourquoi Sabalenka \u00e9tait remont\u00e9e contre Anisimova apr\u00e8s sa d\u00e9faite en demies\" class=\"internal_link\" rel=\"nofollow noopener\" target=\"_blank\">Aryna Sabalenka<\/a>, qui a mis fin \u00e0 trois ans de r\u00e8gne de son adversaire sur la terre battue parisienne, la Polonaise a pris une jolie revanche en d\u00e9crochant Wimbledon pour la premi\u00e8re fois ce samedi.<\/p>\n<p>Swiatek n&rsquo;a laiss\u00e9 aucune chance en finale \u00e0 l&rsquo;Am\u00e9ricaine<a href=\"https:\/\/rmcsport.bfmtv.com\/tennis\/wimbledon\/direct-wimbledon-suivez-la-finale-femmes-entre-iga-swiatek-et-amanda-anisimova-en-live_LN-202507120247.html\" title=\"Wimbledon: Swiatek colle une double bulle \u00e0 Anisimova et remporte son sixi\u00e8me titre du Grand Chelem\" class=\"internal_link\" rel=\"nofollow noopener\" target=\"_blank\"> Amanda Anisimova<\/a> (6-0, 6-0). De quoi apporter une r\u00e9ponse aux critiques apr\u00e8s un d\u00e9but de saison en-dessous de ses standards. \u00ab\u00a0J&rsquo;esp\u00e8re qu&rsquo;ils me laisseront en paix\u201d, a r\u00e9agi Swiatek, r\u00e9glant ses comptes avec la presse. \u00ab\u00a0En tant que figures publiques, en tant que sportifs, on ne peut pas r\u00e9agir \u00e0 tout ce qui est dit sur nous, on doit se concentrer sur nous-m\u00eames. C&rsquo;est plus facile \u00e0 certains moments qu&rsquo;\u00e0 d&rsquo;autres.\u00a0\u00bb<\/p>\n<p>\u00ab\u00a0J&rsquo;ai d\u00e9montr\u00e9 qu&rsquo;on savait ce qu&rsquo;on faisait\u00a0\u00bb<\/p>\n<p>\u00ab\u00a0C&rsquo;est s\u00fbr que ces derniers mois, la fa\u00e7on dont j&rsquo;ai \u00e9t\u00e9 d\u00e9crite dans les m\u00e9dias, et malheureusement les m\u00e9dias polonais en particulier, n&rsquo;\u00e9tait pas tr\u00e8s agr\u00e9able\u00a0\u00bb, a r\u00e9agi Iga Swiatek apr\u00e8s son sacre sur le gazon, une surface sur laquelle elle n&rsquo;avait pas encore vraiment brill\u00e9. \u00ab\u00a0J&rsquo;esp\u00e8re qu&rsquo;ils me laisseront faire mon travail car j&rsquo;ai d\u00e9montr\u00e9 qu&rsquo;on savait ce qu&rsquo;on faisait (avec son \u00e9quipe, NDLR) et que je me suis entour\u00e9e des meilleures personnes. Je sais que les gens veulent toujours plus, mais il s&rsquo;agit de mon parcours, ma vie et ma carri\u00e8re.\u00a0\u00bb<\/p>\n<p>Iga Swiatek est d\u00e9sormais une championne tout-terrain, la seule joueuse en activit\u00e9 sacr\u00e9e sur les trois surfaces en Grand Chelem. \u00ab\u00a0Cela semble compl\u00e8tement irr\u00e9el\u00a0\u00bb, a comment\u00e9 la joueuse de 24 ans, qui va remonter au troisi\u00e8me rang mondial apr\u00e8s Wimbledon.<\/p>\n","protected":false},"excerpt":{"rendered":"Victorieuse de Wimbledon samedi, avec un succ\u00e8s en finale contre Amanda Anisimova (6-0, 6-0), Iga Swiatek a ensuite&hellip;\n","protected":false},"author":2,"featured_media":247178,"comment_status":"","ping_status":"","sticky":false,"template":"","format":"standard","meta":{"footnotes":""},"categories":[1415],"tags":[1011,27,60,1467],"class_list":{"0":"post-247177","1":"post","2":"type-post","3":"status-publish","4":"format-standard","5":"has-post-thumbnail","7":"category-tennis","8":"tag-fr","9":"tag-france","10":"tag-sports","11":"tag-tennis"},"share_on_mastodon":{"url":"https:\/\/pubeurope.com\/@fr\/114846038934984032","error":""},"_links":{"self":[{"href":"https:\/\/www.europesays.com\/fr\/wp-json\/wp\/v2\/posts\/247177","targetHints":{"allow":["GET"]}}],"collection":[{"href":"https:\/\/www.europesays.com\/fr\/wp-json\/wp\/v2\/posts"}],"about":[{"href":"https:\/\/www.europesays.com\/fr\/wp-json\/wp\/v2\/types\/post"}],"author":[{"embeddable":true,"href":"https:\/\/www.europesays.com\/fr\/wp-json\/wp\/v2\/users\/2"}],"replies":[{"embeddable":true,"href":"https:\/\/www.europesays.com\/fr\/wp-json\/wp\/v2\/comments?post=247177"}],"version-history":[{"count":0,"href":"https:\/\/www.europesays.com\/fr\/wp-json\/wp\/v2\/posts\/247177\/revisions"}],"wp:featuredmedia":[{"embeddable":true,"href":"https:\/\/www.europesays.com\/fr\/wp-json\/wp\/v2\/media\/247178"}],"wp:attachment":[{"href":"https:\/\/www.europesays.com\/fr\/wp-json\/wp\/v2\/media?parent=247177"}],"wp:term":[{"taxonomy":"category","embeddable":true,"href":"https:\/\/www.europesays.com\/fr\/wp-json\/wp\/v2\/categories?post=247177"},{"taxonomy":"post_tag","embeddable":true,"href":"https:\/\/www.europesays.com\/fr\/wp-json\/wp\/v2\/tags?post=247177"}],"curies":[{"name":"wp","href":"https:\/\/api.w.org\/{rel}","templated":true}]}}