{"id":247186,"date":"2025-07-13T13:02:10","date_gmt":"2025-07-13T13:02:10","guid":{"rendered":"https:\/\/www.europesays.com\/fr\/247186\/"},"modified":"2025-07-13T13:02:10","modified_gmt":"2025-07-13T13:02:10","slug":"quel-con-tres-emu-gerard-jugnot-revient-sur-la-disparition-de-michel-blanc-qui-la-laisse-un-petit-peu-orphelin","status":"publish","type":"post","link":"https:\/\/www.europesays.com\/fr\/247186\/","title":{"rendered":"\u00ab\u00a0Quel con\u00a0!\u00a0\u00bb\u00a0: tr\u00e8s \u00e9mu, G\u00e9rard Jugnot revient sur la disparition de Michel Blanc qui l\u2019a laiss\u00e9 \u00ab\u00a0un petit peu\u00a0\u00bb orphelin"},"content":{"rendered":"<p class=\"paragraph text_align_left lp-f-body-02\">Neuf mois plus tard, l\u2019\u00e9motion est encore vive. L\u2019acteur G\u00e9rard Jugnot est revenu sur <a href=\"https:\/\/www.leparisien.fr\/culture-loisirs\/cinema\/lacteur-michel-blanc-est-mort-a-lage-de-72-ans-04-10-2024-MU6AIRZD7BHX5BNYNRHSAPGEKI.php\" target=\"_blank\" rel=\"noreferrer nofollow noopener\">la mort de son ami Michel Blanc<\/a> \u00e0 l\u2019occasion d\u2019un entretien accord\u00e9 \u00e0 l\u2019\u00e9mission \u00ab\u00a050\u2033 inside\u00a0\u00bb, diffus\u00e9e ce samedi 12\u00a0juillet sur TF1. La troupe du Splendid a en effet perdu l\u2019un de ses membres en octobre, <a href=\"https:\/\/www.leparisien.fr\/culture-loisirs\/cinema\/mort-de-michel-blanc-mon-pote-mon-frere-mon-partenaire-lhommage-du-monde-de-la-culture-a-lacteur-04-10-2024-GP6BMYJUWBA3BLK4JI5ZEFDERQ.php\" target=\"_blank\" rel=\"noreferrer nofollow noopener\">avec le d\u00e9c\u00e8s du com\u00e9dien de 72\u00a0ans<\/a>, victime d\u2019un choc anaphylactique et un \u0153d\u00e8me de Quincke en marge d\u2019un examen m\u00e9dical. Tr\u00e8s vite, G\u00e9rard Jugnot avait pris la parole sur Instagram en publiant un court message\u00a0: \u00ab\u00a0<a href=\"https:\/\/www.leparisien.fr\/culture-loisirs\/cinema\/obseques-de-michel-blanc-jugnot-balasko-et-tout-le-splendid-attendus-a-leglise-saint-eustache-10-10-2024-ZHWANUFWLRCZTIZ67TLZW3DSPA.php\" target=\"_blank\" rel=\"noreferrer nofollow noopener\">Putain, Michel\u2026<\/a> Qu\u2019est-ce que tu nous as fait\u2026\u00a0\u00bb<\/p>\n<p class=\"paragraph text_align_left lp-f-body-02\">Il a accept\u00e9 de revenir sur la disparition brutale de son ami lors <a href=\"https:\/\/www.leparisien.fr\/culture-loisirs\/tv\/on-lui-a-tendu-des-pieges-en-coulisses-avec-isabelle-ithurburu-avant-son-premier-jt-de-13-heures-13-07-2025-WDKLQ62QVNBDRPDGNWPDPNZ3YI.php\" target=\"_blank\" rel=\"noreferrer nofollow noopener\">d\u2019un entretien avec Isabelle Ithurburu<\/a>. \u00c0 peine son nom avait-il \u00e9t\u00e9 prononc\u00e9 par la journaliste que G\u00e9rard Jugnot a laiss\u00e9 \u00e9chapper un \u00ab\u00a0Quel con\u00a0!\u00a0\u00bb, empreint d\u2019\u00e9motion. \u00ab\u00a0Michel avait un sens du dialogue formidable. Il a toujours \u00e9t\u00e9 un peu \u00e0 part. Il avait vraiment besoin de sa bulle, de son univers. C\u2019\u00e9tait un r\u00e2leur, il se plaignait tout le temps\u00a0\u00bb, a-t-il tout de m\u00eame plaisant\u00e9, avant de confier un \u00e9mouvant souvenir avec <a href=\"https:\/\/www.leparisien.fr\/culture-loisirs\/cinema\/mort-de-michel-blanc-on-a-tous-quelque-chose-de-jean-claude-dusse-04-10-2024-B4PJHQKZDFBKPBGDARKZJEEHKQ.php\" target=\"_blank\" rel=\"nofollow noopener\">celui qui incarnait Jean-Claude Dusse<\/a>.<\/p>\n<p>\u00ab\u00a0C\u2019\u00e9tait quelqu\u2019un qui r\u00e2lait d\u00e8s le d\u00e9part\u00a0\u00bb<\/p>\n<p class=\"paragraph text_align_left lp-f-body-02\">\u00ab\u00a0La derni\u00e8re fois que je l\u2019ai vu ici (au th\u00e9\u00e2tre du Splendid), on faisait les photos pour <a href=\"https:\/\/www.parismatch.com\/culture\/spectacles\/les-retrouvailles-du-splendid-les-coulisses-dune-seance-photo-historique-236843\" target=\"_blank\" rel=\"noreferrer nofollow noopener\">Paris Match<\/a>, il nous a cass\u00e9 les cou***** parce qu\u2019il avait mal aux pieds ou je ne sais quoi, s\u2019est rem\u00e9mor\u00e9 G\u00e9rard Jugnot. Et puis au bout de 5 minutes, on s\u2019est \u00e9clat\u00e9, on a rigol\u00e9, il a dit plein de conneries\u2026 C\u2019\u00e9tait g\u00e9nial. C\u2019\u00e9tait quelqu\u2019un qui r\u00e2lait d\u00e8s le d\u00e9part\u00a0\u00bb. Interrog\u00e9 \u00e0 savoir s\u2019il se sentait un peu \u00ab\u00a0orphelin\u00a0\u00bb depuis la mort de son ami, le com\u00e9dien de 74\u00a0ans est rest\u00e9 tr\u00e8s pudique\u00a0: \u00ab\u00a0Un petit peu\u00a0\u00bb, a-t-il l\u00e2ch\u00e9 du bout des l\u00e8vres \u00e0 Isabelle Ithurburu, les yeux embu\u00e9s et rougis par l\u2019\u00e9motion.<\/p>\n<p class=\"paragraph text_align_left lp-f-body-02\">Avec pour ingr\u00e9dient magique, \u00ab\u00a0la d\u00e9rision\u00a0\u00bb, <a href=\"https:\/\/www.leparisien.fr\/culture-loisirs\/livres\/le-splendid-par-le-splendid-michel-a-recu-le-livre-trois-jours-avant-sa-mort-revele-thierry-lhermitte-17-11-2024-QHG223JKVBBR5FAF6WWH5IFHVE.php\" target=\"_blank\" rel=\"noreferrer nofollow noopener\">les membres du Splendid<\/a> ont toujours su rester unis au travers des d\u00e9cennies\u00a0: \u00ab\u00a0On est tr\u00e8s tr\u00e8s diff\u00e9rents, on ne pense pas du tout la m\u00eame chose sur plein de sujets, mais on avait un d\u00e9nominateur commun qui \u00e9tait la d\u00e9rision, l\u2019observation des gens, le fait de se moquer un peu de nos parents, des gens plus \u00e2g\u00e9s, ou des cons\u2026 Ou de nous-m\u00eames\u00a0!\u00a0\u00bb a insist\u00e9 l\u2019interpr\u00e8te de Bernard <a href=\"https:\/\/www.leparisien.fr\/culture-loisirs\/tv\/mort-de-michel-blanc-tf-1-diffusera-les-bronzes-dimanche-soir-05-10-2024-YY4PD7GEAJBUFEA6YJJ7UVVU2E.php\" target=\"_blank\" rel=\"noreferrer nofollow noopener\">dans \u00ab\u00a0Les Bronz\u00e9s\u00a0\u00bb<\/a>.<\/p>\n<p class=\"title-embed-dailymotion lp-color-text lp-f-subtitle-04\">Vid\u00e9oObs\u00e8ques de Michel Blanc : les fans et les membres du Splendid viennent lui rendre hommage<\/p>\n<p class=\"paragraph text_align_left lp-f-body-02\">\u00ab\u00a0On ne s\u2019est jamais engueul\u00e9s. Sur sc\u00e8ne, il n\u2019y a jamais eu de probl\u00e8me de tirage de couverture. D\u00e8s qu\u2019il y avait un sujet qui f\u00e2che, on l\u2019\u00e9vitait\u00a0\u00bb, a-t-il tout de m\u00eame reconnu.<\/p>\n","protected":false},"excerpt":{"rendered":"Neuf mois plus tard, l\u2019\u00e9motion est encore vive. L\u2019acteur G\u00e9rard Jugnot est revenu sur la mort de son&hellip;\n","protected":false},"author":2,"featured_media":247187,"comment_status":"","ping_status":"","sticky":false,"template":"","format":"standard","meta":{"footnotes":""},"categories":[1359],"tags":[650,872,58,59,1011,27,973],"class_list":{"0":"post-247186","1":"post","2":"type-post","3":"status-publish","4":"format-standard","5":"has-post-thumbnail","7":"category-people","8":"tag-cinema","9":"tag-culture-et-loisirs","10":"tag-divertissement","11":"tag-entertainment","12":"tag-fr","13":"tag-france","14":"tag-people"},"share_on_mastodon":{"url":"https:\/\/pubeurope.com\/@fr\/114846062554455229","error":""},"_links":{"self":[{"href":"https:\/\/www.europesays.com\/fr\/wp-json\/wp\/v2\/posts\/247186","targetHints":{"allow":["GET"]}}],"collection":[{"href":"https:\/\/www.europesays.com\/fr\/wp-json\/wp\/v2\/posts"}],"about":[{"href":"https:\/\/www.europesays.com\/fr\/wp-json\/wp\/v2\/types\/post"}],"author":[{"embeddable":true,"href":"https:\/\/www.europesays.com\/fr\/wp-json\/wp\/v2\/users\/2"}],"replies":[{"embeddable":true,"href":"https:\/\/www.europesays.com\/fr\/wp-json\/wp\/v2\/comments?post=247186"}],"version-history":[{"count":0,"href":"https:\/\/www.europesays.com\/fr\/wp-json\/wp\/v2\/posts\/247186\/revisions"}],"wp:featuredmedia":[{"embeddable":true,"href":"https:\/\/www.europesays.com\/fr\/wp-json\/wp\/v2\/media\/247187"}],"wp:attachment":[{"href":"https:\/\/www.europesays.com\/fr\/wp-json\/wp\/v2\/media?parent=247186"}],"wp:term":[{"taxonomy":"category","embeddable":true,"href":"https:\/\/www.europesays.com\/fr\/wp-json\/wp\/v2\/categories?post=247186"},{"taxonomy":"post_tag","embeddable":true,"href":"https:\/\/www.europesays.com\/fr\/wp-json\/wp\/v2\/tags?post=247186"}],"curies":[{"name":"wp","href":"https:\/\/api.w.org\/{rel}","templated":true}]}}