{"id":247188,"date":"2025-07-13T13:03:16","date_gmt":"2025-07-13T13:03:16","guid":{"rendered":"https:\/\/www.europesays.com\/fr\/247188\/"},"modified":"2025-07-13T13:03:16","modified_gmt":"2025-07-13T13:03:16","slug":"notre-selection-de-beaux-livres-photos-liberation","status":"publish","type":"post","link":"https:\/\/www.europesays.com\/fr\/247188\/","title":{"rendered":"notre s\u00e9lection de beaux livres photos \u2013 Lib\u00e9ration"},"content":{"rendered":"<p class=\"sc-ksZaOG ehjQrN text-element\"><b>A l\u2019occasion des <\/b><a href=\"https:\/\/www.liberation.fr\/dossier\/rencontres-de-la-photographie-arles\/\" target=\"_blank\" rel=\"nofollow noopener\" title=\"https:\/\/www.liberation.fr\/dossier\/rencontres-de-la-photographie-arles\/\"><b>Rencontres de la photographie d\u2019Arles<\/b><\/a><b>, qui se tiennent du 7 juillet au 5 octobre 2025, <\/b><b>Lib\u00e9ration <\/b><b>fait la part belle \u00e0 la photo. Retrouvez le num\u00e9ro sp\u00e9cial \u00abLib\u00e9 des photographes\u00bb en kiosque les 12, 13 et 14 juillet ou <\/b><a href=\"https:\/\/journal.liberation.fr\/?xtatc=INT-44\" target=\"_blank\" rel=\"nofollow noopener\" title=\"https:\/\/journal.liberation.fr\/?xtatc=INT-44\"><b>dans sa version num\u00e9rique<\/b><\/a><b>.<\/b><\/p>\n<p class=\"sc-ksZaOG ehjQrN text-element\">S\u00e9lectionn\u00e9 dans les prix du livre d\u2019auteur, et visible \u00e0 la M\u00e9canique g\u00e9n\u00e9rale \u00e0 Luma Arles, Viewfinders de Matteo Girola est un petit livre intriguant. Recueil de portraits en noir et blanc dans lequel des individus se cachent derri\u00e8re leurs appareils photos, l\u2019ouvrage est n\u00e9 d\u2019une longue recherche \u00e0 travers les \u00abmanuels d\u2019utilisation\u00bb de photographie. Que font ces inconnus avec cet outil bizarre ? Les photographes retournent l\u2019appareil dans tous les sens derri\u00e8re leur viseur. Se pr\u00e9sentant comme des \u00abchercheurs\u00bb de nouvelles \u00abvues\u00bb gr\u00e2ce \u00e0 la manipulation de l\u2019instrument, ils forment une cohorte d\u2019une esp\u00e8ce \u00e0 part, des chasseurs d\u2019images et de dr\u00f4les de curieux aux visages obstru\u00e9s par une machine. <b>C.Me.<\/b><\/p>\n<p class=\"sc-ksZaOG ehjQrN text-element\">S\u00e9lectionn\u00e9 dans le prix du livre d\u2019auteur, Pastoralist Homes retrace vingt ans de travail du photographe allemand Winfried Bullinger. T\u00e9moignage pr\u00e9cieux du patrimoine architectural africain, ce projet fait le portrait des habitations l\u00e9g\u00e8res et d\u00e9montables des pasteurs africains \u2013 tentes, maisons ouvertes et huttes \u2013. Construites \u00e0 partir de mat\u00e9riaux disponibles sur place, du m\u00e9tal, du carton, du bois, des feuillages, ces fragiles maisons sont belles et sans artifice. Echo aux typologies de Bernd et Hilla Becher, le livre est une magnifique archive de ces architectures en voie de disparition menac\u00e9es par les modes de vie modernes. <b>C.Me.<\/b><\/p>\n<p class=\"sc-ksZaOG ehjQrN text-element\">Il y a l\u00e0 Carole et St\u00e9phane devant un stand de chichis et churros \u00e0 Soulac, en Gironde ; Magali et Jacky, plus tout jeunes mais bien d\u00e9cid\u00e9s aussi \u00e0 se la couler douce \u00e0 la Grande-Motte ; le Marseillais Gregory, chemise ouverte sur pecs apparents, un sac Vuitton en bandouli\u00e8re dont on ne saurait garantir l\u2019authenticit\u00e9\u2026 Suivant &#8211; dans le sable bien s\u00fbr \u2013 les traces du tube 70\u2019s de Michel Jonasz, Stephan Gladieu dresse une galerie de portraits &#8211; en pied &#8211; de vacanciers, un si\u00e8cle (et des poussi\u00e8res) apr\u00e8s l\u2019instauration des cong\u00e9s pay\u00e9s. <b>G.R.<\/b><\/p>\n<p class=\"sc-ksZaOG ehjQrN text-element\">On lit Far Spain et on comprend Far West : en bon h\u00e9ritier du noir et blanc argentique, qui finit en l\u2019occurrence d\u2019abolir tout crit\u00e8re temporel, le Fran\u00e7ais Romann Ramshorn retient d\u2019une ruralit\u00e9 torpide, ici, une femme vo\u00fbt\u00e9e, de profil, sur un chemin caillouteux, l\u00e0, une carcasse de voiture gisant sur le flanc devant une maison abandonn\u00e9e\u2026 <b>G.R.<\/b><\/p>\n","protected":false},"excerpt":{"rendered":"A l\u2019occasion des Rencontres de la photographie d\u2019Arles, qui se tiennent du 7 juillet au 5 octobre 2025,&hellip;\n","protected":false},"author":2,"featured_media":247189,"comment_status":"","ping_status":"","sticky":false,"template":"","format":"standard","meta":{"footnotes":""},"categories":[1358],"tags":[1348,1384,1385,1386,58,59,1011,27,37764],"class_list":{"0":"post-247188","1":"post","2":"type-post","3":"status-publish","4":"format-standard","5":"has-post-thumbnail","7":"category-arts-et-design","8":"tag-arts","9":"tag-arts-and-design","10":"tag-arts-et-design","11":"tag-design","12":"tag-divertissement","13":"tag-entertainment","14":"tag-fr","15":"tag-france","16":"tag-rencontres-de-la-photographie-arles"},"share_on_mastodon":{"url":"https:\/\/pubeurope.com\/@fr\/114846066505533875","error":""},"_links":{"self":[{"href":"https:\/\/www.europesays.com\/fr\/wp-json\/wp\/v2\/posts\/247188","targetHints":{"allow":["GET"]}}],"collection":[{"href":"https:\/\/www.europesays.com\/fr\/wp-json\/wp\/v2\/posts"}],"about":[{"href":"https:\/\/www.europesays.com\/fr\/wp-json\/wp\/v2\/types\/post"}],"author":[{"embeddable":true,"href":"https:\/\/www.europesays.com\/fr\/wp-json\/wp\/v2\/users\/2"}],"replies":[{"embeddable":true,"href":"https:\/\/www.europesays.com\/fr\/wp-json\/wp\/v2\/comments?post=247188"}],"version-history":[{"count":0,"href":"https:\/\/www.europesays.com\/fr\/wp-json\/wp\/v2\/posts\/247188\/revisions"}],"wp:featuredmedia":[{"embeddable":true,"href":"https:\/\/www.europesays.com\/fr\/wp-json\/wp\/v2\/media\/247189"}],"wp:attachment":[{"href":"https:\/\/www.europesays.com\/fr\/wp-json\/wp\/v2\/media?parent=247188"}],"wp:term":[{"taxonomy":"category","embeddable":true,"href":"https:\/\/www.europesays.com\/fr\/wp-json\/wp\/v2\/categories?post=247188"},{"taxonomy":"post_tag","embeddable":true,"href":"https:\/\/www.europesays.com\/fr\/wp-json\/wp\/v2\/tags?post=247188"}],"curies":[{"name":"wp","href":"https:\/\/api.w.org\/{rel}","templated":true}]}}