{"id":247198,"date":"2025-07-13T13:08:14","date_gmt":"2025-07-13T13:08:14","guid":{"rendered":"https:\/\/www.europesays.com\/fr\/247198\/"},"modified":"2025-07-13T13:08:14","modified_gmt":"2025-07-13T13:08:14","slug":"36-brebis-mortes-en-trois-semaines-un-eleveur-perd-un-tiers-de-son-cheptel-letat-refuse-de-lindemniser","status":"publish","type":"post","link":"https:\/\/www.europesays.com\/fr\/247198\/","title":{"rendered":"\u00ab\u00a036 brebis mortes en trois semaines\u00a0\u00bb\u00a0: un \u00e9leveur perd un tiers de son cheptel, l\u2019\u00c9tat refuse de l\u2019indemniser"},"content":{"rendered":"<p>\n                                                                    l&rsquo;essentiel<br \/>\n                                                                \u00c0 Foix, vendredi 11\u00a0juillet 2025, une vingtaine d\u2019\u00e9leveurs ont exprim\u00e9 leur solidarit\u00e9 envers Fran\u00e7ois, dont le troupeau de brebis a \u00e9t\u00e9 gravement affect\u00e9 par la fi\u00e8vre catarrhale ovine (FCO). Cet \u00e9leveur \u00e0 Alzen, en Ari\u00e8ge, s\u2019est retrouv\u00e9 priv\u00e9 d\u2019indemnisation malgr\u00e9 la perte d\u2019un tiers de son cheptel.\n                            <\/p>\n<p>Le bras de fer continue. Ce vendredi 11\u00a0juillet 2025, ils\u00a0\u00e9taient une vingtaine d\u2019\u00e9leveurs, regroup\u00e9s en cercle pr\u00e8s du parc de la Pass\u00e9jade, \u00e0 Foix, jour de march\u00e9. Peu enclins \u00e0 s\u2019exposer, ils ont pourtant d\u00e9cid\u00e9 de prendre la parole, m\u00e9gaphone en main, pour exprimer leur soutien \u00e0\u00a0Fran\u00e7ois.\u00a0Cet \u00e9leveur de brebis de 48 ans \u00e0 Alzen, en Ari\u00e8ge, a vu une bonne partie de son b\u00e9tail d\u00e9cim\u00e9 par la fi\u00e8vre catarrhale ovine (FCO).<\/p>\n<p>\u00ab\u00a0Il y a eu 36 morts en trois semaines au pic de l\u2019\u00e9pid\u00e9mie en ao\u00fbt dernier\u00a0\u00bb, t\u00e9moigne-t-il. Pourtant, sa demande d\u2019indemnisation a \u00e9t\u00e9 rejet\u00e9e par les services de l\u2019\u00c9tat, faute de pouvoir fournir la \u00ab\u00a0preuve\u00a0\u00bb administrative exig\u00e9e. \u00ab\u00a0J\u2019ai tous les justificatifs de l\u2019enl\u00e8vement des cadavres sur les trois semaines o\u00f9 \u00e7a s\u2019est d\u00e9roul\u00e9, mais je n\u2019ai pas fait de PCR, un test qui prouve que le virus \u00e9tait pr\u00e9sent dans le troupeau.\u00a0\u00bb<\/p>\n<p>        <img decoding=\"async\" class=\"std-img__img responsive-img\" src=\"https:\/\/www.europesays.com\/fr\/wp-content\/uploads\/2025\/07\/1752412093_209_image.jpg\" alt=\"Dans les rues, les r\u00e9actions sont contrast\u00e9es. Des passants s\u2019arr\u00eatent, \u00e9coutent. Une commer\u00e7ante fronce les sourcils\u00a0: &quot;On ne comprend pas ce que vous dites, \u00e7a ne sert \u00e0 rien.&quot;\"\/><\/p>\n<p>                Dans les rues, les r\u00e9actions sont contrast\u00e9es. Des passants s\u2019arr\u00eatent, \u00e9coutent. Une commer\u00e7ante fronce les sourcils\u00a0: \u00ab\u00a0On ne comprend pas ce que vous dites, \u00e7a ne sert \u00e0 rien.\u00a0\u00bb<br \/>\n                                    DDM &#8211; CR<\/p>\n<p>Sa ferme n\u2019a donc pas \u00e9t\u00e9 reconnue comme impact\u00e9e par la FCO, malgr\u00e9 un bon d\u2019\u00e9quarrissage attestant de la disparition d\u2019un tiers de son cheptel en un temps tr\u00e8s court. \u00ab\u00a0Comment peut-on perdre autant de brebis en trois semaines autrement que par cette maladie\u00a0?\u00a0\u00bb, s\u2019interroge-t-il. \u0152d\u00e8mes, cyanose des muqueuses\u2026 tous les signes cliniques \u00e9taient pr\u00e9sents.<\/p>\n<p>\u00ab\u00a0Quand on vit un carnage, \u00e7a ne vous vient pas \u00e0 l\u2019id\u00e9e de vous dire\u00a0: ah tiens, je vais me munir d\u2019un justificatif pour me faire rembourser\u00a0!\u00a0\u00bb, l\u00e2che-t-il, amer. D\u2019autant plus, ajoute-t-il, que les informations sur les d\u00e9marches \u00e0 suivre sont arriv\u00e9es bien trop tardivement. \u00c0 ses c\u00f4t\u00e9s, un autre \u00e9leveur, indemnis\u00e9 sans disposer de bon d\u2019\u00e9quarrissage, d\u00e9nonce l\u2019arbitraire des crit\u00e8res. \u00ab\u00a0On a le droit \u00e0 une erreur, c\u2019est la m\u00eame chose quand on remplit ses imp\u00f4ts, estime-t-il. C\u2019est totalement injuste\u00a0\u00bb.<\/p>\n<p>\u00ab\u00a0On ne peut plus se contenter de r\u00e9ponses bureaucratiques\u00a0\u00bb<\/p>\n<p>Ce sentiment d\u2019injustice, les \u00e9leveurs ont d\u00e9cid\u00e9 de l\u2019exprimer haut et fort. Tour \u00e0 tour, ils prennent le m\u00e9gaphone et entament une d\u00e9ambulation dans les rues de Foix. Devant la direction d\u00e9partementale des territoires (DDT), une \u00e9leveuse interpelle\u00a0: \u00ab\u00a0On demande \u00e0 \u00eatre re\u00e7us en urgence.\u00a0\u00bb Mais personne ne sort. \u00ab\u00a0On ne peut plus se contenter de r\u00e9ponses bureaucratiques\u00a0\u00bb, insiste Karine, qui estime ne percevoir aucun soutien. Elle rappelle qu\u2019en 2008, la FCO avait d\u00e9j\u00e0 frapp\u00e9 durement. \u00ab\u00a0Qu\u2019est-ce qui a \u00e9t\u00e9 fait depuis\u00a0? Il n\u2019y a pas eu plus d\u2019enqu\u00eates, d\u2019\u00e9tudes \u00e9pid\u00e9miologiques\u2026 aucune transmission d\u2019informations aux \u00e9leveurs.\u00a0\u00bb<\/p>\n<p>        <img decoding=\"async\" class=\"std-img__img responsive-img\" src=\"https:\/\/www.europesays.com\/fr\/wp-content\/uploads\/2025\/07\/1752412094_412_image.jpg\" alt=\"&quot;On demande \u00e0 \u00eatre re\u00e7us en urgence&quot;, crie une \u00e9leveuse au m\u00e9gaphone, mais personne ne sort\u2026\"\/><\/p>\n<p>                \u00ab\u00a0On demande \u00e0 \u00eatre re\u00e7us en urgence\u00a0\u00bb, crie une \u00e9leveuse au m\u00e9gaphone, mais personne ne sort\u2026<br \/>\n                                    DDM &#8211; CR<\/p>\n<p>Lorsque la maladie a refait surface l\u2019an dernier, les exploitants se sont retrouv\u00e9s tout aussi d\u00e9munis. \u00ab\u00a0Il y a au moins quatre variants hyperactifs. Le gouvernement a d\u00e9cid\u00e9, pour calmer les choses, de commander et de fournir des vaccins gratuits sur au moins deux d\u2019entre eux, mais ils ne seront disponibles qu\u2019\u00e0 la mi-juillet. En mati\u00e8re de retard, si on veut \u00eatre cynique, c\u2019est totalement ridicule ce qu\u2019ils font \u00e0 Fran\u00e7ois\u00a0\u00bb, d\u00e9nonce-t-elle.<\/p>\n<p>Dans les rues, les r\u00e9actions sont contrast\u00e9es. Des passants s\u2019arr\u00eatent, \u00e9coutent. Une commer\u00e7ante fronce les sourcils\u00a0: \u00ab\u00a0On ne comprend pas ce que vous dites, \u00e7a ne sert \u00e0 rien.\u00a0\u00bb D\u2019autres manifestent leur agacement face au volume sonore\u2026 Peu importent les avis et malgr\u00e9 la difficult\u00e9 d\u2019\u00eatre \u00e9cout\u00e9 ce vendredi, Fran\u00e7ois ne baissera pas les bras.<\/p>\n<p>De son c\u00f4t\u00e9, la pr\u00e9fecture campe sur ses positions\u00a0: \u00ab\u00a0Pour les \u00e9leveurs n\u2019ayant pas pu produire l\u2019attestation de statut de foyer, il n\u2019est pas possible, par souci d\u2019\u00e9quit\u00e9 et afin d\u2019assurer la correcte justification de la d\u00e9fense budg\u00e9taire, de donner une suite favorable \u00e0 leur demande.\u00a0\u00bb Une information, poursuit la pr\u00e9fecture, \u00e0 plusieurs reprises port\u00e9e \u00e0 la connaissance des \u00e9leveurs, par le groupement sanitaire d\u00e9partemental (GDS), l\u2019\u00c9tat ou encore les organisations professionnelles agricoles.<\/p>\n<p>Pour rappel, en Ari\u00e8ge, 2\u00a0millions d\u2019euros vont \u00eatre vers\u00e9s \u00e0 plus de 250 \u00e9leveurs pour les indemniser des d\u00e9g\u00e2ts caus\u00e9s par la FCO dans leurs cheptels.<\/p>\n","protected":false},"excerpt":{"rendered":"l&rsquo;essentiel \u00c0 Foix, vendredi 11\u00a0juillet 2025, une vingtaine d\u2019\u00e9leveurs ont exprim\u00e9 leur solidarit\u00e9 envers Fran\u00e7ois, dont le troupeau&hellip;\n","protected":false},"author":2,"featured_media":247199,"comment_status":"","ping_status":"","sticky":false,"template":"","format":"standard","meta":{"footnotes":""},"categories":[10],"tags":[1011,27,72,71],"class_list":{"0":"post-247198","1":"post","2":"type-post","3":"status-publish","4":"format-standard","5":"has-post-thumbnail","7":"category-sante","8":"tag-fr","9":"tag-france","10":"tag-health","11":"tag-sante"},"share_on_mastodon":{"url":"https:\/\/pubeurope.com\/@fr\/114846086256925060","error":""},"_links":{"self":[{"href":"https:\/\/www.europesays.com\/fr\/wp-json\/wp\/v2\/posts\/247198","targetHints":{"allow":["GET"]}}],"collection":[{"href":"https:\/\/www.europesays.com\/fr\/wp-json\/wp\/v2\/posts"}],"about":[{"href":"https:\/\/www.europesays.com\/fr\/wp-json\/wp\/v2\/types\/post"}],"author":[{"embeddable":true,"href":"https:\/\/www.europesays.com\/fr\/wp-json\/wp\/v2\/users\/2"}],"replies":[{"embeddable":true,"href":"https:\/\/www.europesays.com\/fr\/wp-json\/wp\/v2\/comments?post=247198"}],"version-history":[{"count":0,"href":"https:\/\/www.europesays.com\/fr\/wp-json\/wp\/v2\/posts\/247198\/revisions"}],"wp:featuredmedia":[{"embeddable":true,"href":"https:\/\/www.europesays.com\/fr\/wp-json\/wp\/v2\/media\/247199"}],"wp:attachment":[{"href":"https:\/\/www.europesays.com\/fr\/wp-json\/wp\/v2\/media?parent=247198"}],"wp:term":[{"taxonomy":"category","embeddable":true,"href":"https:\/\/www.europesays.com\/fr\/wp-json\/wp\/v2\/categories?post=247198"},{"taxonomy":"post_tag","embeddable":true,"href":"https:\/\/www.europesays.com\/fr\/wp-json\/wp\/v2\/tags?post=247198"}],"curies":[{"name":"wp","href":"https:\/\/api.w.org\/{rel}","templated":true}]}}