{"id":247206,"date":"2025-07-13T13:12:10","date_gmt":"2025-07-13T13:12:10","guid":{"rendered":"https:\/\/www.europesays.com\/fr\/247206\/"},"modified":"2025-07-13T13:12:10","modified_gmt":"2025-07-13T13:12:10","slug":"pour-le-chef-detat-major-espagnol-le-f-35-est-un-chasseur-bombardier-qui-fait-la-difference","status":"publish","type":"post","link":"https:\/\/www.europesays.com\/fr\/247206\/","title":{"rendered":"Pour le chef d&rsquo;\u00e9tat-major espagnol, le F-35 est un chasseur-bombardier qui \u00ab\u00a0fait la diff\u00e9rence\u00a0\u00bb"},"content":{"rendered":"<p><img fetchpriority=\"high\" decoding=\"async\" src=\"https:\/\/www.europesays.com\/fr\/wp-content\/uploads\/2025\/07\/f35b-20220914.jpg\" alt=\"\" width=\"600\" height=\"371\" class=\"alignnone size-full wp-image-67536\"  \/><\/p>\n<p>En octobre 2023, le commandant de l\u2019aviation navale espagnole [Flotilla de Aeronaves, FLOAN], le capitaine de vaisseau Jos\u00e9 Emilio Regod\u00f3n G\u00f3mez, avait dit souhaiter une \u00ab\u00a0d\u00e9cision rapide\u00a0\u00bbau sujet du remplacement des treize chasseurs-bombardiers embarqu\u00e9s EAV-8B Harrier II [ou \u00ab\u00a0Matador\u00a0\u00bb] qui, de type STOVL [\u00e0 d\u00e9collage court et \u00e0 atterrissage vertical], sont mis en \u0153uvre par la 9e \u00ab\u00a0Escuadrilla de aeronaves\u00a0\u00bb depuis le navire d\u2019assaut amphibie Juan Carlos I. <\/p>\n<p>Le dossier est important car il sera de plus en plus compliqu\u00e9 de maintenir ces EAV-8B Harrier II en \u00e9tat de vol dans les ann\u00e9es \u00e0 venir, la FLOAN devant \u00eatre la derni\u00e8re \u00e0 en disposer, l\u2019US Marine Corps et la Marina Militare \u00e9tant en train de remplacer les leurs par des F-35B. L\u2019un des d\u00e9fis consistera \u00e0 trouver des pi\u00e8ces d\u00e9tach\u00e9es\u2026 ce qui ne sera pas une mince affaire. <\/p>\n<p>\u00ab\u00a0Peu importe de disposer de 99,99 % des pi\u00e8ces n\u00e9cessaires car si, pour une raison quelconque, il en faut une parmi les 0,01 % manquantes, l\u2019avion ne pourra pas voler\u00a0\u00bb, avait d\u2019ailleurs soulign\u00e9 le commandant de la FLOAN, en mai 2023. <\/p>\n<p>Or, la marine espagnole entend conserver ses capacit\u00e9s a\u00e9ronavales, voire les accro\u00eetre \u00e9tant donn\u00e9 que Navantia a r\u00e9cemment \u00e9t\u00e9 charg\u00e9 de mener une \u00e9tude de faisabilit\u00e9 en vue de construire un porte-avions similaire au \u00ab\u00a0Charles de Gaulle\u00a0\u00bb, mais \u00e0 propulsion classique. Une coop\u00e9ration avec la Turquie pourrait \u00eatre scell\u00e9e \u00e0 cette fin. <\/p>\n<p>De son c\u00f4t\u00e9, l\u2019Ej\u00e9rcito del Aire y del Espacio ne fait gu\u00e8re myst\u00e8re de son int\u00e9r\u00eat pour le F-35A [la version classique du chasseur-bombardier de Lockheed Martin]. Et elle souhaiterait en acqu\u00e9rir une vingtaine d\u2019exemplaires, afin de remplacer une partie de ses anciens F\/A-18 Hornet de conception am\u00e9ricaine. <\/p>\n<p>\u00ab\u00a0L\u2019Espagne aurait pu r\u00e9affirmer son int\u00e9r\u00eat pour le chasseur de cinqui\u00e8me g\u00e9n\u00e9ration F-35 Lightning II pour un \u00e9ventuel remplacement d\u2019une partie des EF-18 et des AV-8B Harrier II\u00a0\u00bb, avait d\u2019ailleurs avanc\u00e9 la \u00ab\u00a0Revista Aeron\u00e1utica y Astron\u00e1utica\u00a0\u00bb, la revue officielle de la force a\u00e9rienne espagnole, en 2024. <\/p>\n<p>Seulement, le gouvernement espagnol, dirig\u00e9 par Pedro Sanchez [PSOE], fait la sourde oreille, pr\u00e9f\u00e9rant mettre l\u2019accent sur l\u2019achat d\u2019Eurofighter EF2000\/Typhoon suppl\u00e9mentaires dans le cadre du programme Halc\u00f3n ainsi que sur le projet SCAF [Syst\u00e8me de combat a\u00e9rien du futur], men\u00e9 en coop\u00e9ration avec la France et l\u2019Allemagne. <\/p>\n<p>Justement, alors que le SCAF, en particulier sur son volet \u00ab\u00a0avion de combat\u00a0\u00bb, fait de nouveau l\u2019objet d\u2019un bras de fer entre Paris et Berlin au sujet de sa gouvernance, le chef d\u2019\u00e9tat-major des forces espagnoles [JEMAD], l\u2019amiral Teodoro Esteban L\u00f3pez Calder\u00f3n, a subtilement plaid\u00e9 la cause du F-35, lors d\u2019une intervention devant le Nueva Economia F\u00f3rum, cette semaine. <\/p>\n<\/p>\n<p>Selon ses propos, <a href=\"https:\/\/www.infodefensa.com\/texto-diario\/mostrar\/5361054\/jemad-sobre-futuro-cazas-armada-hay-alternativas-f-35\" rel=\"nofollow noopener\" target=\"_blank\">rapport\u00e9s<\/a> par le site sp\u00e9cialis\u00e9 espagnol InfoDefensa, l\u2019amiral Calder\u00f3n a clairement indiqu\u00e9 que \u00ab\u00a0le F-35 fait la diff\u00e9rence\u00a0\u00bb. Ainsi, a-t-il dit, \u00ab\u00a0nous n\u2019avons \u00e9videmment pas d\u2019autre solution pour un avion de cinqui\u00e8me g\u00e9n\u00e9ration dot\u00e9 d\u2019une technologie furtive vraiment avanc\u00e9e. C\u2019est la r\u00e9alit\u00e9\u00a0\u00bb. <\/p>\n<p>Si l\u2019Espagne n\u2019ach\u00e8te pas de F-35, alors \u00ab\u00a0nous devrons faire avec les avions de quatri\u00e8me g\u00e9n\u00e9ration dont nous disposons et attendre l\u2019arriv\u00e9e du SCAF un jour\u00a0\u00bb, a poursuivi le JEMAD. \u00ab\u00a0Le probl\u00e8me, c\u2019est que nous devrons attendre de nombreuses ann\u00e9es\u00a0\u00bb, a-t-il insist\u00e9. <\/p>\n<p>Pour autant, a-t-il continu\u00e9, \u00ab\u00a0cela ne veut pas dire que nous manquerons d\u2019avions. Mais nous ne disposerons pas de la technologie furtive qui s\u2019av\u00e8re extr\u00eamement utile dans certains conflits actuels\u00a0\u00bb, a-t-il conclu. <\/p>\n","protected":false},"excerpt":{"rendered":"En octobre 2023, le commandant de l\u2019aviation navale espagnole [Flotilla de Aeronaves, FLOAN], le capitaine de vaisseau Jos\u00e9&hellip;\n","protected":false},"author":2,"featured_media":247207,"comment_status":"","ping_status":"","sticky":false,"template":"","format":"standard","meta":{"footnotes":""},"categories":[6],"tags":[38488,38765,35,33,34,38766,123,21858,38767,1011,27,38768,38769,1332,29284],"class_list":{"0":"post-247206","1":"post","2":"type-post","3":"status-publish","4":"format-standard","5":"has-post-thumbnail","7":"category-economie","8":"tag-aeronavale","9":"tag-amiral-calderon","10":"tag-business","11":"tag-economie","12":"tag-economy","13":"tag-ejercito-del-aire-y-del-espacio","14":"tag-espagne","15":"tag-f-35","16":"tag-floan","17":"tag-fr","18":"tag-france","19":"tag-harrier-ii","20":"tag-jemad","21":"tag-lockheed-martin","22":"tag-scaf"},"share_on_mastodon":{"url":"https:\/\/pubeurope.com\/@fr\/114846101963690641","error":""},"_links":{"self":[{"href":"https:\/\/www.europesays.com\/fr\/wp-json\/wp\/v2\/posts\/247206","targetHints":{"allow":["GET"]}}],"collection":[{"href":"https:\/\/www.europesays.com\/fr\/wp-json\/wp\/v2\/posts"}],"about":[{"href":"https:\/\/www.europesays.com\/fr\/wp-json\/wp\/v2\/types\/post"}],"author":[{"embeddable":true,"href":"https:\/\/www.europesays.com\/fr\/wp-json\/wp\/v2\/users\/2"}],"replies":[{"embeddable":true,"href":"https:\/\/www.europesays.com\/fr\/wp-json\/wp\/v2\/comments?post=247206"}],"version-history":[{"count":0,"href":"https:\/\/www.europesays.com\/fr\/wp-json\/wp\/v2\/posts\/247206\/revisions"}],"wp:featuredmedia":[{"embeddable":true,"href":"https:\/\/www.europesays.com\/fr\/wp-json\/wp\/v2\/media\/247207"}],"wp:attachment":[{"href":"https:\/\/www.europesays.com\/fr\/wp-json\/wp\/v2\/media?parent=247206"}],"wp:term":[{"taxonomy":"category","embeddable":true,"href":"https:\/\/www.europesays.com\/fr\/wp-json\/wp\/v2\/categories?post=247206"},{"taxonomy":"post_tag","embeddable":true,"href":"https:\/\/www.europesays.com\/fr\/wp-json\/wp\/v2\/tags?post=247206"}],"curies":[{"name":"wp","href":"https:\/\/api.w.org\/{rel}","templated":true}]}}