{"id":247211,"date":"2025-07-13T13:15:12","date_gmt":"2025-07-13T13:15:12","guid":{"rendered":"https:\/\/www.europesays.com\/fr\/247211\/"},"modified":"2025-07-13T13:15:12","modified_gmt":"2025-07-13T13:15:12","slug":"eric-zemmour-en-accordant-le-statut-de-refugie-a-tous-les-gazaouis-la-cour-nationale-du-droit-dasile-ignore-la-souverainete-populaire-le-figaro","status":"publish","type":"post","link":"https:\/\/www.europesays.com\/fr\/247211\/","title":{"rendered":"\u00c9ric Zemmour : \u00abEn accordant le statut de r\u00e9fugi\u00e9 \u00e0 tous les Gazaouis, la Cour nationale du droit d\u2019asile ignore la souverainet\u00e9 populaire\u00bb &#8211; Le Figaro"},"content":{"rendered":"<ol>\n<li><a href=\"https:\/\/news.google.com\/rss\/articles\/CBMiiAJBVV95cUxPa2JNSjh1Wkl2d2J6QmFFemk3RDJZbGJsVjNHaXQ0REMyZzdjYVhCRXhoa1JGSjNrLWFaczBtLWtUYmhhY0ZEdG5WLXR6YXE1Vm50WGRLdUNVSy1ZbzJMZ2o4LXQwMGtTLXZpYjVmakh4V3lSWTRvQmc2NDZkZy1UY2Z3WUd1Wk4xQ19yVWpxR0RsVmRCOUxJZnVDVHBibktPSEFET0gyd3hsZExzS29UVlA2eUh4NW1ydzdWY1Q2ZXI3d0xVWGwxUGFadGpSMXQyNGZUQldkOGlzbkF2OWh5akdzZXBEdzQxcUdIYzJZNDRlekNodGUzNXFrd2ZmZS1uaUI0a2NWWVA?oc=5\" target=\"_blank\" rel=\"noopener\">\u00c9ric Zemmour : \u00abEn accordant le statut de r\u00e9fugi\u00e9 \u00e0 tous les Gazaouis, la Cour nationale du droit d\u2019asile ignore la souverainet\u00e9 populaire\u00bb<\/a>&nbsp;&nbsp;Le Figaro<\/li>\n<li><a href=\"https:\/\/news.google.com\/rss\/articles\/CBMiswJBVV95cUxQaFJPc0oxS05DV1lYaDllb1Z0aWEwOGU4SUNGbTE5VTJpR1dlcDJxT1hFV1dLM1gzMnFTdGxRN2NOU0p3c3hEWWgxQkd2X211OHVTTloyNG9Takw5SHNxOTJYaFlPSGI4RHZ4aHpYbWlIQ1dWSkdtckp5dlhtTnNBbHZjRUppNGZiVV9wTEFxWVlFdWJabGQ4V2ZqazM4TV9PZGFlemREWXF3Z2plWkNYRUF3c2hSemcxNUx1NTBBRHN4bERqODNGWEFPakNHUVVPaUQ3NjhNbGZoSDBlMWpuNFdnUXhfckhQeUdINnF6MnEzSmlQZTlucXV4dHJjSWpPUFZPQVZnRmxkT2RYbjIzb1JEaVU0alh3NmVmT1UxN0YzNGQtN2g3XzhQQ1JBSGNfUktZ?oc=5\" target=\"_blank\" rel=\"noopener\">Une Gazaouie obtient le statut de r\u00e9fugi\u00e9e en France en raison des \u00ab pers\u00e9cutions \u00bb de l\u2019arm\u00e9e isra\u00e9lienne \u00e0 l\u2019encontre des Palestiniens<\/a>&nbsp;&nbsp;Le Monde.fr<\/li>\n<li><a href=\"https:\/\/news.google.com\/rss\/articles\/CBMi3gFBVV95cUxNY2hFcW5lbXdxMnkxb2NnYm04SURRckFkOWg4c3M2MzQxcTNmSmdRaGh0bTR2MUt2cEJvRk80ZkcyRWw4bnlJaDM1eENTZF8xRk5qR3Zwa0lBUjhud0JyeHIzeFFFUkxjWF9tR05xRGJIMFhnOU4xVTFKMWIySElzcTJzdlJBbGZJMkQ5MEFVaFhYdHB3VTNDM1dyZ24wc1ZsU2s5MjFBN2ZhZEk3T2QyLTQwVVdQb2hOazlPZUQyNGRRN08xQy1GbDg3QWhkbHVkc0dBMjZLbkJFLWlmSUE?oc=5\" target=\"_blank\" rel=\"noopener\">France: une Palestinienne de Gaza obtient le statut de r\u00e9fugi\u00e9e au motif de sa \u00abnationalit\u00e9\u00bb<\/a>&nbsp;&nbsp;RFI<\/li>\n<li><a href=\"https:\/\/news.google.com\/rss\/articles\/CBMivgFBVV95cUxOWmpVclZhVlBodk9WN1FtRVJhem12ekFhdzQxdzd1Umd3V1dZUzlXYXJQWXhGNDRnYmYyYXpZTFdLSi0za25jQzFyeF9KNWNubFkwMk9nQ0lNQmFudTl4TW1mem1vM0dyZ1pmY0FqT2NOZTRCaU9UajJLODNoZzU3eWJYamNMNmEwZlNyeEVSSDVMRTc3ZnR0cVNfdDNfQzhoU3pWWEw2am1leXBGN0tOdHZKYzVLeGJGeGJ6T1VR?oc=5\" target=\"_blank\" rel=\"noopener\">En France, les exil\u00e9s gazaouis pourront tous pr\u00e9tendre au statut de r\u00e9fugi\u00e9<\/a>&nbsp;&nbsp;Mediapart<\/li>\n<li><a href=\"https:\/\/news.google.com\/rss\/articles\/CBMi3gFBVV95cUxQRTA3dVlERjFuTEExQlhqM0R2ZWRQWG1ZMnlSYmtLYzBDWEVmaVlSTU9yOEd4WG9rVjNiaUMwc3FKYzRuV2VSVUgwUGNQdFN6NzNjWFpycFZNMS12cDhQZjJ2ejFRLThQS3p1YUlWVWtrV2lUcHFQNkdWakFiUG9tTmszM2ZNc0JOREh3ajltcUZsejhwaUtoOHY5bnFYY2I5eTJMWFRDTWZKRVB0TUU5SUF2UkJ5ZWJLYW8yZWlpaGxBaXhaMHI3QjZfZGVpa3dTYWVTRXRGSmxrZGE4WEE?oc=5\" target=\"_blank\" rel=\"noopener\">Pour la premi\u00e8re fois, la France \u00e9tend l\u2019acc\u00e8s au statut de \u00ab r\u00e9fugi\u00e9 \u00bb pour les Palestiniens<\/a>&nbsp;&nbsp;Le HuffPost<\/li>\n<\/ol>\n","protected":false},"excerpt":{"rendered":"\u00c9ric Zemmour : \u00abEn accordant le statut de r\u00e9fugi\u00e9 \u00e0 tous les Gazaouis, la Cour nationale du droit&hellip;\n","protected":false},"author":2,"featured_media":247212,"comment_status":"","ping_status":"","sticky":false,"template":"","format":"standard","meta":{"footnotes":""},"categories":[2],"tags":[11,34267,1011,27,665,12],"class_list":{"0":"post-247211","1":"post","2":"type-post","3":"status-publish","4":"format-standard","5":"has-post-thumbnail","7":"category-actualites","8":"tag-actualites","9":"tag-droit-dasile","10":"tag-fr","11":"tag-france","12":"tag-gaza","13":"tag-news"},"share_on_mastodon":{"url":"https:\/\/pubeurope.com\/@fr\/114846113629927981","error":""},"_links":{"self":[{"href":"https:\/\/www.europesays.com\/fr\/wp-json\/wp\/v2\/posts\/247211","targetHints":{"allow":["GET"]}}],"collection":[{"href":"https:\/\/www.europesays.com\/fr\/wp-json\/wp\/v2\/posts"}],"about":[{"href":"https:\/\/www.europesays.com\/fr\/wp-json\/wp\/v2\/types\/post"}],"author":[{"embeddable":true,"href":"https:\/\/www.europesays.com\/fr\/wp-json\/wp\/v2\/users\/2"}],"replies":[{"embeddable":true,"href":"https:\/\/www.europesays.com\/fr\/wp-json\/wp\/v2\/comments?post=247211"}],"version-history":[{"count":0,"href":"https:\/\/www.europesays.com\/fr\/wp-json\/wp\/v2\/posts\/247211\/revisions"}],"wp:featuredmedia":[{"embeddable":true,"href":"https:\/\/www.europesays.com\/fr\/wp-json\/wp\/v2\/media\/247212"}],"wp:attachment":[{"href":"https:\/\/www.europesays.com\/fr\/wp-json\/wp\/v2\/media?parent=247211"}],"wp:term":[{"taxonomy":"category","embeddable":true,"href":"https:\/\/www.europesays.com\/fr\/wp-json\/wp\/v2\/categories?post=247211"},{"taxonomy":"post_tag","embeddable":true,"href":"https:\/\/www.europesays.com\/fr\/wp-json\/wp\/v2\/tags?post=247211"}],"curies":[{"name":"wp","href":"https:\/\/api.w.org\/{rel}","templated":true}]}}