{"id":247215,"date":"2025-07-13T13:18:18","date_gmt":"2025-07-13T13:18:18","guid":{"rendered":"https:\/\/www.europesays.com\/fr\/247215\/"},"modified":"2025-07-13T13:18:18","modified_gmt":"2025-07-13T13:18:18","slug":"saint-max-les-epoux-ballerey-celebrent-leurs-noces-de-diamant","status":"publish","type":"post","link":"https:\/\/www.europesays.com\/fr\/247215\/","title":{"rendered":"Saint-Max. Les \u00e9poux Ballerey c\u00e9l\u00e8brent leurs noces de diamant"},"content":{"rendered":"<p>Ce samedi 12\u00a0juillet, \u00c9ric Pensalfini et son adjointe Christine Hinsinger ont c\u00e9l\u00e9br\u00e9 les noces de diamant de Monique et Rolland Ballerey.<\/p>\n<p>Huguette, s\u0153ur de Rolland et Danielle Buzenet, amie, jouaient le r\u00f4le de t\u00e9moins.<\/p>\n<p>En juillet\u00a01965, Rolland, n\u00e9 en 1944, en C\u00f4te-d\u2019Or, et Monique, n\u00e9e Dorion en 1945, \u00e0 Saint-Max, s\u2019unissaient \u00e0 Saint-Max.<\/p>\n<p>\u00c0 l\u2019issue de la c\u00e9r\u00e9monie, ils sont all\u00e9s f\u00eater cet anniversaire au restaurant avec leurs proches et leurs amis.<\/p>\n<p>Toutes nos f\u00e9licitations.<\/p>\n","protected":false},"excerpt":{"rendered":"Ce samedi 12\u00a0juillet, \u00c9ric Pensalfini et son adjointe Christine Hinsinger ont c\u00e9l\u00e9br\u00e9 les noces de diamant de Monique&hellip;\n","protected":false},"author":2,"featured_media":247216,"comment_status":"","ping_status":"","sticky":false,"template":"","format":"standard","meta":{"footnotes":""},"categories":[9635],"tags":[1111,11,7476,9223,1704,1777,674,1011,27,775,1930,11260,1702,12,25,16937,104],"class_list":{"0":"post-247215","1":"post","2":"type-post","3":"status-publish","4":"format-standard","5":"has-post-thumbnail","7":"category-nancy","8":"tag-actu","9":"tag-actualites","10":"tag-anniversaires","11":"tag-carnet-du-jour","12":"tag-edition-nancy-et-agglomeration","13":"tag-eu","14":"tag-europe","15":"tag-fr","16":"tag-france","17":"tag-grand-est","18":"tag-mariage","19":"tag-metropole-du-grand-nancy-54b4","20":"tag-nancy","21":"tag-news","22":"tag-republique-francaise","23":"tag-saint-max","24":"tag-societe"},"share_on_mastodon":{"url":"https:\/\/pubeurope.com\/@fr\/114846125524797627","error":""},"_links":{"self":[{"href":"https:\/\/www.europesays.com\/fr\/wp-json\/wp\/v2\/posts\/247215","targetHints":{"allow":["GET"]}}],"collection":[{"href":"https:\/\/www.europesays.com\/fr\/wp-json\/wp\/v2\/posts"}],"about":[{"href":"https:\/\/www.europesays.com\/fr\/wp-json\/wp\/v2\/types\/post"}],"author":[{"embeddable":true,"href":"https:\/\/www.europesays.com\/fr\/wp-json\/wp\/v2\/users\/2"}],"replies":[{"embeddable":true,"href":"https:\/\/www.europesays.com\/fr\/wp-json\/wp\/v2\/comments?post=247215"}],"version-history":[{"count":0,"href":"https:\/\/www.europesays.com\/fr\/wp-json\/wp\/v2\/posts\/247215\/revisions"}],"wp:featuredmedia":[{"embeddable":true,"href":"https:\/\/www.europesays.com\/fr\/wp-json\/wp\/v2\/media\/247216"}],"wp:attachment":[{"href":"https:\/\/www.europesays.com\/fr\/wp-json\/wp\/v2\/media?parent=247215"}],"wp:term":[{"taxonomy":"category","embeddable":true,"href":"https:\/\/www.europesays.com\/fr\/wp-json\/wp\/v2\/categories?post=247215"},{"taxonomy":"post_tag","embeddable":true,"href":"https:\/\/www.europesays.com\/fr\/wp-json\/wp\/v2\/tags?post=247215"}],"curies":[{"name":"wp","href":"https:\/\/api.w.org\/{rel}","templated":true}]}}