{"id":247219,"date":"2025-07-13T13:20:10","date_gmt":"2025-07-13T13:20:10","guid":{"rendered":"https:\/\/www.europesays.com\/fr\/247219\/"},"modified":"2025-07-13T13:20:10","modified_gmt":"2025-07-13T13:20:10","slug":"il-y-a-19-ans-un-retraite-disparaissait-mysterieusement-a-la-garde-a-t-il-croise-la-route-dun-tueur-en-serie","status":"publish","type":"post","link":"https:\/\/www.europesays.com\/fr\/247219\/","title":{"rendered":"Il y a 19 ans, un retrait\u00e9 disparaissait myst\u00e9rieusement \u00e0 La Garde: a-t-il crois\u00e9 la route d&rsquo;un tueur en s\u00e9rie?"},"content":{"rendered":"<p><strong>La Garde, f\u00e9vrier 2006<\/strong>. A cent m\u00e8tres du commissariat de police, un homme, Sauveur Rappa, 64 ans, s&rsquo;est volatilis\u00e9. Entre les murs gris de la cit\u00e9 Romain-Rolland, ce retrait\u00e9 modeste est devenu un fant\u00f4me. Celui qui n&rsquo;est jamais revenu, celui qui n&rsquo;est jamais revenu dans son appartement situ\u00e9 au milieu des tours presque oppressantes du quartier. <\/p>\n<p>Sauveur s&rsquo;est \u00e9vanoui\u00a0comme une ombre, entre le 31 janvier et le 3 f\u00e9vrier 2006. Ce jour-l\u00e0, la femme de m\u00e9nage a d\u00e9couvert un appartement vide. Monsieur Rappa n&rsquo;\u00e9tait pas juste absent, il n&rsquo;a plus jamais donn\u00e9 signe de vie; laissant sa famille dans un doute perp\u00e9tuel.<\/p>\n<p>Une enqu\u00eate d\u00e9clench\u00e9e trois semaines apr\u00e8s<\/p>\n<p>Entre ses immeubles aux allures de sentinelles muettes veillant sur un lourd secret, la disparition du sexag\u00e9naire \u00ab\u00a0gentil\u00a0\u00bb, servi et au sacr\u00e9 caract\u00e8re ne fait parler que les souvenirs des anciens. Mais sa famille n&rsquo;a pas oubli\u00e9 l&rsquo;absence et le manque d&rsquo;int\u00e9r\u00eat de la justice pour tenter de retrouver un homme, un \u00eatre humain.\u00a0<\/p>\n<p>Sans la mobilisation de la famille lors de manifestations, de campagnes d&rsquo;affichage du portrait de Sauveur Rappa dans les rues de La Garde ou l&rsquo;appel aux journalistes pour m\u00e9diatiser leur d\u00e9sespoir, le dossier serait sans doute rest\u00e9 au point mort. Ce n&rsquo;\u00e9tait que la <strong>disparition volontaire d&rsquo;une personne majeure<\/strong>: affaire suivante. Affaire class\u00e9e.\u00a0<\/p>\n<p>L\u2019enqu\u00eate d\u00e9clench\u00e9e tardivement le 21 f\u00e9vrier 2006 s&rsquo;est toutefois \u00e9teinte comme une flamme fragile. Aucune perquisition, aucun pr\u00e9l\u00e8vement technique et scientifique n&rsquo;a vraiment \u00e9t\u00e9 effectu\u00e9 dans le logement de Sauveur Rappa. A cent m\u00e8tres \u00e0 peine du poste de police nationale, rien n&rsquo;a boug\u00e9. <\/p>\n<p>Aucune investigation pouss\u00e9e ni aucun interrogatoire des habitu\u00e9s du bar PMU qu&rsquo;il fr\u00e9quentait n&rsquo;a \u00e9t\u00e9 men\u00e9. C&rsquo;est pourtant dans ce bar qu&rsquo;il aurait pu \u00eatre avant de disparaitre. Dans ce bar o\u00f9 l&rsquo;on connaissait Rappa, ses coups de gueule, ses conversations, sans doute ses craintes.\u00a0<\/p>\n<p>Son quotidien tenait sur un kilom\u00e8tre\u00a0<\/p>\n<p>La vie de Sauveur se r\u00e9sumait \u00e0 un p\u00e9rim\u00e8tre restreint en raison de ses probl\u00e8mes de sant\u00e9. Son quotidien relevait d&rsquo;un rituel: un trajet allant de son appartement modeste de cette r\u00e9sidence gard\u00e9ennes des ann\u00e9es soixante-dix et le bar PMU, o\u00f9 les \u00e9clats de voix et l\u2019odeur de tabac froid composaient l\u2019\u00e9cho de ses jours.<\/p>\n<p>Parfois, il s&rsquo;arr\u00eatait <strong>sur le march\u00e9 de La Garde<\/strong> o\u00f9 son neveu travaillait ou se retrouvait avec \u00ab\u00a0des gens\u00a0\u00bb dans un garage de Romain-Rolland. Ce trajet \u00e9tait son unique chemin vers l&rsquo;ext\u00e9rieur. Ce parcours habituel tenait sur un kilom\u00e8tre pour se rendre sur la place central, sur 15 minutes de marche ou 9 minutes de bus.\u00a0<\/p>\n<p>\u00ab\u00a0On va dire que la disparition de Sauveur Rappa n&rsquo;a pas \u00e9t\u00e9 prise au s\u00e9rieux. On \u00e9tait en 2006. Un adulte majeur et vaccin\u00e9 \u00e9tait introuvable. On n&rsquo;a pas plus chercher que cela. C&rsquo;\u00e9tait la piste de la disparition volontaire et l&rsquo;enqu\u00eate s&rsquo;est arr\u00eat\u00e9e l\u00e0\u00a0\u00bb, confie un proche.\u00a0<\/p>\n<p>Cette version, la famille, et plus particuli\u00e8rement, son neveu Antoine D&rsquo;amore n&rsquo;y a jamais adh\u00e9r\u00e9. L&rsquo;homme qui voue, dix-neuf ans apr\u00e8s les faits, une grande tendresse pour son oncle, ne croit toujours pas \u00e0 un d\u00e9part volontaire.<\/p>\n<p>              <img ci-src=\"https:\/\/www.varmatin.com\/justice\/Rappa+trajet+2-jAjNJHFc.JPG?vh=73cfad&amp;ci_seal=499efd2d1e\" alt=\"\"\/><br \/>\n        Le trajet de Sauveur Rappa se r\u00e9sumait \u00e0 un parcours entre la r\u00e9sidence Romain-Rolland et la place du march\u00e9 de La Garde <strong>Photo Google Maps, DR.<\/strong> <\/p>\n<p>                                Un enqu\u00eateur priv\u00e9 reprend l&rsquo;affaire\u00a0<\/p>\n<p>Dans son entourage, on a parl\u00e9 de vengeance, de mauvaise rencontre. \u00ab\u00a0Il a d\u00fb finir enterr\u00e9\u00a0\u00bb, lit-on sur les r\u00e9seaux sociaux.\u00a0Il y a un homme qui n&rsquo;a jamais oubli\u00e9, qui vit ce pass\u00e9 au pr\u00e9sent.<\/p>\n<p>Depuis 2006, Antoine d&rsquo;Amor, dit Tony, voudrait pouvoir aller prier sur une tombe, se recueillir quelque part.\u00a0Ce commer\u00e7ant retrait\u00e9, sp\u00e9cialis\u00e9 dans la restauration &#8211; la cade n&rsquo;a pas de secret pour lui-,\u00a0 a d\u00e9sormais le m\u00eame \u00e2ge que son oncle au moment de sa disparition.\u00a0<\/p>\n<p>Il n&rsquo;a jamais cru \u00e0 un d\u00e9part volontaire. Avec sa famille, il a fini par se rapprocher d&rsquo;un ancien policier, habitu\u00e9 des affaires criminelles, devenu enqu\u00eateur priv\u00e9 \u00e0 cette \u00e9poque pour v\u00e9rifier chaque \u00e9l\u00e9ment pouvant expliquer l&rsquo;absence de Sauveur Rappa.\u00a0<\/p>\n<p>\u00ab\u00a0J&rsquo;ai suivi toutes les pistes. TOUTES\u00a0\u00bb\u00a0<\/p>\n<p>\u00ab\u00a0Je n&rsquo;ai pas de certitude. J&rsquo;ai proc\u00e9d\u00e9 par \u00e9limination en ne mettant de c\u00f4t\u00e9 aucune piste\u00a0\u00bb. M\u00e9thodiquement, Claude Martinez se souvient de ses recherches. \u00ab\u00a0Si une enqu\u00eate commence mal ou se focalise sur un sc\u00e9nario, c&rsquo;est la porte ouverte \u00e0 l&rsquo;erreur\u00a0\u00bb. C&rsquo;est aussi une grande probabilit\u00e9 de ne jamais r\u00e9soudre l&rsquo;affaire. De fabriquer un \u00ab\u00a0cold case\u00a0\u00bb.\u00a0<\/p>\n<p>La disparition de Sauveur Rappa appartient \u00e0 cette trop longue liste ses dossiers class\u00e9s sans r\u00e9ponse. A-t-on pris <strong>l&rsquo;absence du retrait\u00e9 de Romain-Rolland<\/strong> \u00e0 la l\u00e9g\u00e8re? A-t-on rapidement \u00ab\u00a0d\u00e9cid\u00e9\u00a0\u00bb que cet homme de 64 ans, handicap\u00e9 et sous traitement m\u00e9dical, avait voulu partir volontairement en laissant toute sa vie, ses enfants, petits-enfants derri\u00e8re lui?\u00a0<\/p>\n<p>L&rsquo;ancien enqu\u00eateur fronce les sourcils. Le d\u00e9part volontaire d&rsquo;un adulte majeur, il n&rsquo;y croit pas. \u00ab\u00a0Prenons les faits. Il suivait un traitement m\u00e9dical. Il \u00e9tait sous tutelle et une membre de sa famille, qui habitait dans les Alpes-Maritimes, g\u00e9rait son argent. Il avait 50 euros par semaine pour ses petites d\u00e9penses. Sa vie se r\u00e9sumait \u00e0 un parcours restreint et quasi quotidien entre le PMU, le march\u00e9, dans le centre-ville de La Garde.<\/p>\n<p>\u00ab\u00a0Pour partir, refaire sa vie, il faut des moyens et des soutiens. L&rsquo;histoire de la fugue ne tient pas, selon moi\u00a0\u00bb.\u00a0<\/p>\n<p>L&rsquo;accident est envisag\u00e9. \u00ab\u00a0Il faut se situer au moment e la disparition. Il avait beaucoup plu. A c\u00f4t\u00e9 de Romain-Rolland, il y avait un chantier, mais \u00e9galement un petit ruisseau qui s&rsquo;\u00e9tait transform\u00e9 en torrent. <\/p>\n<p>Je suis all\u00e9 jusqu&rsquo;\u00e0 l&rsquo;anse San-Peyre o\u00f9 un tunnel d\u00e9bouchait dans la mer tel un jeyser. Il a \u00e9t\u00e9 ferm\u00e9 et s\u00e9curis\u00e9 depuis. J&rsquo;ai remont\u00e9 toute la rivi\u00e8re. L&rsquo;eau est un excellent moyens de faire dispara\u00eetre un corps\u00a0\u00bb, explique-t-il. Mais, des ann\u00e9es apr\u00e8s, il \u00e9tait difficile de trouver des \u00e9l\u00e9ments, une pr\u00e9sence, un corps. \u00ab\u00a0Il aurait fallu chercher d\u00e8s le d\u00e9but!\u00a0\u00bb.\u00a0<\/p>\n<p>Un indice troublant et la piste criminelle<\/p>\n<p>              <img ci-src=\"https:\/\/www.varmatin.com\/justice\/D%C3%A9couverte+CI+Rappa-vgf5HKrJ.JPG?vh=9a4d3d&amp;ci_seal=c64bdb9b59\" alt=\"\"\/><br \/>\n        Un employ\u00e9 municipal a d\u00e9couvert la carte d&rsquo;identit\u00e9 br\u00fbl\u00e9e de Sauveur Rappa trois semaines apr\u00e8s sa disparition. Une piste criminelle ne pouvait pas \u00eatre \u00e9cart\u00e9e selon l&rsquo;enqu\u00eateur priv\u00e9 <strong>Illustration g\u00e9n\u00e9r\u00e9e par IA.<\/strong> <\/p>\n<p>Trois semaines apr\u00e8s la disparition, un indice troublant surgit. \u00ab\u00a0Un employ\u00e9 municipal qui nettoyait les rues va trouver la carte d\u2019identit\u00e9 du disparu, \u00e0 moiti\u00e9 br\u00fbl\u00e9e. On y devine surtout le nom de Rappa\u00a0\u00bb. Les bords noircis et les lettres \u00e0 peine lisibles de ce document soul\u00e8vent plus de questions qu\u2019ils n\u2019apportent de r\u00e9ponses. <\/p>\n<p>Qui a tent\u00e9 de d\u00e9truire cette pi\u00e8ce d&rsquo;identit\u00e9, et pourquoi? Qui aurait eu un mobile pour faire dispara\u00eetre Sauveur Rappa? Cette pi\u00e8ce d&rsquo;identit\u00e9, il \u00e9tait l&rsquo;avoir sur lui&#8230;<\/p>\n<p>Claude Martinez enqu\u00eate, interroge, se rend dans le bar du centre-ville fr\u00e9quent\u00e9 par le retrait\u00e9. Il va apprendre qu&rsquo;il a eu des \u00e9changes tr\u00e8s tendu avec un individu. Il va surtout d\u00e9couvrir que Sauveur Rappa n&rsquo;est pas le premier gard\u00e9en \u00e0 \u00eatre disparu dans des circonstances \u00e9tranges.\u00a0<\/p>\n<p>\u00ab\u00a0Six mois auparavant, <strong>un sans domicile fixe a \u00e9t\u00e9 frapp\u00e9 \u00e0 mort \u00e0 La Garde<\/strong>. Ce crime \u00e9tait suivi par la S\u00fbret\u00e9 d\u00e9partementale de Toulon. Mais, au final, cela n&rsquo;a rien donn\u00e9. On me parlait encore de cet individu belliqueux qui, a depuis quitt\u00e9 la France\u00a0\u00bb.\u00a0<\/p>\n<p>Encore plus curieux, cet homme aurait pu avoir un lien avec la d\u00e9couverte, en 1991, du corps d&rsquo;une victime, un marginal connu pour parler \u00e0 tout le monde dans la rue.<\/p>\n<p>\u00ab\u00a0Il aurait lui aussi \u00e9t\u00e9 frapp\u00e9 \u00e0 mort par quelqu&rsquo;un pouvant ressembler \u00e0 la personne que j&rsquo;avais identifi\u00e9. L\u00e0 encore, le meurtre n&rsquo;avait pas \u00e9t\u00e9 r\u00e9solu et la victime a \u00e9t\u00e9 enterr\u00e9e sous X\u00a0\u00bb.\u00a0<\/p>\n<p>Une commission rogatoire et&#8230; rien<\/p>\n<p>\u00ab\u00a0Il y avait mati\u00e8re \u00e0 relancer une enqu\u00eate. J&rsquo;\u00e9tais arriv\u00e9 au bout des investigations que je pouvais mener\u00a0\u00bb, regrette l&rsquo;ancien fonctionnaire de police. La famille a \u00e9t\u00e9 assist\u00e9 par un avocat et les diff\u00e9rents documents et recherches compil\u00e9s par l&rsquo;enqu\u00eateur priv\u00e9 ont fini sur le bureau d&rsquo;un juge d&rsquo;instruction.\u00a0<\/p>\n<p>\u00ab\u00a0Une <strong>commission rogatoire<\/strong> a \u00e9t\u00e9 effectivement lanc\u00e9e sur cette base et l&rsquo;affaire a \u00e9t\u00e9 confi\u00e9e au commissariat de La Garde&#8230;\u00a0\u00bb, d\u00e9plore-t-il. A ceux qui ont consid\u00e9r\u00e9, il y a 19 ans, que ce retrait\u00e9 malade avait choisi de partir volontairement.\u00a0<\/p>\n<p>L&rsquo;affaire Sauveur Rappa n&rsquo;a jamais \u00e9t\u00e9 r\u00e9solue.\u00a0<\/p>\n","protected":false},"excerpt":{"rendered":"La Garde, f\u00e9vrier 2006. A cent m\u00e8tres du commissariat de police, un homme, Sauveur Rappa, 64 ans, s&rsquo;est&hellip;\n","protected":false},"author":2,"featured_media":247220,"comment_status":"","ping_status":"","sticky":false,"template":"","format":"standard","meta":{"footnotes":""},"categories":[9619],"tags":[1111,11,1777,674,1011,27,303,12,882,25,2310],"class_list":{"0":"post-247219","1":"post","2":"type-post","3":"status-publish","4":"format-standard","5":"has-post-thumbnail","7":"category-toulon","8":"tag-actu","9":"tag-actualites","10":"tag-eu","11":"tag-europe","12":"tag-fr","13":"tag-france","14":"tag-justice","15":"tag-news","16":"tag-provence-alpes-cote-dazur","17":"tag-republique-francaise","18":"tag-toulon"},"share_on_mastodon":{"url":"https:\/\/pubeurope.com\/@fr\/114846133304104345","error":""},"_links":{"self":[{"href":"https:\/\/www.europesays.com\/fr\/wp-json\/wp\/v2\/posts\/247219","targetHints":{"allow":["GET"]}}],"collection":[{"href":"https:\/\/www.europesays.com\/fr\/wp-json\/wp\/v2\/posts"}],"about":[{"href":"https:\/\/www.europesays.com\/fr\/wp-json\/wp\/v2\/types\/post"}],"author":[{"embeddable":true,"href":"https:\/\/www.europesays.com\/fr\/wp-json\/wp\/v2\/users\/2"}],"replies":[{"embeddable":true,"href":"https:\/\/www.europesays.com\/fr\/wp-json\/wp\/v2\/comments?post=247219"}],"version-history":[{"count":0,"href":"https:\/\/www.europesays.com\/fr\/wp-json\/wp\/v2\/posts\/247219\/revisions"}],"wp:featuredmedia":[{"embeddable":true,"href":"https:\/\/www.europesays.com\/fr\/wp-json\/wp\/v2\/media\/247220"}],"wp:attachment":[{"href":"https:\/\/www.europesays.com\/fr\/wp-json\/wp\/v2\/media?parent=247219"}],"wp:term":[{"taxonomy":"category","embeddable":true,"href":"https:\/\/www.europesays.com\/fr\/wp-json\/wp\/v2\/categories?post=247219"},{"taxonomy":"post_tag","embeddable":true,"href":"https:\/\/www.europesays.com\/fr\/wp-json\/wp\/v2\/tags?post=247219"}],"curies":[{"name":"wp","href":"https:\/\/api.w.org\/{rel}","templated":true}]}}