{"id":247221,"date":"2025-07-13T13:22:11","date_gmt":"2025-07-13T13:22:11","guid":{"rendered":"https:\/\/www.europesays.com\/fr\/247221\/"},"modified":"2025-07-13T13:22:11","modified_gmt":"2025-07-13T13:22:11","slug":"5-raisons-daller-voir-lexpo-de-soulages-au-musee-fabre","status":"publish","type":"post","link":"https:\/\/www.europesays.com\/fr\/247221\/","title":{"rendered":"5 raisons d&rsquo;aller voir l&rsquo;expo de Soulages au mus\u00e9e Fabre"},"content":{"rendered":"<p>            Par<br \/>\n        <strong><br \/>\n            <a href=\"https:\/\/actu.fr\/auteur\/j-phan\" title=\"Consulter tous les articles de Jordan Phan\" target=\"_blank\" rel=\"noopener\">Jordan Phan<\/a><br \/>\n        <\/strong><\/p>\n<p>        Publi\u00e9 le<\/p>\n<p>            13 juil. 2025 \u00e0 13h26        <\/p>\n<p>\u00ab\u00a0Le <strong>mus\u00e9e Fabre<\/strong> met ainsi en avant un artiste qui, par le <strong>noir<\/strong>, a su r\u00e9v\u00e9ler la <strong>lumi\u00e8re<\/strong>\u00ab\u00a0, t\u00e9moigne <strong>Micha\u00ebl Delafosse<\/strong>, pr\u00e9sident de Montpellier M\u00e9diterran\u00e9e M\u00e9tropole et maire de la Ville de Montpellier. Et la lumi\u00e8re qu\u2019il a r\u00e9v\u00e9l\u00e9e peut briller \u00e0 nouveau au mus\u00e9e Fabre, et ce depuis le <strong>28 juin<\/strong>, o\u00f9 l\u2019on peut plonger dans l\u2019univers du peintre \u00e0 travers <strong>120 toiles<\/strong> et des \u0153uvres m\u00ealant <strong>papier<\/strong>, <strong>cuivre<\/strong>, <strong>bronze<\/strong> et <strong>verre<\/strong>, avec bien s\u00fbr une couleur pr\u00e9dominante, le noir. Voil\u00e0 donc, rien que pour vous, cinq raisons d\u2019aller visiter <strong>l\u2019exposition \u00ab\u00a0Pierre Soulages, La Rencontre\u00a0\u00bb<\/strong> jusqu\u2019au <strong>4 janvier 2026<\/strong>.<\/p>\n<p>    <a href=\"https:\/\/www.google.com\/maps\/embed?pb=!1m18!1m12!1m3!1d2888.747825638489!2d3.8775884760806836!3d43.611791955108124!2m3!1f0!2f0!3f0!3m2!1i1024!2i768!4f13.1!3m3!1m2!1s0x12b6af09f5ae850b%3A0xb0ea41728e236a0e!2sMus%C3%A9e%20Fabre!5e0!3m2!1sfr!2sfr!4v1752064467894!5m2!1sfr!2sfr\" title=\"Ouvrie le lien\" target=\"_blank\" rel=\"noopener\">Cliquez ici pour visualiser le contenu<\/a><\/p>\n<p>1. L\u2019occasion de voir les \u0153uvres du ma\u00eetre de l\u2019Outrenoir<\/p>\n<p class=\" wall-content\">Figure de l\u2019<strong>art contemporain<\/strong> du <strong>20e si\u00e8cle<\/strong>, Pierre Soulages est un \u00ab\u00a0<strong>ovni<\/strong>\u00a0\u00bb dans le monde de l\u2019art. Avec ses cr\u00e9ations empreintes d\u2019un noir charbonneux, il a su se distinguer des autres artistes de son \u00e9poque avec sa patte singuli\u00e8re. Alors, il ne faut surtout pas manquer l\u2019occasion de pouvoir voir de ses propres yeux le travail de ce peintre qui joue de <strong>contradictions<\/strong> et d\u2019<strong>ambivalence<\/strong>, l\u00e0 o\u00f9 peuvent coexister <strong>l\u2019ombre et la lumi\u00e8re<\/strong>, <strong>le lisse et le rugueux<\/strong>, mais aussi<strong> le mat et le brillant<\/strong>.<\/p>\n<p>    <img   decoding=\"async\" loading=\"lazy\" src=\"https:\/\/www.europesays.com\/fr\/wp-content\/uploads\/2025\/07\/dsc00597-2-960x640.jpg\" alt=\"Huile sur toile, Pierre Soulages\" width=\"960\" height=\"640\"\/><br \/>\n    Huile sur toile, Pierre Soulages (\u00a9M\u00e9tropolitain \/ JP)<\/p>\n<blockquote class=\"ac-article-quote wall-content\">\n<p>\u00ab\u00a0Ce sont des bribes de souvenirs, qui sont comme des touches de peinture, des petits \u00e9clats de m\u00e9moire non chronologiques et qui permettent de raconter son travail mais aussi qui il \u00e9tait et d&rsquo;o\u00f9 il vient\u00a0\u00bb<\/p>\n<p>    <strong>Gordon<\/strong><br \/>\n        R\u00e9alisateur, metteur en sc\u00e8ne et directeur artistique    <\/p><\/blockquote>\n<p>2. De la r\u00e9alit\u00e9 virtuelle, pour plus d\u2019immersion<\/p>\n<p class=\" wall-content\">En parall\u00e8le de l\u2019exposition, une <strong>exp\u00e9rience immersive en r\u00e9alit\u00e9 virtuelle<\/strong> est propos\u00e9e aux visiteurs. Elle se nomme \u00ab\u00a0<strong>Outrenoir<\/strong>\u00ab\u00a0, une balade po\u00e9tique de <strong>12 minutes<\/strong> invitant le spectateur \u00e0 parcourir la <strong>trajectoire picturale<\/strong> et les <strong>moments fondateurs<\/strong> de la carri\u00e8re de Soulages, comment\u00e9e tout du long par la voix \u00e9lectrique d\u2019<strong>Isabelle Huppert<\/strong>, son amie, ainsi que des <strong>extraits et archives sonores<\/strong> du peintre. \u00ab\u00a0Ce sont des <strong>bribes de souvenirs<\/strong>, qui sont comme des <strong>touches de peinture<\/strong>, des <strong>petits \u00e9clats de m\u00e9moire<\/strong> non chronologiques et qui permettent de raconter son travail mais aussi qui il \u00e9tait et d\u2019o\u00f9 il vient\u00a0\u00bb, d\u00e9veloppe <strong>Gordon<\/strong>, r\u00e9alisateur, metteur en sc\u00e8ne et directeur artistique, \u00e0 qui l\u2019on doit la conception de l\u2019exp\u00e9rience virtuelle, avant d\u2019ajouter : \u00ab\u00a0Et \u00e7a ne co\u00fbte que <b>quatre euros<\/b>, alors venez !\u00a0\u00bb.<\/p>\n<p>Vid\u00e9os : en ce moment sur Actu<br \/>\n    <img   decoding=\"async\" loading=\"lazy\" src=\"https:\/\/www.europesays.com\/fr\/wp-content\/uploads\/2025\/07\/dsc00565-2-960x640.jpg\" alt=\"\" width=\"960\" height=\"640\"\/><br \/>\n    \u00ab\u00a0Outrenoir\u00a0\u00bb est une exp\u00e9rience immersive en r\u00e9alit\u00e9 virtuelle au c\u0153ur de l\u2019\u0153uvre de Soulages (\u00a9M\u00e9tropolitain \/ JP)3. Des ateliers de cr\u00e9ation artistique ouverts \u00e0 tous<\/p>\n<p class=\" wall-content\">Jusqu\u2019au 4 janvier 2026, le mus\u00e9e Fabre met en place des <strong>ateliers de cr\u00e9ation artistique<\/strong>, des rendez-vous de recherche et d\u2019exp\u00e9rimentation d\u00e8s 7 ans, qui permettront d\u2019assimiler l\u2019univers de la peinture de Pierre Soulages. Parmi les activit\u00e9s, nous pouvons retrouver \u00ab\u00a0<strong>\u00c9crire la lumi\u00e8re<\/strong>\u00a0\u00bb o\u00f9 la personne est invit\u00e9e \u00e0 jouer avec les compositions de lumi\u00e8re \u00e0 l\u2019aide du proc\u00e9d\u00e9 de<strong> photographie argentique au st\u00e9nop\u00e9<\/strong> ; ou encore \u00ab\u00a0<strong>Dans le pli de l\u2019ombre<\/strong>\u00ab\u00a0, atelier de deux heures pour s\u2019essayer aux compositions d\u2019ombres abstraites en <strong>papiers pli\u00e9s<\/strong>, <strong>chiffonn\u00e9s<\/strong> et <strong>gaufr\u00e9s<\/strong>.<\/p>\n<p>    <img   decoding=\"async\" loading=\"lazy\" src=\"https:\/\/www.europesays.com\/fr\/wp-content\/uploads\/2025\/07\/dsc00592-3-960x640.jpg\" alt=\"Des visites en famille sont aussi organis\u00e9es r\u00e9guli\u00e8rement pour 7\u20ac par personne\" width=\"960\" height=\"640\"\/><br \/>\n    Des visites en famille sont aussi organis\u00e9es r\u00e9guli\u00e8rement pour 7\u20ac par personne (\u00a9M\u00e9tropolitain \/ JP)4. Conf\u00e9rences et visites guid\u00e9es<\/p>\n<p class=\" wall-content\">D\u2019une dur\u00e9e d\u2019<strong>1h30<\/strong>, les <strong>visites guid\u00e9es<\/strong> sugg\u00e8rent un parcours de l\u2019exposition ponctu\u00e9 par des <strong>commentaires<\/strong> et <strong>t\u00e9moignages<\/strong>. Elles sont propos\u00e9es du <strong>mardi au samedi \u00e0 15h<\/strong> et le <strong>dimanche \u00e0 11h15<\/strong>. Pour compl\u00e9ter les propos du guide sur Soulages, le visiteur pourra assister \u00e0 une <strong>conf\u00e9rence<\/strong> tous les mois \u00e0 partir de septembre, men\u00e9e par <strong>Maud Marron-Wojewodzki<\/strong>, conservatrice du patrimoine au mus\u00e9e Fabre et co-commissaire de l\u2019exposition.<\/p>\n<p>    <img   decoding=\"async\" loading=\"lazy\" src=\"https:\/\/www.europesays.com\/fr\/wp-content\/uploads\/2025\/07\/dsc00594-3-960x640.jpg\" alt=\"Michel Hilaire, conservateur fran\u00e7ais, au vernissage de l'exposition\" width=\"960\" height=\"640\"\/><br \/>\n    Michel Hilaire, conservateur fran\u00e7ais, au vernissage de l\u2019exposition (\u00a9M\u00e9tropolitain \/ JP)5. Une pluie d\u2019\u00e9v\u00e9nements !<\/p>\n<p class=\" wall-content\">Et pour cette cinqui\u00e8me raison, et pas des moindres, tous peuvent y trouver leur bonheur. En partenariat avec le <strong>Festival Radio France<\/strong>, le mus\u00e9e organise des <strong>salons de musique<\/strong> (prochain rendez-vous le 15 juillet). Les 20 et 21 septembre, l\u2019exposition sera exceptionnellement ouverte et gratuite \u00e0 l\u2019occasion des <strong>Journ\u00e9es europ\u00e9ennes du patrimoine<\/strong> ; le 12 octobre aura lieu un temps fort pour mettre en lumi\u00e8re les liens po\u00e9tiques et artistiques entre <strong>Pierre Soulages et L\u00e9opold S\u00e9dar Senghor<\/strong>, dans le cadre de la <strong>biennale Euro Africa<\/strong> ; le 16 octobre verra sa date s\u2019illuminer d\u2019une <strong>soir\u00e9e de lancement de la saison \u00e9tudiante<\/strong> avec ateliers, visites et musique ; et le 22 novembre marquera la <strong>Nuit NOIRE<\/strong>, une soir\u00e9e artistique d\u00e9cal\u00e9e en collaboration avec la <strong>Bulle bleue<\/strong>. Une pluie d\u2019\u00e9v\u00e9nements qui inondera donc le mus\u00e9e Fabre prochainement, pr\u00e9parez vos parapluies !<\/p>\n<p class=\" wall-content\">.<\/p>\n<p>Exposition \u00ab\u00a0Pierre Soulages, La Rencontre\u00a0\u00bb du 28 juin 2025 au 4 janvier 2026 \u2013 Mus\u00e9e Fabre, 39 bd Bonne Nouvelle, Montpellier \u2013 T\u00e9l. 04 67 14 83 00 \u2013 Horaires d\u2019ouverture : du mardi au dimanche de 11h \u00e0 18h \u2013 Programme d\u00e9taill\u00e9, renseignements et inscriptions sur le <a href=\"https:\/\/www.museefabre.fr\" target=\"_blank\" rel=\"noopener\">site du mus\u00e9e Fabre<\/a>.<\/p>\n<p class=\" wall-content\">Suivez toute l\u2019actualit\u00e9 de vos villes et m\u00e9dias favoris en vous inscrivant \u00e0 <a href=\"https:\/\/moncompte.actu.fr\" title=\"D\u00e9couvez Mon Actu\" rel=\"nofollow noopener\" data-trk=\"{&quot;cta&quot;:{&quot;action&quot;:&quot;https:\\\/\\\/moncompte.actu.fr&quot;,&quot;category&quot;:&quot;mon compte&quot;,&quot;from&quot;:&quot;article footer&quot;,&quot;name&quot;:&quot;Mon actu&quot;,&quot;type&quot;:&quot;cta&quot;}}\" target=\"_blank\">Mon Actu<\/a>.<\/p>\n","protected":false},"excerpt":{"rendered":"Par Jordan Phan Publi\u00e9 le 13 juil. 2025 \u00e0 13h26 \u00ab\u00a0Le mus\u00e9e Fabre met ainsi en avant un&hellip;\n","protected":false},"author":2,"featured_media":247222,"comment_status":"","ping_status":"","sticky":false,"template":"","format":"standard","meta":{"footnotes":""},"categories":[9599],"tags":[1111,11,1777,674,1349,1011,27,1652,2208,11350,12,2680,25],"class_list":{"0":"post-247221","1":"post","2":"type-post","3":"status-publish","4":"format-standard","5":"has-post-thumbnail","7":"category-montpellier","8":"tag-actu","9":"tag-actualites","10":"tag-eu","11":"tag-europe","12":"tag-expositions","13":"tag-fr","14":"tag-france","15":"tag-loisirs-culture","16":"tag-montpellier","17":"tag-musee-fabre","18":"tag-news","19":"tag-occitanie","20":"tag-republique-francaise"},"share_on_mastodon":{"url":"https:\/\/pubeurope.com\/@fr\/114846141422718097","error":""},"_links":{"self":[{"href":"https:\/\/www.europesays.com\/fr\/wp-json\/wp\/v2\/posts\/247221","targetHints":{"allow":["GET"]}}],"collection":[{"href":"https:\/\/www.europesays.com\/fr\/wp-json\/wp\/v2\/posts"}],"about":[{"href":"https:\/\/www.europesays.com\/fr\/wp-json\/wp\/v2\/types\/post"}],"author":[{"embeddable":true,"href":"https:\/\/www.europesays.com\/fr\/wp-json\/wp\/v2\/users\/2"}],"replies":[{"embeddable":true,"href":"https:\/\/www.europesays.com\/fr\/wp-json\/wp\/v2\/comments?post=247221"}],"version-history":[{"count":0,"href":"https:\/\/www.europesays.com\/fr\/wp-json\/wp\/v2\/posts\/247221\/revisions"}],"wp:featuredmedia":[{"embeddable":true,"href":"https:\/\/www.europesays.com\/fr\/wp-json\/wp\/v2\/media\/247222"}],"wp:attachment":[{"href":"https:\/\/www.europesays.com\/fr\/wp-json\/wp\/v2\/media?parent=247221"}],"wp:term":[{"taxonomy":"category","embeddable":true,"href":"https:\/\/www.europesays.com\/fr\/wp-json\/wp\/v2\/categories?post=247221"},{"taxonomy":"post_tag","embeddable":true,"href":"https:\/\/www.europesays.com\/fr\/wp-json\/wp\/v2\/tags?post=247221"}],"curies":[{"name":"wp","href":"https:\/\/api.w.org\/{rel}","templated":true}]}}