{"id":247248,"date":"2025-07-13T13:43:13","date_gmt":"2025-07-13T13:43:13","guid":{"rendered":"https:\/\/www.europesays.com\/fr\/247248\/"},"modified":"2025-07-13T13:43:13","modified_gmt":"2025-07-13T13:43:13","slug":"il-a-escroque-850000e-a-un-couple-marseillais-et-ruine-un-restaurateur","status":"publish","type":"post","link":"https:\/\/www.europesays.com\/fr\/247248\/","title":{"rendered":"il a escroqu\u00e9 850000\u20ac \u00e0 un couple marseillais et ruin\u00e9 un restaurateur"},"content":{"rendered":"<p>Dans le monde de la magistrature, Pascal Gand est reconnu pour sa souplesse. Un sens aiguis\u00e9 de la diplomatie qui lui a valu de pr\u00e9sider, en novembre\u00a02024, l\u2019un des proc\u00e8s les plus inflammables de ces derni\u00e8res ann\u00e9es\u00a0: <a href=\"https:\/\/www.laprovence.com\/article\/faits-divers-justice\/1183535174585914\/direct-laprovence-direct-rue-daubagne-suivez-le-verdict-du-proces-des-effondrements-meurtriers-a-marseille\" target=\"_blank\" rel=\"noopener\">les effondrements mortels de la rue d\u2019Aubagne \u00e0 Marseille<\/a>. Malgr\u00e9 une assistance chauff\u00e9e \u00e0 blanc et des pr\u00e9venus batailleurs, il ne s\u2019est jamais d\u00e9parti de son calme.<\/p>\n<p>Mais ce jour de septembre\u00a02023, Pascal Gand peine \u00e0 contenir son exasp\u00e9ration. Il fait face, sourcils fronc\u00e9s, \u00e0 un accus\u00e9 qui ne paye pas de mine. Petit de taille. Un monsieur tout-le-monde au visage terne. Mais Dany Hadad est un personnage comme on n\u2019en voit pas deux dans une carri\u00e8re. \u00c0 la barre, il n\u2019h\u00e9site pas \u00e0 inverser les r\u00f4les.<\/p>\n<p>Ses victimes\u00a0? \u00ab\u00a0Des gens pas clairs\u00a0\u00bb, rousp\u00e8te-t-il, gonfl\u00e9. \u00ab\u00a0Malgr\u00e9 les \u00e9vidences, il est rest\u00e9 ambigu sur son statut. Il a expliqu\u00e9 au tribunal qu\u2019il y a des choses qu\u2019il ne pouvait pas dire en plus\u00a0\u00bb, se souvient le b\u00e2tonnier Fabrice Giletta, avocat d\u2019un couple \u00ab\u00a0essor\u00e9\u00a0\u00bb par <a href=\"https:\/\/www.laprovence.com\/article\/region\/1143862857899515\/il-tente-darnaquer-un-couple-a-manosque-cet-escroc-en-serie-originaire-de-digne-condamne-a-2-ans-de-prison\" target=\"_blank\" rel=\"noopener\">l\u2019escroc<\/a>.\u00a0\u00ab\u00a0Mais vous n\u2019arr\u00eatez jamais\u00a0!\u00a0\u00bb, fini par lui lancer Pascal Gand. Non, comme dans le film de Spielberg, \u00ab\u00a0arr\u00eate-moi si tu peux\u00a0\u00bb Dany Hadad, 49\u00a0ans, saute d\u2019une histoire \u00e0 dormir debout \u00e0 une autre\u2026<\/p>\n","protected":false},"excerpt":{"rendered":"Dans le monde de la magistrature, Pascal Gand est reconnu pour sa souplesse. Un sens aiguis\u00e9 de la&hellip;\n","protected":false},"author":2,"featured_media":247249,"comment_status":"","ping_status":"","sticky":false,"template":"","format":"standard","meta":{"footnotes":""},"categories":[2814],"tags":[17,38772,1111,11,11240,26468,38771,1777,674,274,10483,1011,27,9198,884,12,882,25,23299],"class_list":{"0":"post-247248","1":"post","2":"type-post","3":"status-publish","4":"format-standard","5":"has-post-thumbnail","7":"category-marseille","8":"tag-17","9":"tag-850000e","10":"tag-actu","11":"tag-actualites","12":"tag-agent","13":"tag-coiffeur","14":"tag-escroque","15":"tag-eu","16":"tag-europe","17":"tag-faits-divers-justice","18":"tag-faux","19":"tag-fr","20":"tag-france","21":"tag-libanais","22":"tag-marseille","23":"tag-news","24":"tag-provence-alpes-cote-dazur","25":"tag-republique-francaise","26":"tag-secret"},"share_on_mastodon":{"url":"https:\/\/pubeurope.com\/@fr\/114846223752993521","error":""},"_links":{"self":[{"href":"https:\/\/www.europesays.com\/fr\/wp-json\/wp\/v2\/posts\/247248","targetHints":{"allow":["GET"]}}],"collection":[{"href":"https:\/\/www.europesays.com\/fr\/wp-json\/wp\/v2\/posts"}],"about":[{"href":"https:\/\/www.europesays.com\/fr\/wp-json\/wp\/v2\/types\/post"}],"author":[{"embeddable":true,"href":"https:\/\/www.europesays.com\/fr\/wp-json\/wp\/v2\/users\/2"}],"replies":[{"embeddable":true,"href":"https:\/\/www.europesays.com\/fr\/wp-json\/wp\/v2\/comments?post=247248"}],"version-history":[{"count":0,"href":"https:\/\/www.europesays.com\/fr\/wp-json\/wp\/v2\/posts\/247248\/revisions"}],"wp:featuredmedia":[{"embeddable":true,"href":"https:\/\/www.europesays.com\/fr\/wp-json\/wp\/v2\/media\/247249"}],"wp:attachment":[{"href":"https:\/\/www.europesays.com\/fr\/wp-json\/wp\/v2\/media?parent=247248"}],"wp:term":[{"taxonomy":"category","embeddable":true,"href":"https:\/\/www.europesays.com\/fr\/wp-json\/wp\/v2\/categories?post=247248"},{"taxonomy":"post_tag","embeddable":true,"href":"https:\/\/www.europesays.com\/fr\/wp-json\/wp\/v2\/tags?post=247248"}],"curies":[{"name":"wp","href":"https:\/\/api.w.org\/{rel}","templated":true}]}}