{"id":247250,"date":"2025-07-13T13:44:18","date_gmt":"2025-07-13T13:44:18","guid":{"rendered":"https:\/\/www.europesays.com\/fr\/247250\/"},"modified":"2025-07-13T13:44:18","modified_gmt":"2025-07-13T13:44:18","slug":"egan-riley-arrive-aujourdhui","status":"publish","type":"post","link":"https:\/\/www.europesays.com\/fr\/247250\/","title":{"rendered":"Egan Riley arrive aujourd&rsquo;hui"},"content":{"rendered":"<p>\u00c0 l&rsquo;image des autres internationaux espoirs en lice au dernier Euro de la cat\u00e9gorie (Quentin Merlin et son compatriote Jonathan Rowe), CJ Egan-Riley a eu droit \u00e0 quelques jours de repos suppl\u00e9mentaires.<\/p>\n<p>Attendu lundi au centre Robert Louis-Dreyfus pour y vivre ses premiers pas, la deuxi\u00e8me recrue de l&rsquo;\u00e9t\u00e9 marseillais va se poser cet apr\u00e8s-midi sur le sol proven\u00e7al.<\/p>\n<p>Pour rappel, l&rsquo;OM a profit\u00e9 de la fin de son engagement contractuel avec Burnley pour convaincre le d\u00e9fenseur central anglais de 22 ans, <a href=\"https:\/\/www.laprovence.com\/article\/om\/44617391798565\/mercato-qui-est-cj-egan-riley-la-future-recrue-de-lom\" target=\"_blank\" rel=\"noopener\">auteur d&rsquo;une grosse saison en Championship<\/a>, la deuxi\u00e8me division anglaise.<\/p>\n","protected":false},"excerpt":{"rendered":"\u00c0 l&rsquo;image des autres internationaux espoirs en lice au dernier Euro de la cat\u00e9gorie (Quentin Merlin et son&hellip;\n","protected":false},"author":2,"featured_media":247251,"comment_status":"","ping_status":"","sticky":false,"template":"","format":"standard","meta":{"footnotes":""},"categories":[2814],"tags":[17,1111,11,38773,2563,1777,674,1011,27,38774,20839,884,12,11147,149,882,30328,25],"class_list":{"0":"post-247250","1":"post","2":"type-post","3":"status-publish","4":"format-standard","5":"has-post-thumbnail","7":"category-marseille","8":"tag-17","9":"tag-actu","10":"tag-actualites","11":"tag-conrad","12":"tag-deuxieme","13":"tag-eu","14":"tag-europe","15":"tag-fr","16":"tag-france","17":"tag-jaden","18":"tag-lete","19":"tag-marseille","20":"tag-news","21":"tag-olympien","22":"tag-om","23":"tag-provence-alpes-cote-dazur","24":"tag-recrue","25":"tag-republique-francaise"},"share_on_mastodon":{"url":"https:\/\/pubeurope.com\/@fr\/114846227690414475","error":""},"_links":{"self":[{"href":"https:\/\/www.europesays.com\/fr\/wp-json\/wp\/v2\/posts\/247250","targetHints":{"allow":["GET"]}}],"collection":[{"href":"https:\/\/www.europesays.com\/fr\/wp-json\/wp\/v2\/posts"}],"about":[{"href":"https:\/\/www.europesays.com\/fr\/wp-json\/wp\/v2\/types\/post"}],"author":[{"embeddable":true,"href":"https:\/\/www.europesays.com\/fr\/wp-json\/wp\/v2\/users\/2"}],"replies":[{"embeddable":true,"href":"https:\/\/www.europesays.com\/fr\/wp-json\/wp\/v2\/comments?post=247250"}],"version-history":[{"count":0,"href":"https:\/\/www.europesays.com\/fr\/wp-json\/wp\/v2\/posts\/247250\/revisions"}],"wp:featuredmedia":[{"embeddable":true,"href":"https:\/\/www.europesays.com\/fr\/wp-json\/wp\/v2\/media\/247251"}],"wp:attachment":[{"href":"https:\/\/www.europesays.com\/fr\/wp-json\/wp\/v2\/media?parent=247250"}],"wp:term":[{"taxonomy":"category","embeddable":true,"href":"https:\/\/www.europesays.com\/fr\/wp-json\/wp\/v2\/categories?post=247250"},{"taxonomy":"post_tag","embeddable":true,"href":"https:\/\/www.europesays.com\/fr\/wp-json\/wp\/v2\/tags?post=247250"}],"curies":[{"name":"wp","href":"https:\/\/api.w.org\/{rel}","templated":true}]}}