{"id":247260,"date":"2025-07-13T13:51:10","date_gmt":"2025-07-13T13:51:10","guid":{"rendered":"https:\/\/www.europesays.com\/fr\/247260\/"},"modified":"2025-07-13T13:51:10","modified_gmt":"2025-07-13T13:51:10","slug":"pour-la-finale-du-psg-et-les-festivites-du-14-juillet-11-500-policiers-gendarmes-et-pompiers-mobilises-a-paris","status":"publish","type":"post","link":"https:\/\/www.europesays.com\/fr\/247260\/","title":{"rendered":"pour la finale du PSG et les festivit\u00e9s du 14-Juillet, 11.500 policiers, gendarmes et pompiers mobilis\u00e9s \u00e0 Paris"},"content":{"rendered":"<p>Pour les festivit\u00e9s du 14-Juillet et la finale du <a target=\"_self\" href=\"https:\/\/www.lanouvellerepublique.fr\/a-la-une\/mondial-des-clubs-paris-encore-plus-magique-1752341438\" rel=\"nofollow noopener\">Mondial des clubs qui opposera le PSG \u00e0 Chelsea<\/a>, toute l\u2019agglom\u00e9ration de Paris sera sous surveillance \u00e0 compter de dimanche 13\u00a0juillet 2025 \u00e0 19\u00a0h.\u00a0Pour ce faire, un effectif de 11.500 forces de s\u00e9curit\u00e9 sera mobilis\u00e9.\u00a0La pr\u00e9fecture de police de Paris (PPP), qui d\u00e9ploie policiers, gendarmes et pompiers\u00a0\u2013 dont 400 en plus des 1.900 habituellement de garde \u2013, a mis en place \u00ab\u00a0un important dispositif de s\u00e9curisation notamment sur l\u2019avenue des Champs-\u00c9lys\u00e9es o\u00f9 aucun rassemblement ne sera tol\u00e9r\u00e9\u00a0\u00bb, selon un communiqu\u00e9. Ce long week-end festif, pour lequel \u00ab\u00a0aucune intention de perturber les festivit\u00e9s n\u2019a \u00e9t\u00e9 d\u00e9tect\u00e9e\u00a0\u00bb selon une source polici\u00e8re, d\u00e9butera dimanche avec la finale PSG-Chelsea, qui se joue \u00e0 New York \u00e0 21\u00a0h, heure de Paris.<\/p>\n<p>Un arr\u00eat\u00e9 a \u00e9t\u00e9 pris pour interdire, de dimanche \u00e0 20\u00a0h jusqu\u2019au lundi 14\u00a0juillet \u00e0 3\u00a0h, \u00ab\u00a0les grands rassemblements de personnes ayant pour objet d\u2019assister \u00e0 la retransmission d\u2019\u00e9v\u00e9nements (fan zones, \u00e9crans sur la voie publique, \u00e9crans tourn\u00e9s vers la voie publique)\u00a0\u00bb.<\/p>\n<p>\u00ab\u00a0On r\u00e9agira avec beaucoup de fermet\u00e9\u00a0\u00bb<\/p>\n<p>Dans la matin\u00e9e du 14\u00a0juillet, l\u2019avenue des Champs-\u00c9lys\u00e9es sera le th\u00e9\u00e2tre du traditionnel d\u00e9fil\u00e9 militaire, o\u00f9 des points de filtrage du public seront positionn\u00e9s avec palpations et fouilles des sacs. Plus tard dans la soir\u00e9e, se tiendra un concert de musique classique au Champ-de-Mars d\u00e8s 21\u00a0h, suivi \u00e0 23\u00a0h d\u2019un feu d\u2019artifice de vingt minutes. Quelque 60.000 personnes sont attendues, d\u2019apr\u00e8s la PPP. Ailleurs en France, plusieurs feux d\u2019artifice ont \u00e9t\u00e9 annul\u00e9s en raison de la s\u00e9cheresse et des risques d\u2019incendie.<\/p>\n<p>\u00ab\u00a0Pour l\u2019instant, on n\u2019a pas connaissance de risque mais on se pr\u00e9pare  toujours \u00e0 ce qu\u2019il y ait des troubles \u00e0 l\u2019ordre public\u00a0\u00bb, a indiqu\u00e9 le pr\u00e9fet de police Laurent Nu\u00f1ez samedi matin sur <a target=\"_self\" href=\"https:\/\/www.bfmtv.com\/police-justice\/video-festivites-du-14-juillet-et-finale-du-psg-11-500-effectifs-mobilises-ce-week-end-explique-laurent-nunez-prefet-de-police-de-paris_VN-202507120152.html\" rel=\"nofollow noopener\">BFMTV<\/a>, \u00e9voquant un \u00ab\u00a0dispositif tr\u00e8s dense partout sur Paris et dans l\u2019agglom\u00e9ration parisienne\u00a0\u00bb. \u00ab\u00a0On r\u00e9agira avec beaucoup de fermet\u00e9\u00a0\u00bb, a-t-il pr\u00e9venu, en donnant pour instruction la \u00ab\u00a0dispersion totale\u00a0\u00bb en cas de rassemblement sur les Champs-\u00c9lys\u00e9es dimanche soir, en raison du d\u00e9fil\u00e9 organis\u00e9 le lendemain. Selon une source polici\u00e8re, \u00ab\u00a0la particularit\u00e9 de l\u2019\u00e9dition 2025 des festivit\u00e9s 14-Juillet est leur \u00e9talement sur trois jours avec trois nuits possibles d\u2019actions\u00a0\u00bb. \u00ab\u00a0Le contexte international agit\u00e9 et les tensions perceptibles dans certains quartiers feront l\u2019objet d\u2019une vigilance particuli\u00e8re.\u00a0\u00bb<\/p>\n<p>Mortiers et piq\u00fbres<\/p>\n<p>La procureure de Paris Laure Beccuau a promis vendredi \u00ab\u00a0une politique p\u00e9nale empreinte de fermet\u00e9\u00a0\u00bb en cas d\u2019incidents. \u00ab\u00a0Nous poursuivrons toutes infractions \u00e0 l\u2019encontre des forces de l\u2019ordre, des d\u00e9positaires de l\u2019autorit\u00e9 publique, des services de secours, consistant en des violences, r\u00e9bellions, des menaces, notamment si celles-ci prennent la forme de jets de mortiers en direction des forces de l\u2019ordre\u00a0\u00bb, a-t-elle \u00e9num\u00e9r\u00e9.\u00a0Il n\u2019y a toutefois \u00ab\u00a0aucun \u00e9l\u00e9ment d\u2019inqui\u00e9tude majeure en termes d\u2019ordre public\u00a0\u00bb concernant ces festivit\u00e9s, a assur\u00e9 la procureure.<\/p>\n<p>Un policier avait \u00e9t\u00e9 plac\u00e9 en coma artificiel dans la Manche apr\u00e8s avoir \u00e9t\u00e9 bless\u00e9 par un tir de mortiers d\u2019artifice <a target=\"_self\" href=\"https:\/\/www.lanouvellerepublique.fr\/a-la-une\/ligue-des-champions-des-incidents-a-paris-300-interpellations-une-voiture-percute-la-foule-a-grenoble-1748760561\" rel=\"nofollow noopener\">en marge du sacre du Paris Saint-Germain en Ligue des champions<\/a>, le 1er\u00a0juin. Le directeur g\u00e9n\u00e9ral de la police nationale Louis Laugier a appel\u00e9 \u00e0 renforcer les contr\u00f4les du 7 au 13\u00a0juillet contre l\u2019usage d\u00e9tourn\u00e9 des engins pyrotechniques, de type mortiers d\u2019artifice. Les autorit\u00e9s sont \u00e9galement appel\u00e9es \u00e0 la vigilance et la fermet\u00e9, par une circulaire du minist\u00e8re de la Justice, en cas <a target=\"_self\" href=\"https:\/\/www.lanouvellerepublique.fr\/tours\/fete-de-la-musique-a-tours-treize-personnes-au-moins-disent-avoir-ete-victimes-de-piqures-1750618314\" rel=\"nofollow noopener\">de piq\u00fbres de femmes<\/a>, un ph\u00e9nom\u00e8ne constat\u00e9 lors de la F\u00eate de la musique dans plusieurs r\u00e9gions en France.<\/p>\n","protected":false},"excerpt":{"rendered":"Pour les festivit\u00e9s du 14-Juillet et la finale du Mondial des clubs qui opposera le PSG \u00e0 Chelsea,&hellip;\n","protected":false},"author":2,"featured_media":247261,"comment_status":"","ping_status":"","sticky":false,"template":"","format":"standard","meta":{"footnotes":""},"categories":[1888],"tags":[328,11,1777,674,1011,27,329,12,626,25,656],"class_list":{"0":"post-247260","1":"post","2":"type-post","3":"status-publish","4":"format-standard","5":"has-post-thumbnail","7":"category-paris","8":"tag-a-la-une","9":"tag-actualites","10":"tag-eu","11":"tag-europe","12":"tag-fr","13":"tag-france","14":"tag-france-monde","15":"tag-news","16":"tag-paris","17":"tag-republique-francaise","18":"tag-securite"},"share_on_mastodon":{"url":"https:\/\/pubeurope.com\/@fr\/114846255188490470","error":""},"_links":{"self":[{"href":"https:\/\/www.europesays.com\/fr\/wp-json\/wp\/v2\/posts\/247260","targetHints":{"allow":["GET"]}}],"collection":[{"href":"https:\/\/www.europesays.com\/fr\/wp-json\/wp\/v2\/posts"}],"about":[{"href":"https:\/\/www.europesays.com\/fr\/wp-json\/wp\/v2\/types\/post"}],"author":[{"embeddable":true,"href":"https:\/\/www.europesays.com\/fr\/wp-json\/wp\/v2\/users\/2"}],"replies":[{"embeddable":true,"href":"https:\/\/www.europesays.com\/fr\/wp-json\/wp\/v2\/comments?post=247260"}],"version-history":[{"count":0,"href":"https:\/\/www.europesays.com\/fr\/wp-json\/wp\/v2\/posts\/247260\/revisions"}],"wp:featuredmedia":[{"embeddable":true,"href":"https:\/\/www.europesays.com\/fr\/wp-json\/wp\/v2\/media\/247261"}],"wp:attachment":[{"href":"https:\/\/www.europesays.com\/fr\/wp-json\/wp\/v2\/media?parent=247260"}],"wp:term":[{"taxonomy":"category","embeddable":true,"href":"https:\/\/www.europesays.com\/fr\/wp-json\/wp\/v2\/categories?post=247260"},{"taxonomy":"post_tag","embeddable":true,"href":"https:\/\/www.europesays.com\/fr\/wp-json\/wp\/v2\/tags?post=247260"}],"curies":[{"name":"wp","href":"https:\/\/api.w.org\/{rel}","templated":true}]}}