{"id":247269,"date":"2025-07-13T13:56:17","date_gmt":"2025-07-13T13:56:17","guid":{"rendered":"https:\/\/www.europesays.com\/fr\/247269\/"},"modified":"2025-07-13T13:56:17","modified_gmt":"2025-07-13T13:56:17","slug":"immigration-record-absolu-de-traversees-de-la-manche-au-premier-semestre-2025","status":"publish","type":"post","link":"https:\/\/www.europesays.com\/fr\/247269\/","title":{"rendered":"Immigration. Record absolu de travers\u00e9es de la Manche au premier semestre 2025"},"content":{"rendered":"<p style=\"text-align: justify;\">Le Royaume-Uni a enregistr\u00e9 un nouveau record de travers\u00e9es de migrants par la Manche : plus de 20 000 personnes sont arriv\u00e9es entre le 1er janvier et le 1er juillet 2025, selon les donn\u00e9es officielles du minist\u00e8re britannique de l\u2019Int\u00e9rieur. Il s\u2019agit du chiffre le plus \u00e9lev\u00e9 jamais observ\u00e9 sur un premier semestre, depuis le d\u00e9but du suivi statistique en 2018. Ce total repr\u00e9sente une hausse de 48 % par rapport \u00e0 la m\u00eame p\u00e9riode en 2024 (13 489 arriv\u00e9es) et de 75 % par rapport \u00e0 2023 (11 433 arriv\u00e9es).<\/p>\n<p style=\"text-align: justify;\">Le lundi 30 juin, 13 bateaux transportant en moyenne 68 personnes chacun ont \u00e9t\u00e9 recens\u00e9s, pour un total journalier de 879 arriv\u00e9es. Le record de l\u2019ann\u00e9e reste cependant celui du 31 mai dernier avec 1 195 arriv\u00e9es en une seule journ\u00e9e.<\/p>\n<p><strong>La France accus\u00e9e d\u2019inaction malgr\u00e9 les moyens engag\u00e9s<\/strong><\/p>\n<p style=\"text-align: justify;\">Le gouvernement britannique avait pourtant d\u00e9bloqu\u00e9 pr\u00e8s de 780 millions d\u2019euros depuis 2022 pour soutenir les forces fran\u00e7aises dans la lutte contre les travers\u00e9es ill\u00e9gales, dont 480 millions promis en 2023 pour renforcer les patrouilles et financer un centre de coordination commun. Pourtant, sur le terrain, les r\u00e9sultats sont jug\u00e9s d\u00e9cevants. Le 1er juin dernier, Tony Smith, ancien directeur g\u00e9n\u00e9ral des Border Forces, a estim\u00e9 dans le journal britannique The Times que \u00ab la r\u00e9action fran\u00e7aise semble maintenant \u00eatre une r\u00e9action d\u2019indiff\u00e9rence \u00bb.<\/p>\n<p style=\"text-align: justify;\">Le m\u00eame jour, des images diffus\u00e9es <a href=\"https:\/\/www.breizh-info.com\/2025\/06\/06\/247806\/manche-31-mai-gravelines\/\" target=\"_blank\" rel=\"noopener\">par la presse britannique<\/a> ont montr\u00e9 des policiers fran\u00e7ais observant le d\u00e9part de migrants \u00e0 Gravelines sans intervenir, certains prenant m\u00eame des photos. Le ministre de la D\u00e9fense, John Healey, a qualifi\u00e9 ces sc\u00e8nes de \u00ab choquantes \u00bb sur Sky News, tout en reconnaissant que \u00ab la Grande-Bretagne a perdu le contr\u00f4le de ses fronti\u00e8res \u00bb.<\/p>\n<p style=\"text-align: justify;\">En 2023, 47 % des embarcations \u00e9taient intercept\u00e9es c\u00f4t\u00e9 fran\u00e7ais. En 2025, ce taux est tomb\u00e9 \u00e0 38 %.<\/p>\n<p><strong>Londres sans strat\u00e9gie claire, l\u2019opposition d\u00e9nonce un abandon<\/strong><\/p>\n<p style=\"text-align: justify;\">La pression monte \u00e9galement \u00e0 l\u2019int\u00e9rieur du Royaume-Uni. Chris Philp, ancien secr\u00e9taire d\u2019\u00c9tat conservateur, a d\u00e9clar\u00e9 : \u00ab Les travaillistes ont d\u00e9truit notre force de dissuasion et l\u2019ont remplac\u00e9e par une fantaisie. C\u2019est la pire ann\u00e9e jamais enregistr\u00e9e \u00bb.<\/p>\n<p style=\"text-align: justify;\">La gauche au pouvoir a effectivement abandonn\u00e9 le projet d\u2019expulsion vers le Rwanda, pourtant vot\u00e9 sous les conservateurs. Elle mise d\u00e9sormais sur des centres de retour dans des pays tiers pour traiter les demandeurs d\u2019asile d\u00e9bout\u00e9s, selon les propos de Keir Starmer en mai dernier.<\/p>\n<p style=\"text-align: justify;\">En parall\u00e8le, les drames en mer se poursuivent : au moins 15 morts depuis janvier 2025, contre 78 d\u00e9c\u00e8s en 2024. Le ph\u00e9nom\u00e8ne suscite \u00e9galement des tensions diplomatiques : la Commission europ\u00e9enne a demand\u00e9 des explications \u00e0 Londres apr\u00e8s l\u2019annonce d\u2019un \u00e9ventuel accord franco-britannique de renvoi de migrants.<\/p>\n<p style=\"text-align: justify;\">Cr\u00e9dit photo : DR (photo d\u2019illustration)<br \/>[cc] Breizh-info.com, 2025, d\u00e9p\u00eaches libres de copie et de diffusion sous r\u00e9serve de mention et de lien vers la source d\u2019origine<\/p>\n","protected":false},"excerpt":{"rendered":"Le Royaume-Uni a enregistr\u00e9 un nouveau record de travers\u00e9es de migrants par la Manche : plus de 20&hellip;\n","protected":false},"author":2,"featured_media":247270,"comment_status":"","ping_status":"","sticky":false,"template":"","format":"standard","meta":{"footnotes":""},"categories":[1588],"tags":[11,4708,1777,674,14653,1251,12,473,1853,1851,1850,1852],"class_list":{"0":"post-247269","1":"post","2":"type-post","3":"status-publish","4":"format-standard","5":"has-post-thumbnail","7":"category-royaume-uni","8":"tag-actualites","9":"tag-angleterre","10":"tag-eu","11":"tag-europe","12":"tag-manche","13":"tag-migrants","14":"tag-news","15":"tag-royaume-uni","16":"tag-royaume-uni-de-grande-bretagne-et-dirlande-du-nord","17":"tag-uk","18":"tag-united-kingdom","19":"tag-united-kingdom-of-great-britain-and-northern-ireland"},"share_on_mastodon":{"url":"https:\/\/pubeurope.com\/@fr\/114846274926828046","error":""},"_links":{"self":[{"href":"https:\/\/www.europesays.com\/fr\/wp-json\/wp\/v2\/posts\/247269","targetHints":{"allow":["GET"]}}],"collection":[{"href":"https:\/\/www.europesays.com\/fr\/wp-json\/wp\/v2\/posts"}],"about":[{"href":"https:\/\/www.europesays.com\/fr\/wp-json\/wp\/v2\/types\/post"}],"author":[{"embeddable":true,"href":"https:\/\/www.europesays.com\/fr\/wp-json\/wp\/v2\/users\/2"}],"replies":[{"embeddable":true,"href":"https:\/\/www.europesays.com\/fr\/wp-json\/wp\/v2\/comments?post=247269"}],"version-history":[{"count":0,"href":"https:\/\/www.europesays.com\/fr\/wp-json\/wp\/v2\/posts\/247269\/revisions"}],"wp:featuredmedia":[{"embeddable":true,"href":"https:\/\/www.europesays.com\/fr\/wp-json\/wp\/v2\/media\/247270"}],"wp:attachment":[{"href":"https:\/\/www.europesays.com\/fr\/wp-json\/wp\/v2\/media?parent=247269"}],"wp:term":[{"taxonomy":"category","embeddable":true,"href":"https:\/\/www.europesays.com\/fr\/wp-json\/wp\/v2\/categories?post=247269"},{"taxonomy":"post_tag","embeddable":true,"href":"https:\/\/www.europesays.com\/fr\/wp-json\/wp\/v2\/tags?post=247269"}],"curies":[{"name":"wp","href":"https:\/\/api.w.org\/{rel}","templated":true}]}}