{"id":247275,"date":"2025-07-13T13:59:10","date_gmt":"2025-07-13T13:59:10","guid":{"rendered":"https:\/\/www.europesays.com\/fr\/247275\/"},"modified":"2025-07-13T13:59:10","modified_gmt":"2025-07-13T13:59:10","slug":"a-la-recherche-dun-compromis-lue-prolonge-la-suspension-des-contre-mesures-visant-les-etats-unis","status":"publish","type":"post","link":"https:\/\/www.europesays.com\/fr\/247275\/","title":{"rendered":"\u00e0 la recherche d&rsquo;un compromis, l&rsquo;UE prolonge la suspension des contre-mesures visant les \u00c9tats-Unis"},"content":{"rendered":"<p class=\"article-p mdl\">L&rsquo;Union europ\u00e9enne temporise. Ce dimanche 13 juillet, la pr\u00e9sidente de la Commission europ\u00e9enne, Ursula von der Leyen, a d\u00e9clar\u00e9 que Bruxelles allait <strong>prolonger la suspension des contre-mesures aux droits de douane \u00e9tats-uniens<\/strong> sur l&rsquo;acier et l&rsquo;aluminium, qui devait initialement expirer dans la nuit de lundi \u00e0 mardi.<\/p>\n<p class=\"article-p mdl\">L&rsquo;UE tente toujours de trouver un accord avec Donald Trump pour <strong>\u00e9viter\u00a0<a class=\"link\" href=\"https:\/\/www.rtl.fr\/actu\/international\/droits-de-douane-donald-trump-annonce-une-taxe-de-30-pour-l-union-europeenne-a-partir-du-1er-aout-7900523423\" target=\"_blank\" rel=\"nofollow noopener\">une taxe de 30 % sur tous les produits<\/a><\/strong>, annonc\u00e9e la veille par le pr\u00e9sident r\u00e9publicain. Les nouveaux droits de douane am\u00e9ricains entreront en vigueur d\u00e8s le 1er ao\u00fbt.<\/p>\n<p class=\"article-p mdl\">\u00ab\u00a0Les\u00a0\u00c9tats-Unis\u00a0nous ont envoy\u00e9 une lettre avec des mesures qui entreraient en vigueur <strong>sauf s&rsquo;il y a une solution n\u00e9goci\u00e9e<\/strong>, c&rsquo;est pourquoi nous prolongerons \u00e9galement la suspension de nos contre-mesures jusqu&rsquo;au d\u00e9but du mois d&rsquo;ao\u00fbt\u00a0\u00bb, a d\u00e9clar\u00e9 Ursula von der Leyen.\u00a0\u00ab\u00a0En m\u00eame temps, <strong>nous continuerons de pr\u00e9parer des contre-mesures<\/strong> afin d&rsquo;\u00eatre pleinement pr\u00eats\u00a0\u00bb, a-t-elle ajout\u00e9\u00a0<\/p>\n<p class=\"article-p mdl\">La pr\u00e9sidente de la Commission europ\u00e9enne a insist\u00e9 sur le fait que l&rsquo;Union europ\u00e9enne a \u00ab\u00a0toujours \u00e9t\u00e9 tr\u00e8s claire sur le fait que <strong>nous pr\u00e9f\u00e9rons une solution n\u00e9goci\u00e9e<\/strong>. Cela reste le cas, et nous utiliserons le temps dont nous disposons maintenant jusqu&rsquo;au 1er ao\u00fbt\u00a0\u00bb.<\/p>\n<p class=\"article-p mdl\">Bruxelles a pr\u00e9par\u00e9 des <strong>droits de douane sur des produits am\u00e9ricains d&rsquo;une valeur d&rsquo;environ 21 milliards d&rsquo;euros<\/strong>, en r\u00e9ponse aux droits de douane de 25 % impos\u00e9s par Donald Trump sur les importations d&rsquo;acier et d&rsquo;aluminium plus t\u00f4t cette ann\u00e9e.\u00a0Mais elle a annonc\u00e9 en avril suspendre ces mesures pour laisser la place \u00e0 un accord commercial plus large avec l&rsquo;administration Trump.<\/p>\n<p>    La r\u00e9daction vous recommande<\/p>\n<p class=\"s-newsletter__title\">\n                L\u2019actualit\u00e9 par la r\u00e9daction de RTL dans votre bo\u00eete mail.\n            <\/p>\n<p class=\"s-newsletter__subtitle\">\n                Gr\u00e2ce \u00e0 votre compte RTL abonnez-vous \u00e0 la newsletter RTL info pour suivre toute l&rsquo;actualit\u00e9 au quotidien\n            <\/p>\n<p>\n                                    Lire la suite\n                                <\/p>\n","protected":false},"excerpt":{"rendered":"L&rsquo;Union europ\u00e9enne temporise. Ce dimanche 13 juillet, la pr\u00e9sidente de la Commission europ\u00e9enne, Ursula von der Leyen, a&hellip;\n","protected":false},"author":2,"featured_media":247276,"comment_status":"","ping_status":"","sticky":false,"template":"","format":"standard","meta":{"footnotes":""},"categories":[1586],"tags":[11,215,75,2822,33,73,1777,674,1779,107,1011,27,14,12,25,1778,364],"class_list":{"0":"post-247275","1":"post","2":"type-post","3":"status-publish","4":"format-standard","5":"has-post-thumbnail","7":"category-europe","8":"tag-actualites","9":"tag-commerce","10":"tag-donald-trump","11":"tag-douanes","12":"tag-economie","13":"tag-etats-unis","14":"tag-eu","15":"tag-europe","16":"tag-european-union","17":"tag-fil-info","18":"tag-fr","19":"tag-france","20":"tag-international","21":"tag-news","22":"tag-republique-francaise","23":"tag-ue","24":"tag-union-europeenne"},"share_on_mastodon":{"url":"https:\/\/pubeurope.com\/@fr\/114846286710487713","error":""},"_links":{"self":[{"href":"https:\/\/www.europesays.com\/fr\/wp-json\/wp\/v2\/posts\/247275","targetHints":{"allow":["GET"]}}],"collection":[{"href":"https:\/\/www.europesays.com\/fr\/wp-json\/wp\/v2\/posts"}],"about":[{"href":"https:\/\/www.europesays.com\/fr\/wp-json\/wp\/v2\/types\/post"}],"author":[{"embeddable":true,"href":"https:\/\/www.europesays.com\/fr\/wp-json\/wp\/v2\/users\/2"}],"replies":[{"embeddable":true,"href":"https:\/\/www.europesays.com\/fr\/wp-json\/wp\/v2\/comments?post=247275"}],"version-history":[{"count":0,"href":"https:\/\/www.europesays.com\/fr\/wp-json\/wp\/v2\/posts\/247275\/revisions"}],"wp:featuredmedia":[{"embeddable":true,"href":"https:\/\/www.europesays.com\/fr\/wp-json\/wp\/v2\/media\/247276"}],"wp:attachment":[{"href":"https:\/\/www.europesays.com\/fr\/wp-json\/wp\/v2\/media?parent=247275"}],"wp:term":[{"taxonomy":"category","embeddable":true,"href":"https:\/\/www.europesays.com\/fr\/wp-json\/wp\/v2\/categories?post=247275"},{"taxonomy":"post_tag","embeddable":true,"href":"https:\/\/www.europesays.com\/fr\/wp-json\/wp\/v2\/tags?post=247275"}],"curies":[{"name":"wp","href":"https:\/\/api.w.org\/{rel}","templated":true}]}}