{"id":247284,"date":"2025-07-13T14:07:11","date_gmt":"2025-07-13T14:07:11","guid":{"rendered":"https:\/\/www.europesays.com\/fr\/247284\/"},"modified":"2025-07-13T14:07:11","modified_gmt":"2025-07-13T14:07:11","slug":"il-leur-reste-encore-beaucoup-de-chemin-a-parcourir-evans-compare-sinner-et-alcaraz-au-big-3","status":"publish","type":"post","link":"https:\/\/www.europesays.com\/fr\/247284\/","title":{"rendered":"\u00ab Il leur reste encore beaucoup de chemin \u00e0 parcourir \u00bb, Evans compare Sinner et Alcaraz au Big 3"},"content":{"rendered":"<p>                <img decoding=\"async\" src=\"https:\/\/www.europesays.com\/fr\/wp-content\/uploads\/2025\/07\/KT8H.jpg\" alt=\"\u00ab Il leur reste encore beaucoup de chemin \u00e0 parcourir \u00bb, Evans compare Sinner et Alcaraz au Big 3\"\/><\/p>\n<p>Dan Evans s\u2019est exprim\u00e9 pour Tennis365 au sujet de Jannik Sinner et Carlos Alcaraz, qui s\u2019affronteront ce dimanche en finale de Wimbledon.<\/p>\n<p>Le Britannique les a compar\u00e9s au Big 3 et, pour lui, m\u00eame s\u2019ils accomplissent de grandes choses, il faudra \u00eatre r\u00e9gulier : \u00ab C&rsquo;est un d\u00e9bat int\u00e9ressant, et nous ne pouvons pas donner de r\u00e9ponse d\u00e9finitive quant \u00e0 savoir si Sinner et Alcaraz jouent \u00e0 un niveau plus \u00e9lev\u00e9 que la g\u00e9n\u00e9ration pr\u00e9c\u00e9dente.<\/p>\n<p>Je continue avec Roger, Rafa et Novak, car ils ont des troph\u00e9es \u00e0 leur actif et les deux autres sont encore au d\u00e9but de leur carri\u00e8re.<\/p>\n<p>Il reste encore beaucoup de chemin \u00e0 parcourir dans les carri\u00e8res de Sinner et d&rsquo;Alcaraz, et nous savons que ces cinq joueurs ont \u00e9t\u00e9 et seront des grands noms de l&rsquo;histoire.<\/p>\n<p>Je suppose que nous saurons \u00e0 la fin de leur carri\u00e8re qui remportera le plus de Grands Chelems. Le seul qui sort vainqueur de ce d\u00e9bat pour l&rsquo;instant est Novak. Il a le plus de Grands Chelems et vient de remporter son 100e titre.<\/p>\n<p><strong>Tout lui est favorable pour le moment. \u00bb<\/strong><\/p>\n","protected":false},"excerpt":{"rendered":"Dan Evans s\u2019est exprim\u00e9 pour Tennis365 au sujet de Jannik Sinner et Carlos Alcaraz, qui s\u2019affronteront ce dimanche&hellip;\n","protected":false},"author":2,"featured_media":247285,"comment_status":"","ping_status":"","sticky":false,"template":"","format":"standard","meta":{"footnotes":""},"categories":[1415],"tags":[1011,27,60,1467],"class_list":{"0":"post-247284","1":"post","2":"type-post","3":"status-publish","4":"format-standard","5":"has-post-thumbnail","7":"category-tennis","8":"tag-fr","9":"tag-france","10":"tag-sports","11":"tag-tennis"},"share_on_mastodon":{"url":"https:\/\/pubeurope.com\/@fr\/114846318135508018","error":""},"_links":{"self":[{"href":"https:\/\/www.europesays.com\/fr\/wp-json\/wp\/v2\/posts\/247284","targetHints":{"allow":["GET"]}}],"collection":[{"href":"https:\/\/www.europesays.com\/fr\/wp-json\/wp\/v2\/posts"}],"about":[{"href":"https:\/\/www.europesays.com\/fr\/wp-json\/wp\/v2\/types\/post"}],"author":[{"embeddable":true,"href":"https:\/\/www.europesays.com\/fr\/wp-json\/wp\/v2\/users\/2"}],"replies":[{"embeddable":true,"href":"https:\/\/www.europesays.com\/fr\/wp-json\/wp\/v2\/comments?post=247284"}],"version-history":[{"count":0,"href":"https:\/\/www.europesays.com\/fr\/wp-json\/wp\/v2\/posts\/247284\/revisions"}],"wp:featuredmedia":[{"embeddable":true,"href":"https:\/\/www.europesays.com\/fr\/wp-json\/wp\/v2\/media\/247285"}],"wp:attachment":[{"href":"https:\/\/www.europesays.com\/fr\/wp-json\/wp\/v2\/media?parent=247284"}],"wp:term":[{"taxonomy":"category","embeddable":true,"href":"https:\/\/www.europesays.com\/fr\/wp-json\/wp\/v2\/categories?post=247284"},{"taxonomy":"post_tag","embeddable":true,"href":"https:\/\/www.europesays.com\/fr\/wp-json\/wp\/v2\/tags?post=247284"}],"curies":[{"name":"wp","href":"https:\/\/api.w.org\/{rel}","templated":true}]}}