{"id":24729,"date":"2025-04-14T16:58:12","date_gmt":"2025-04-14T16:58:12","guid":{"rendered":"https:\/\/www.europesays.com\/fr\/24729\/"},"modified":"2025-04-14T16:58:12","modified_gmt":"2025-04-14T16:58:12","slug":"le-programme-tv-complet-du-week-end-2","status":"publish","type":"post","link":"https:\/\/www.europesays.com\/fr\/24729\/","title":{"rendered":"le programme TV complet du week-end"},"content":{"rendered":"<p>\t\t\t<strong class=\"post-excerpt\"><\/p>\n<p itemprop=\"description\">Retrouvez le programme TV complet du Grand Prix d&rsquo;Arabie saoudite 2025 de Formule 1, pr\u00e9vu du 18 au 20 avril sur le circuit de Jeddah, avec les horaires pour la France (Canal +) et la Belgique (RTBF).<\/p>\n<p><\/strong>\t\t<\/p>\n<p>Dans la foul\u00e9e du Japon et de <a href=\"https:\/\/www.sportauto.fr\/actu\/sport-actu\/formule-1\/f1-grand-prix-bahrein-2025-sakhir-classement-resultats-course-431103.html#item=1\" target=\"_blank\" rel=\"noopener nofollow\">Bahre\u00efn<\/a>, place \u00e0 l<strong>&lsquo;Arabie saoudite.<\/strong> La<strong> F1<\/strong> boucle ce week-end la <strong>troisi\u00e8me manche <\/strong>de son premier<strong> triple header<\/strong> de la saison 2025 sur le <strong>Circuit de la Corniche \u00e0 Jeddah.<\/strong><\/p>\n<p>   \t\t\t GP d&rsquo;Arabie saoudite F1 2025 : Piastri vs Norris <\/p>\n<p>La <strong>tension est mont\u00e9e d&rsquo;un cran au sommet du peloton.<\/strong> Apr\u00e8s quatre Grands Prix et un <strong>sprint en Chine<\/strong>,<strong> McLaren<\/strong> a prouv\u00e9 \u00e0 qui voulait encore l&rsquo;entendre qu&rsquo;elle est plus que jamais la<strong> grandissime favorite\u00a0<\/strong> \u00e0 sa propre succession dans la lutte pour la<strong> couronne des Constructeurs en 2025<\/strong>.<br \/>Plus inqui\u00e9tant encore, la concurrence semble<strong> avoir marqu\u00e9 le pas<\/strong> face \u00e0 la vitesse de pointe des monoplaces <strong>papaye.<\/strong> Dans la nuit de Bahre\u00efn,<strong> Oscar Piastri<\/strong> a livr\u00e9 une prestation sans fausses notes pour <strong>glaner son deuxi\u00e8me succ\u00e8s de la saison.<\/strong> Un <strong>solide avertissemen<\/strong>t non-seulement pour Mercedes, Red Bull et Ferrari, mais surtout pour son \u00e9quipier <strong>Lando Norris.<br \/><\/strong>Si son podium lui a permis de reprendre la t\u00eate provisoire du Championnat du monde des Pilotes, le Britannique ne poss\u00e8de que<strong> trois points d&rsquo;avance sur l&rsquo;Australien<\/strong>, avec <strong>George Russell (Mercedes-AMG) en embuscade en troisi\u00e8me position<\/strong>, \u00e0 huit unit\u00e9s.<br \/>Et s&rsquo;il est pr\u00e9matur\u00e9 de tirer des conclusions avec des<strong> \u00e9carts aussi serr\u00e9s,<\/strong> force est de constater que le d\u00e9roulement du Grand Prix de Bahre\u00efn a mis en lumi\u00e8re une <strong>aisance toujours plus grande de Piastri<\/strong>, \u00e0 la fois sur un<strong> tour en qualification<\/strong> comme dans sa <strong>gestion de course.<br \/><\/strong>A l&rsquo;inverse, Norris est apparu plus en difficult\u00e9, manquant d&rsquo;abord son <strong>dernier tour contre le chrono<\/strong>, puis son <strong>emplacement de d\u00e9part<\/strong> et quelques limites de piste pour parvenir \u00e0 <strong>sauver le podium sur le fil.<br \/>L&rsquo;\u00e9troit et rapide trac\u00e9 sur la Corniche de Jeddah<\/strong> constituera un nouveau d\u00e9fi pour les pilotes \u00e0 l&rsquo;occasion de la cinqui\u00e8me manche de 2025, dont le <strong>programme TV complet est \u00e0 retrouver ci-dessous.<\/strong><\/p>\n<p> GP d&rsquo;Arabie saoudite F1 2025 : le programme complet <\/p>\n<p>Retrouvez ci-dessous <strong>le programme TV complet du Grand Prix d&rsquo;Arabie saoudite 2025<\/strong> de F1, disput\u00e9 sur le <strong>circuit de Jeddah<\/strong>, avec les horaires pour la France (Canal+ et Canal+ Sport) et la Belgique (Tipik).<\/p>\n<p> Vendredi 18 avril 2025 <\/p>\n<ul>\n<li>11h55 &#8211; 12h40 : Essais Libres F2<\/li>\n<li>13h05 &#8211; 13h45 : Essais Libres F1 Academy<\/li>\n<li><strong>15h10 (15h30 &#8211; 16h30) : Essais libres 1 F1 (Canal+ Sport)<\/strong><\/li>\n<li>16h55 (17h00 &#8211; 17h30) : Qualifications F2 (Canal+ Sport)<\/li>\n<li><strong>18h39 (19h00 &#8211; 20h00) : Essais libres 2 F1 (Canal+ Sport)<\/strong><\/li>\n<li>20h20 (20h30 &#8211; 21h00) : Qualifications F1 Academy<\/li>\n<\/ul>\n<p> Samedi 19 avril 2025 <\/p>\n<ul>\n<li>14h15 (14h20 &#8211; 14h55) : Course 1 F1 Academy (Canal+ Sport)<\/li>\n<li><strong>15h10 (15h30 &#8211; 16h30) : Essais libres 3 F1 (Canal+ Sport)<\/strong><\/li>\n<li>17h05 (17h15 &#8211; 18h05) : Course 1 F2 (Canal+ Sport)<\/li>\n<li><strong>18h40 (19h00 &#8211; 20h00) :  Qualifications F1 (Canal+)<\/strong><\/li>\n<li>18h55 (19h00 &#8211; 20h00) : Qualifications F1 (RTBF\/Tipik, Belgique)<\/li>\n<\/ul>\n<p> Dimanche 20 avril 2025 <\/p>\n<ul>\n<li>14h00 (14h05 &#8211; 14h40) : Course 2 F1 Academy (Canal+ Sport)<\/li>\n<li>15h15 (15h25 &#8211; 16h30) : Course 2 F2 (Canal+ Sport)<\/li>\n<li>17h54 : \u00e9mission \u00ab\u00a0La Grille\u00a0\u00bb (Canal+)<\/li>\n<li>18h30 : \u00e9mission \u00ab\u00a0Warm Up\u00a0\u00bb (RTBF\/Tipik, Belgique)<\/li>\n<li><strong>19h00 : Grand Prix d&rsquo;Arabie saoudite F1 (Canal+ \/ Tipik, Belgique)<\/strong><\/li>\n<li>20h47 : \u00e9mission \u00ab\u00a0Formula One, le mag\u00a0\u00bb (Canal+ Sport360)<\/li>\n<\/ul>\n","protected":false},"excerpt":{"rendered":"Retrouvez le programme TV complet du Grand Prix d&rsquo;Arabie saoudite 2025 de Formule 1, pr\u00e9vu du 18 au&hellip;\n","protected":false},"author":2,"featured_media":24730,"comment_status":"","ping_status":"","sticky":false,"template":"","format":"standard","meta":{"footnotes":""},"categories":[1412],"tags":[1451,1452,1453,1454,1455,1011,27,1638,60],"class_list":{"0":"post-24729","1":"post","2":"type-post","3":"status-publish","4":"format-standard","5":"has-post-thumbnail","7":"category-f1","8":"tag-f1","9":"tag-formula-1","10":"tag-formula1","11":"tag-formule-1","12":"tag-formule1","13":"tag-fr","14":"tag-france","15":"tag-has_diapo","16":"tag-sports"},"share_on_mastodon":{"url":"https:\/\/pubeurope.com\/@fr\/114337382624230692","error":""},"_links":{"self":[{"href":"https:\/\/www.europesays.com\/fr\/wp-json\/wp\/v2\/posts\/24729","targetHints":{"allow":["GET"]}}],"collection":[{"href":"https:\/\/www.europesays.com\/fr\/wp-json\/wp\/v2\/posts"}],"about":[{"href":"https:\/\/www.europesays.com\/fr\/wp-json\/wp\/v2\/types\/post"}],"author":[{"embeddable":true,"href":"https:\/\/www.europesays.com\/fr\/wp-json\/wp\/v2\/users\/2"}],"replies":[{"embeddable":true,"href":"https:\/\/www.europesays.com\/fr\/wp-json\/wp\/v2\/comments?post=24729"}],"version-history":[{"count":0,"href":"https:\/\/www.europesays.com\/fr\/wp-json\/wp\/v2\/posts\/24729\/revisions"}],"wp:featuredmedia":[{"embeddable":true,"href":"https:\/\/www.europesays.com\/fr\/wp-json\/wp\/v2\/media\/24730"}],"wp:attachment":[{"href":"https:\/\/www.europesays.com\/fr\/wp-json\/wp\/v2\/media?parent=24729"}],"wp:term":[{"taxonomy":"category","embeddable":true,"href":"https:\/\/www.europesays.com\/fr\/wp-json\/wp\/v2\/categories?post=24729"},{"taxonomy":"post_tag","embeddable":true,"href":"https:\/\/www.europesays.com\/fr\/wp-json\/wp\/v2\/tags?post=24729"}],"curies":[{"name":"wp","href":"https:\/\/api.w.org\/{rel}","templated":true}]}}