{"id":247300,"date":"2025-07-13T14:16:10","date_gmt":"2025-07-13T14:16:10","guid":{"rendered":"https:\/\/www.europesays.com\/fr\/247300\/"},"modified":"2025-07-13T14:16:10","modified_gmt":"2025-07-13T14:16:10","slug":"diane-leyre-devoile-la-raison-lempechant-de-participer-aux-traitres-sur-m6","status":"publish","type":"post","link":"https:\/\/www.europesays.com\/fr\/247300\/","title":{"rendered":"Diane Leyre d\u00e9voile la raison l\u2019emp\u00eachant de participer aux \u00abTra\u00eetres\u00bb sur M6"},"content":{"rendered":"<p>    Diane Leyre, Miss France 2022.<br \/>\n                Berzane Nasser\/ABACA<\/p>\n<p><strong>VID\u00c9O &#8211;<\/strong> La Miss France 2022 a \u00e9galement assur\u00e9 qu\u2019il ne fallait \u00abjamais dire jamais\u00bb, mais qu\u2019elle n\u2019envisageait pas de tenter cette aventure de sit\u00f4t.<\/p>\n<p class=\"fig-paragraph\">Delphine Wespiser, Sylvie Tellier&#8230;\u00a0<a href=\"http:\/\/tvmag.lefigaro.fr\/programme-tv\/actu-tele\/on-m-a-emmenee-aux-urgences-sophie-tapie-ereintee-par-le-tournage-des-traitres-20250512\" target=\"_blank\" data-fig-type=\"Article\" rel=\"noopener\" data-gtm-custom-categorie=\"navigation\" data-gtm-custom-action=\"crossclick\" data-gtm-custom-label=\"Contextuel\" data-gtm-event=\"customEventSPE\" data-fig-domain=\"TVMAG\">\u00abLes Tra\u00eetres\u00bb<\/a>\u00a0peut se targuer d\u2019avoir d\u00e9j\u00e0 eu plusieurs Miss France au casting. Ce jeudi 11 juillet, c\u2019est\u00a0<a href=\"http:\/\/tvmag.lefigaro.fr\/programme-tv\/actu-tele\/trop-maigre-trop-nue-diane-leyre-repond-aux-critiques-sur-sa-tenue-a-canneseries-20250430\" target=\"_blank\" data-fig-type=\"Article\" rel=\"noopener\" data-gtm-custom-categorie=\"navigation\" data-gtm-custom-action=\"crossclick\" data-gtm-custom-label=\"Contextuel\" data-gtm-event=\"customEventSPE\" data-fig-domain=\"TVMAG\"><strong>Diane Leyre,<\/strong><\/a> \u00a0couronn\u00e9e lors de l\u2019\u00e9dition 2022 du concours de beaut\u00e9, qui s\u2019est confi\u00e9e sur une \u00e9ventuelle participation \u00e0 l\u2019\u00e9mission de M6. Au fil d\u2019un entretien accord\u00e9 \u00e0\u00a0<a href=\"https:\/\/www.programme-television.org\/news\/tv\/tele-realite\/diane-leyre-prete-a-participer-aux-traitres-m6-elle-explique-ses-reticences-4743088\" target=\"_blank\" rel=\"sponsored noopener\" data-gtm-custom-categorie=\"navigation\" data-gtm-custom-action=\"crossclick\" data-gtm-custom-label=\"Contextuel\" data-gtm-event=\"customEventSPE\">T\u00e9l\u00e9-Loisirs<\/a>, la femme de 28 ans a avou\u00e9 que son naturel l\u2019emp\u00eacherait de gagner ce programme.<\/p>\n<p class=\"fig-paragraph\">\u00abOn me l\u2019a d\u00e9j\u00e0 propos\u00e9, mais je pense que je serais tr\u00e8s mauvaise \u00e0 ce jeu qui demande une \u00e9norme concentration sur plusieurs jours\u00bb, a livr\u00e9\u00a0<a href=\"http:\/\/tvmag.lefigaro.fr\/programme-tv\/miss-france\/meme-pour-tout-l-or-du-monde-je-n-y-mets-pas-un-pied-diane-leyre-horrifiee-par-l-ile-de-la-tentation-espagnole-20250211\" target=\"_blank\" data-fig-type=\"Article\" rel=\"noopener\" data-gtm-custom-categorie=\"navigation\" data-gtm-custom-action=\"crossclick\" data-gtm-custom-label=\"Contextuel\" data-gtm-event=\"customEventSPE\" data-fig-domain=\"TVMAG\">Diane Leyre.<\/a>\u00a0\u00abJe suis tellement naturelle que je vivrais tr\u00e8s mal de mentir aussi longtemps, m\u00eame pour jouer.\u00bb L\u2019ancienne reine de beaut\u00e9 a ensuite nuanc\u00e9 son propos\u00a0: \u00abMais rien n\u2019est fig\u00e9, je peux encore changer d\u2019avis. D\u2019ailleurs, au d\u00e9but, je ne voulais pas faire \u201cDanse avec les stars\u201d et j\u2019ai finalement accept\u00e9&#8230; Ne jamais dire jamais\u00a0!\u00bb<\/p>\n<p class=\"fig-body-link\">\n            \u00c0 lire aussi<br \/>\n        <a class=\"fig-body-link__link\" href=\"http:\/\/tvmag.lefigaro.fr\/programme-tv\/actu-tele\/angelique-angarni-filopon-sylvie-tellier-diane-leyre-les-miss-france-defilent-au-festival-de-cannes-20250523\" target=\"_blank\" data-fig-type=\"Article\" rel=\"noopener\" data-gtm-custom-categorie=\"navigation\" data-gtm-custom-action=\"crossclick\" data-gtm-custom-label=\"Contextuel\" data-gtm-event=\"customEventSPE\" data-fig-domain=\"TVMAG\">Ang\u00e9lique Angarni-Filopon, Sylvie Tellier, Diane Leyre&#8230; Les Miss France d\u00e9filent au Festival de Cannes<br \/>\n    <\/a>\n<\/p>\n<p>                                    <a class=\"fig-a11y-skip a11y-hidden\" href=\"#fig-a11y-skip-main-inarticle\"><br \/>\n        Passer la publicit\u00e9<br \/>\n    <\/a><\/p>\n<p class=\"fig-paragraph\"><a href=\"http:\/\/tvmag.lefigaro.fr\/programme-tv\/miss-france\/meme-pour-tout-l-or-du-monde-je-n-y-mets-pas-un-pied-diane-leyre-horrifiee-par-l-ile-de-la-tentation-espagnole-20250211\" target=\"_blank\" data-fig-type=\"Article\" rel=\"noopener\" data-gtm-custom-categorie=\"navigation\" data-gtm-custom-action=\"crossclick\" data-gtm-custom-label=\"Contextuel\" data-gtm-event=\"customEventSPE\" data-fig-domain=\"TVMAG\">Diane Leyre<\/a>\u00a0en a \u00e9galement profit\u00e9 pour faire signe \u00e0 M6, elle qui souhaiterait participer \u00e0 une de leurs \u00e9missions les plus cultes\u00a0:\u00a0<a href=\"http:\/\/tvmag.lefigaro.fr\/programme-tv\/actu-tele\/on-ne-peut-pas-laisser-dire-ca-cecile-et-marion-pekin-express-reagissent-aux-rumeurs-de-favoritisme-durant-le-stop-20250406\" target=\"_blank\" data-fig-type=\"Article\" rel=\"noopener\" data-gtm-custom-categorie=\"navigation\" data-gtm-custom-action=\"crossclick\" data-gtm-custom-label=\"Contextuel\" data-gtm-event=\"customEventSPE\" data-fig-domain=\"TVMAG\">\u00abP\u00e9kin Express\u00bb<\/a>. \u00abUne chose est s\u00fbre, le jour o\u00f9 on me propose une version all-stars, j\u2019accepte tout de suite\u00bb, a assur\u00e9 la femme de 28 ans.<\/p>\n<blockquote class=\"fig-quote&#10;    \">\n<p class=\"fig-quote__text\">Ce n\u2019\u00e9tait que de la violence.<\/p>\n<p>            Charlotte de Turckheim\n    <\/p><\/blockquote>\n<p class=\"fig-paragraph\">\u00c0 noter que l\u2019exp\u00e9rience des\u00a0<a href=\"http:\/\/tvmag.lefigaro.fr\/programme-tv\/actu-tele\/j-ai-cru-que-je-n-allais-pas-tenir-qui-a-remporte-la-saison-4-des-traitres-20250511\" target=\"_blank\" data-fig-type=\"Article\" rel=\"noopener\" data-gtm-custom-categorie=\"navigation\" data-gtm-custom-action=\"crossclick\" data-gtm-custom-label=\"Contextuel\" data-gtm-event=\"customEventSPE\" data-fig-domain=\"TVMAG\">\u00abTra\u00eetres\u00bb<\/a>\u00a0en a marqu\u00e9 plus d\u2019un. En 2022, Miss France 2012\u00a0<a href=\"http:\/\/tvmag.lefigaro.fr\/programme-tv\/miss-france\/on-est-heureux-delphine-wespiser-de-nouveau-amoureuse-de-roger-son-ex-compagnon-20250615\" target=\"_blank\" data-fig-type=\"Article\" rel=\"noopener\" data-gtm-custom-categorie=\"navigation\" data-gtm-custom-action=\"crossclick\" data-gtm-custom-label=\"Contextuel\" data-gtm-event=\"customEventSPE\" data-fig-domain=\"TVMAG\">Delphine Wespiser<\/a>\u00a0assurait avoir mis plusieurs jours \u00e0 se remettre de son \u00e9limination. \u00abPsychologiquement, c\u2019est vraiment une exp\u00e9rience de vie hors norme. Se dire que potentiellement, certaines personnes ne vous veulent pas du bien, c\u2019est d\u00e9stabilisant\u00bb, assurait-elle \u00e0\u00a0<a href=\"https:\/\/www.programme-tv.net\/news\/tv\/308119-delphine-wespiser-en-larmes-lors-de-son-elimination-dans-les-traitres-jetais-effondree-jai-mis-4-jours-a-men-remettre\/\" target=\"_blank\" rel=\"sponsored noopener\" data-gtm-custom-categorie=\"navigation\" data-gtm-custom-action=\"crossclick\" data-gtm-custom-label=\"Contextuel\" data-gtm-event=\"customEventSPE\">T\u00e9le-Loisirs.<\/a>\u00abJ\u2019\u00e9tais ext\u00e9nu\u00e9e d\u2019avoir autant pleur\u00e9. J\u2019ai pris dans mes bras chaque membre de la production car c\u2019\u00e9tait une \u00e9quipe en or. Lors de ma sortie, tout le monde avait les larmes aux yeux, un truc qui s\u2019est pass\u00e9 au-del\u00e0 de la t\u00e9l\u00e9.\u00bb<\/p>\n<p class=\"fig-paragraph\">\u00c0 voir aussi &#8211; Diane Leyre, Miss France 2022\u00a0: \u00abAvant l\u2019\u00e9lection, j\u2019ai fait du lobbying aupr\u00e8s du PSG\u00bb<\/p>\n<p class=\"fig-paragraph\">L\u2019actrice\u00a0<a href=\"http:\/\/tvmag.lefigaro.fr\/programme-tv\/actu-tele\/ils-notent-mieux-les-garcons-que-les-filles-le-jury-de-dals-fait-polemique-apres-les-revelations-de-charlotte-de-turckheim-20250320\" target=\"_blank\" data-fig-type=\"Article\" rel=\"noopener\" data-gtm-custom-categorie=\"navigation\" data-gtm-custom-action=\"crossclick\" data-gtm-custom-label=\"Contextuel\" data-gtm-event=\"customEventSPE\" data-fig-domain=\"TVMAG\">Charlotte de Turckheim<\/a>, participante de la saison deux des \u00abTra\u00eetres\u00bb, s\u2019\u00e9tait insurg\u00e9e contre l\u2019\u00e9mission dans les colonnes du magazine Nous deux\u00a0<a href=\"http:\/\/tvmag.lefigaro.fr\/programme-tv\/actu-tele\/de-la-violence-de-la-mechancete-de-l-arrivisme-la-grande-colere-de-charlotte-de-turckheim-contre-les-traitres-20241127\" target=\"_blank\" data-fig-type=\"Article\" rel=\"noopener\" data-gtm-custom-categorie=\"navigation\" data-gtm-custom-action=\"crossclick\" data-gtm-custom-label=\"Contextuel\" data-gtm-event=\"customEventSPE\" data-fig-domain=\"TVMAG\">en fin d\u2019ann\u00e9e 2024<\/a>. \u00abCe n\u2019\u00e9tait que de la violence, de la m\u00e9chancet\u00e9, de l\u2019arrivisme, des gens pas int\u00e9ressants qui disaient des horreurs entre eux, qui \u00e9taient manipul\u00e9s par M6\u00bb, assurait-elle, ajoutant qu\u2019elle n\u2019adressait dor\u00e9navant la parole qu\u2019\u00e0\u00a0<a href=\"http:\/\/tvmag.lefigaro.fr\/programme-tv\/actu-tele\/avec-eric-antoine-on-se-chambre-souvent-georg-schmitt-raconte-les-coulisses-de-lego-masters-20250707\" target=\"_blank\" data-fig-type=\"Article\" rel=\"noopener\" data-gtm-custom-categorie=\"navigation\" data-gtm-custom-action=\"crossclick\" data-gtm-custom-label=\"Contextuel\" data-gtm-event=\"customEventSPE\" data-fig-domain=\"TVMAG\">\u00c9ric Antoine<\/a>, narrateur et pr\u00e9sentateur du jeu.<\/p>\n","protected":false},"excerpt":{"rendered":"Diane Leyre, Miss France 2022. Berzane Nasser\/ABACA VID\u00c9O &#8211; La Miss France 2022 a \u00e9galement assur\u00e9 qu\u2019il ne&hellip;\n","protected":false},"author":2,"featured_media":247301,"comment_status":"","ping_status":"","sticky":false,"template":"","format":"standard","meta":{"footnotes":""},"categories":[1356],"tags":[34820,58,59,1011,27,494,3034,252,1364],"class_list":{"0":"post-247300","1":"post","2":"type-post","3":"status-publish","4":"format-standard","5":"has-post-thumbnail","7":"category-television","8":"tag-diane-leyre","9":"tag-divertissement","10":"tag-entertainment","11":"tag-fr","12":"tag-france","13":"tag-m6","14":"tag-miss-france","15":"tag-television","16":"tag-tv"},"share_on_mastodon":{"url":"https:\/\/pubeurope.com\/@fr\/114846353467762620","error":""},"_links":{"self":[{"href":"https:\/\/www.europesays.com\/fr\/wp-json\/wp\/v2\/posts\/247300","targetHints":{"allow":["GET"]}}],"collection":[{"href":"https:\/\/www.europesays.com\/fr\/wp-json\/wp\/v2\/posts"}],"about":[{"href":"https:\/\/www.europesays.com\/fr\/wp-json\/wp\/v2\/types\/post"}],"author":[{"embeddable":true,"href":"https:\/\/www.europesays.com\/fr\/wp-json\/wp\/v2\/users\/2"}],"replies":[{"embeddable":true,"href":"https:\/\/www.europesays.com\/fr\/wp-json\/wp\/v2\/comments?post=247300"}],"version-history":[{"count":0,"href":"https:\/\/www.europesays.com\/fr\/wp-json\/wp\/v2\/posts\/247300\/revisions"}],"wp:featuredmedia":[{"embeddable":true,"href":"https:\/\/www.europesays.com\/fr\/wp-json\/wp\/v2\/media\/247301"}],"wp:attachment":[{"href":"https:\/\/www.europesays.com\/fr\/wp-json\/wp\/v2\/media?parent=247300"}],"wp:term":[{"taxonomy":"category","embeddable":true,"href":"https:\/\/www.europesays.com\/fr\/wp-json\/wp\/v2\/categories?post=247300"},{"taxonomy":"post_tag","embeddable":true,"href":"https:\/\/www.europesays.com\/fr\/wp-json\/wp\/v2\/tags?post=247300"}],"curies":[{"name":"wp","href":"https:\/\/api.w.org\/{rel}","templated":true}]}}