{"id":247304,"date":"2025-07-13T14:19:09","date_gmt":"2025-07-13T14:19:09","guid":{"rendered":"https:\/\/www.europesays.com\/fr\/247304\/"},"modified":"2025-07-13T14:19:09","modified_gmt":"2025-07-13T14:19:09","slug":"il-est-victime-dun-avc-a-30-ans-et-accuse-en-partie-cette-boisson","status":"publish","type":"post","link":"https:\/\/www.europesays.com\/fr\/247304\/","title":{"rendered":"il est victime d\u2019un AVC \u00e0 30 ans et accuse en partie cette boisson"},"content":{"rendered":"<p><strong>\u00ab Je pensais que c\u2019\u00e9tait un truc de vieux \u00bb<\/strong>. \u00c9ric* (le pr\u00e9nom a \u00e9t\u00e9 modifi\u00e9) prononce ces mots en parlant de l\u2019accident vasculaire c\u00e9r\u00e9bral (AVC) qui a boulevers\u00e9 sa vie en janvier 2025. \u00c0 seulement 30 ans, ce jeune cadre dynamique a vu son quotidien s\u2019effondrer en quelques minutes. Comme plus de 140 000 Fran\u00e7ais chaque ann\u00e9e, \u00c9ric a \u00e9t\u00e9 victime d\u2019un AVC. Un chiffre impressionnant, qui cache une r\u00e9alit\u00e9 moins connue, \u00e0 savoir, que cette pathologie ne concerne pas que les seniors. Environ 10 % des cas surviennent chez des personnes de moins de 45 ans, rappelle l\u2019Inserm, et cette proportion est en augmentation. L\u2019AVC peut frapper \u00e0 tout \u00e2ge, souvent de mani\u00e8re inattendue.<\/p>\n<p>\u00ab\u00a0J&rsquo;avais tout pour moi. Des \u00e9tudes de commerce, un bon job&#8230;\u00a0\u00bb<\/p>\n<p>Avant son AVC, \u00c9ric menait une vie qu\u2019il d\u00e9crit lui-m\u00eame comme \u00ab normale \u00bb pour un trentenaire. \u00ab J&rsquo;avais tout pour moi. Des \u00e9tudes de commerce, un bon job, plut\u00f4t beau gosse, plein de copains. Avec ma copine, on commen\u00e7ait \u00e0 parler mariage et b\u00e9b\u00e9. La derni\u00e8re chose \u00e0 laquelle je m&rsquo;attendais, c&rsquo;\u00e9tait de rencontrer un tel probl\u00e8me de sant\u00e9 \u00bb, confie-t-il \u00e0 Yahoo Actualit\u00e9. Il pratique un peu de sport, mais cela ne suffit pas \u00e0 compenser les exc\u00e8s. \u00ab Je picolais beaucoup, je pouvais fumer un paquet de clopes en une soir\u00e9e, et le fast food \u00e9tait ma cantine pr\u00e9f\u00e9r\u00e9e. Des trucs classiques, \u00e0 mon \u00e2ge, mais qui ont pu avoir un impact selon mes m\u00e9decins. \u00bb L\u2019accident vasculaire c\u00e9r\u00e9bral (&#8230;)<\/p>\n<p><a href=\"https:\/\/www.topsante.com\/medecine\/troubles_cardiovasculaires\/avc\/javais-tout-pour-moi-il-est-victime-dun-avc-a-30-ans-et-accuse-en-partie-cette-boisson-920811?utm_campaign=partenariat&amp;utm_source=yahoo-articles&amp;utm_medium=flux\" rel=\"nofollow noopener\" target=\"_blank\" data-ylk=\"slk:Lire la suite sur Top Sant\u00e9;elm:context_link;itc:0;sec:content-canvas\" class=\"link \">Lire la suite sur Top Sant\u00e9<\/a><\/p>\n<p><a href=\"https:\/\/www.topsante.com\/medecine\/digestion_et_transit\/ballonnements\/un-medecin-nous-met-en-garde-contre-les-ballonnements-des-airs-920869?utm_campaign=partenariat&amp;utm_source=yahoo-articles&amp;utm_medium=flux\" rel=\"nofollow noopener\" target=\"_blank\" data-ylk=\"slk:Un m\u00e9decin nous met en garde contre les &quot;ballonnements des airs&quot;;elm:context_link;itc:0;sec:content-canvas\" class=\"link \">Un m\u00e9decin nous met en garde contre les \u00ab\u00a0ballonnements des airs\u00a0\u00bb<\/a><br \/><a href=\"https:\/\/www.topsante.com\/medecine\/cancers\/cancer_de_la_peau\/un-medecin-specialiste-du-cancer-de-la-peau-partage-une-image-du-pire-melanome-quil-ait-jamais-vu-920866?utm_campaign=partenariat&amp;utm_source=yahoo-articles&amp;utm_medium=flux\" rel=\"nofollow noopener\" target=\"_blank\" data-ylk=\"slk:Un m\u00e9decin sp\u00e9cialiste du cancer de la peau partage une image du &quot;pire m\u00e9lanome&quot; qu&#039;il ait jamais vu;elm:context_link;itc:0;sec:content-canvas\" class=\"link \">Un m\u00e9decin sp\u00e9cialiste du cancer de la peau partage une image du \u00ab\u00a0pire m\u00e9lanome\u00a0\u00bb qu&rsquo;il ait jamais vu<\/a><br \/><a href=\"https:\/\/www.topsante.com\/medecine\/environnement_et_sante\/vous-ne-lavez-surement-pas-vos-draps-assez-souvent-selon-cette-experte-en-microbiologie-920451?utm_campaign=partenariat&amp;utm_source=yahoo-articles&amp;utm_medium=flux\" rel=\"nofollow noopener\" target=\"_blank\" data-ylk=\"slk:Selon une microbiologique, vous dormez avec des champignons et des acariens, sauf si vous lavez vos draps tous les ...;elm:context_link;itc:0;sec:content-canvas\" class=\"link \">Selon une microbiologique, vous dormez avec des champignons et des acariens, sauf si vous lavez vos draps tous les &#8230;<\/a><br \/><a href=\"https:\/\/www.topsante.com\/medecine\/environnement_et_sante\/canicule\/a-partir-de-cette-temperature-vous-risquez-le-choc-thermique-en-sautant-dans-la-piscine-alerte-un-cardiologue-920633?utm_campaign=partenariat&amp;utm_source=yahoo-articles&amp;utm_medium=flux\" rel=\"nofollow noopener\" target=\"_blank\" data-ylk=\"slk:\u00c0 partir de cette temp\u00e9rature vous risquez le choc thermique en sautant dans la piscine, alerte un cardiologue;elm:context_link;itc:0;sec:content-canvas\" class=\"link \">\u00c0 partir de cette temp\u00e9rature vous risquez le choc thermique en sautant dans la piscine, alerte un cardiologue<\/a><br \/><a href=\"https:\/\/www.topsante.com\/nutrition_et_recettes\/sil-y-avait-un-aliment-ultra-transforme-a-garder-dans-notre-alimentation-lequel-serait-ce-920508?utm_campaign=partenariat&amp;utm_source=yahoo-articles&amp;utm_medium=flux\" rel=\"nofollow noopener\" target=\"_blank\" data-ylk=\"slk:Rapha\u00ebl Gruman, nutritionniste : &quot;Si je devais choisir un aliment transform\u00e9 \u00e0 consommer, ce serait ...&quot;;elm:context_link;itc:0;sec:content-canvas\" class=\"link \">Rapha\u00ebl Gruman, nutritionniste : \u00ab\u00a0Si je devais choisir un aliment transform\u00e9 \u00e0 consommer, ce serait &#8230;\u00a0\u00bb<\/a><\/p>\n","protected":false},"excerpt":{"rendered":"\u00ab Je pensais que c\u2019\u00e9tait un truc de vieux \u00bb. \u00c9ric* (le pr\u00e9nom a \u00e9t\u00e9 modifi\u00e9) prononce ces&hellip;\n","protected":false},"author":2,"featured_media":247305,"comment_status":"","ping_status":"","sticky":false,"template":"","format":"standard","meta":{"footnotes":""},"categories":[10],"tags":[1764,860,1011,27,72,20399,38775,71],"class_list":{"0":"post-247304","1":"post","2":"type-post","3":"status-publish","4":"format-standard","5":"has-post-thumbnail","7":"category-sante","8":"tag-ans","9":"tag-avc","10":"tag-fr","11":"tag-france","12":"tag-health","13":"tag-laccident","14":"tag-le-prenom","15":"tag-sante"},"share_on_mastodon":{"url":"https:\/\/pubeurope.com\/@fr\/114846365336444463","error":""},"_links":{"self":[{"href":"https:\/\/www.europesays.com\/fr\/wp-json\/wp\/v2\/posts\/247304","targetHints":{"allow":["GET"]}}],"collection":[{"href":"https:\/\/www.europesays.com\/fr\/wp-json\/wp\/v2\/posts"}],"about":[{"href":"https:\/\/www.europesays.com\/fr\/wp-json\/wp\/v2\/types\/post"}],"author":[{"embeddable":true,"href":"https:\/\/www.europesays.com\/fr\/wp-json\/wp\/v2\/users\/2"}],"replies":[{"embeddable":true,"href":"https:\/\/www.europesays.com\/fr\/wp-json\/wp\/v2\/comments?post=247304"}],"version-history":[{"count":0,"href":"https:\/\/www.europesays.com\/fr\/wp-json\/wp\/v2\/posts\/247304\/revisions"}],"wp:featuredmedia":[{"embeddable":true,"href":"https:\/\/www.europesays.com\/fr\/wp-json\/wp\/v2\/media\/247305"}],"wp:attachment":[{"href":"https:\/\/www.europesays.com\/fr\/wp-json\/wp\/v2\/media?parent=247304"}],"wp:term":[{"taxonomy":"category","embeddable":true,"href":"https:\/\/www.europesays.com\/fr\/wp-json\/wp\/v2\/categories?post=247304"},{"taxonomy":"post_tag","embeddable":true,"href":"https:\/\/www.europesays.com\/fr\/wp-json\/wp\/v2\/tags?post=247304"}],"curies":[{"name":"wp","href":"https:\/\/api.w.org\/{rel}","templated":true}]}}