{"id":247308,"date":"2025-07-13T14:21:10","date_gmt":"2025-07-13T14:21:10","guid":{"rendered":"https:\/\/www.europesays.com\/fr\/247308\/"},"modified":"2025-07-13T14:21:10","modified_gmt":"2025-07-13T14:21:10","slug":"en-plein-gala-linattendue-declaration-damour-de-charlene-de-monaco-a-son-epoux","status":"publish","type":"post","link":"https:\/\/www.europesays.com\/fr\/247308\/","title":{"rendered":"en plein gala, l\u2019inattendue d\u00e9claration d\u2019amour de Charl\u00e8ne de Monaco \u00e0 son \u00e9poux"},"content":{"rendered":"<p>                             Par L\u00e9a Mabilon<\/p>\n<p>                Le 13 juillet 2025 \u00e0 13h03<\/p>\n<p>    Charl\u00e8ne et Albert de Monaco \u00e0 Monte-Carlo pour le Gala de la Croix-Rouge. (Monaco, le 12 juillet 2025.)<br \/>\n                Niviere David\/ABACAPRESS.COM<\/p>\n<p>Lors du 76e Gala de la Croix-Rouge, organis\u00e9 ce samedi \u00e0 Monte-Carlo, la princesse a surpris l\u2019assistance par une d\u00e9claration d\u2019amour \u00e9mouvante \u00e0 son \u00e9poux, le prince Albert, \u00e0 l\u2019occasion du 20e anniversaire de son accession au tr\u00f4ne.<\/p>\n<p class=\"fig-paragraph\">Son sourire a illumin\u00e9 tout au long la 76 \u00e9dition du Gala de la Croix-Rouge, tenu \u00e0 la Salle des \u00c9toiles du Sporting Monte-Carlo, ce samedi 12 juillet. V\u00eatue d\u2019une longue robe bleue sign\u00e9e Elie Saab,\u00a0<a href=\"http:\/\/madame.lefigaro.fr\/style\/news\/charlene-de-monaco-reminiscence-de-grace-kelly-en-robe-bleue-vaporeuse-au-festival-de-monte-carlo-20250618\" data-fig-type=\"Article\" data-gtm-custom-categorie=\"navigation\" data-gtm-custom-action=\"crossclick\" data-gtm-custom-label=\"Contextuel\" data-gtm-event=\"customEventSPE\" data-fig-domain=\"MADAME\" target=\"_blank\" rel=\"noopener\">Charl\u00e8ne de Monaco<\/a>\u00a0\u00e9tait ravissante au bras de son \u00e9poux,\u00a0<a href=\"http:\/\/madame.lefigaro.fr\/celebrites\/actu-people\/un-prince-sur-son-rocher-albert-de-monaco-20-ans-de-regne-en-20-cliches-20250406\" data-fig-type=\"Article\" data-gtm-custom-categorie=\"navigation\" data-gtm-custom-action=\"crossclick\" data-gtm-custom-label=\"Contextuel\" data-gtm-event=\"customEventSPE\" data-fig-domain=\"MADAME\" target=\"_blank\" rel=\"noopener\">le prince Albert<\/a>, pr\u00e9sident de l\u2019\u00e9v\u00e9nement depuis 1982. Cette soir\u00e9e, organis\u00e9e sous le signe de l\u2019engagement humanitaire, \u00e9tait d\u2019autant plus symbolique qu\u2019Albert de Monaco f\u00eatait une date tr\u00e8s importante \u00e0 ses yeux\u00a0: le 12 juillet 2025 marquait, jour pour jour, les vingt ans de son accession au tr\u00f4ne, succ\u00e9dant \u00e0 son p\u00e8re,\u00a0<a href=\"http:\/\/madame.lefigaro.fr\/celebrites\/actu-people\/rainier-iii-voulait-que-ce-soit-sa-fille-caroline-qui-monte-sur-le-trone-de-monaco-plutot-qu-albert-20240129\" data-fig-type=\"Article\" data-gtm-custom-categorie=\"navigation\" data-gtm-custom-action=\"crossclick\" data-gtm-custom-label=\"Contextuel\" data-gtm-event=\"customEventSPE\" data-fig-domain=\"MADAME\" target=\"_blank\" rel=\"noopener\">Rainier III<\/a>.<\/p>\n<p>Sagesse, courage et d\u00e9termination<\/p>\n<p class=\"fig-paragraph\">L\u2019occasion pour son \u00e9pouse de monter sur sc\u00e8ne et prononcer quelques mots\u00a0: \u00abSi ce soir je prends la parole, c\u2019est parce qu\u2019il s\u2019agit d\u2019un jour tr\u00e8s sp\u00e9cial (&#8230;) Il y a 20 ans, tu as pris les r\u00eanes de la Principaut\u00e9 et depuis ce jour tu as dirig\u00e9 Monaco avec sagesse, courage et d\u00e9termination (&#8230;) Tu as initi\u00e9 beaucoup de changements \u00e0 Monaco, ce qui implique parfois de prendre des d\u00e9cisions difficiles, mais n\u00e9cessaires pour le futur de notre pays. Ton d\u00e9sir d\u2019unit\u00e9 et de s\u00e9r\u00e9nit\u00e9 pour Monaco a \u00e9t\u00e9 ta ligne de mire. Monseigneur, Albert, tu sais que je serai toujours \u00e0 tes c\u00f4t\u00e9s, avec tous les Mon\u00e9gasques. Nous sommes avec toi, de tout notre c\u0153ur, pour prot\u00e9ger Monaco et son futur sous ton impulsion. On t\u2019aime, on te soutient et on te remercie d\u2019\u00eatre l\u00e0 pour nous tous\u00bb. Un discours qui a, sans surprise, \u00e9mu le prince Albert II.<\/p>\n","protected":false},"excerpt":{"rendered":"Par L\u00e9a Mabilon Le 13 juillet 2025 \u00e0 13h03 Charl\u00e8ne et Albert de Monaco \u00e0 Monte-Carlo pour le&hellip;\n","protected":false},"author":2,"featured_media":247309,"comment_status":"","ping_status":"","sticky":false,"template":"","format":"standard","meta":{"footnotes":""},"categories":[8],"tags":[10674,10675,58,59,1011,27],"class_list":{"0":"post-247308","1":"post","2":"type-post","3":"status-publish","4":"format-standard","5":"has-post-thumbnail","7":"category-divertissement","8":"tag-albert-de-monaco","9":"tag-charlene-de-monaco","10":"tag-divertissement","11":"tag-entertainment","12":"tag-fr","13":"tag-france"},"share_on_mastodon":{"url":"https:\/\/pubeurope.com\/@fr\/114846373245155966","error":""},"_links":{"self":[{"href":"https:\/\/www.europesays.com\/fr\/wp-json\/wp\/v2\/posts\/247308","targetHints":{"allow":["GET"]}}],"collection":[{"href":"https:\/\/www.europesays.com\/fr\/wp-json\/wp\/v2\/posts"}],"about":[{"href":"https:\/\/www.europesays.com\/fr\/wp-json\/wp\/v2\/types\/post"}],"author":[{"embeddable":true,"href":"https:\/\/www.europesays.com\/fr\/wp-json\/wp\/v2\/users\/2"}],"replies":[{"embeddable":true,"href":"https:\/\/www.europesays.com\/fr\/wp-json\/wp\/v2\/comments?post=247308"}],"version-history":[{"count":0,"href":"https:\/\/www.europesays.com\/fr\/wp-json\/wp\/v2\/posts\/247308\/revisions"}],"wp:featuredmedia":[{"embeddable":true,"href":"https:\/\/www.europesays.com\/fr\/wp-json\/wp\/v2\/media\/247309"}],"wp:attachment":[{"href":"https:\/\/www.europesays.com\/fr\/wp-json\/wp\/v2\/media?parent=247308"}],"wp:term":[{"taxonomy":"category","embeddable":true,"href":"https:\/\/www.europesays.com\/fr\/wp-json\/wp\/v2\/categories?post=247308"},{"taxonomy":"post_tag","embeddable":true,"href":"https:\/\/www.europesays.com\/fr\/wp-json\/wp\/v2\/tags?post=247308"}],"curies":[{"name":"wp","href":"https:\/\/api.w.org\/{rel}","templated":true}]}}