{"id":247320,"date":"2025-07-13T14:28:11","date_gmt":"2025-07-13T14:28:11","guid":{"rendered":"https:\/\/www.europesays.com\/fr\/247320\/"},"modified":"2025-07-13T14:28:11","modified_gmt":"2025-07-13T14:28:11","slug":"trois-hommes-arretes-a-saint-etienne","status":"publish","type":"post","link":"https:\/\/www.europesays.com\/fr\/247320\/","title":{"rendered":"trois hommes arr\u00eat\u00e9s \u00e0 Saint-\u00c9tienne"},"content":{"rendered":"<p>Le \u00ab\u00a0vol \u00e0 la danse\u00a0\u00bb.\ufeff Sous cette d\u00e9nomination presque po\u00e9tique se cache une technique de vol par ruse, dont les forces de s\u00e9curit\u00e9 constatent qu\u2019elle se r\u00e9pand sur le territoire. Pour preuve\u00a0: une interpellation, men\u00e9e dans la nuit du 12 au 13\u00a0juillet \u00e0 Saint-Etienne, apprend-t-on ce dimanche de la Direction interd\u00e9partementale de la police nationale.<\/p>\n<p>Il est tard dans la nuit, ce samedi soir, quand police-secours re\u00e7oit un appel concernant un vol qui vient de se d\u00e9rouler, sans que la victime ne s\u2019en soit aper\u00e7ue. Cette derni\u00e8re explique qu\u2019elle vient de quitter une discoth\u00e8que du centre-ville de Saint-Etienne o\u00f9 elle a pass\u00e9 la soir\u00e9e.<\/p>\n<p>  Coup de chance\u00a0: une patrouille est dans le secteur<\/p>\n<p>En sortant, elle est abord\u00e9e par un groupe de trois jeunes hommes qui font mine de danser, comme pour continuer la soir\u00e9e. Mais cette \u00ab\u00a0derni\u00e8re danse\u00a0\u00bb leur permet de s\u2019approcher suffisamment de leur cible, souvent vuln\u00e9rable en raison de son \u00e9bri\u00e9t\u00e9, pour lui subtiliser le contenu du sac ou des poches.<\/p>\n<p>C\u2019est ce que la victime st\u00e9phanoise r\u00e9alise quelques minutes plus tard. Coup de chance pour elle\u00a0: une patrouille de la Brigade anticriminalit\u00e9 est justement dans le secteur. Gr\u00e2ce au signalement qui leur est fourni, les fonctionnaires parviennent \u00e0 rep\u00e9rer et interpeller trois hommes dans la foul\u00e9e. \u00c2g\u00e9s d\u2019une vingtaine d\u2019ann\u00e9es, ils ont \u00e9t\u00e9 plac\u00e9s en garde \u00e0 vue dans les locaux de la police nationale o\u00f9 ils \u00e9taient toujours, ce dimanche en d\u00e9but d\u2019apr\u00e8s-midi.<\/p>\n","protected":false},"excerpt":{"rendered":"Le \u00ab\u00a0vol \u00e0 la danse\u00a0\u00bb.\ufeff Sous cette d\u00e9nomination presque po\u00e9tique se cache une technique de vol par ruse,&hellip;\n","protected":false},"author":2,"featured_media":247321,"comment_status":"","ping_status":"","sticky":false,"template":"","format":"standard","meta":{"footnotes":""},"categories":[9653],"tags":[1111,11,2430,271,272,7539,1777,674,274,1011,27,3367,12,25,4001,7538],"class_list":{"0":"post-247320","1":"post","2":"type-post","3":"status-publish","4":"format-standard","5":"has-post-thumbnail","7":"category-saint-etienne","8":"tag-actu","9":"tag-actualites","10":"tag-auvergne-rhone-alpes","11":"tag-crime","12":"tag-delit-et-contravention","13":"tag-edition-loire-sud","14":"tag-eu","15":"tag-europe","16":"tag-faits-divers-justice","17":"tag-fr","18":"tag-france","19":"tag-loire","20":"tag-news","21":"tag-republique-francaise","22":"tag-saint-etienne","23":"tag-saint-etienne-ville"},"share_on_mastodon":{"url":"https:\/\/pubeurope.com\/@fr\/114846400682475327","error":""},"_links":{"self":[{"href":"https:\/\/www.europesays.com\/fr\/wp-json\/wp\/v2\/posts\/247320","targetHints":{"allow":["GET"]}}],"collection":[{"href":"https:\/\/www.europesays.com\/fr\/wp-json\/wp\/v2\/posts"}],"about":[{"href":"https:\/\/www.europesays.com\/fr\/wp-json\/wp\/v2\/types\/post"}],"author":[{"embeddable":true,"href":"https:\/\/www.europesays.com\/fr\/wp-json\/wp\/v2\/users\/2"}],"replies":[{"embeddable":true,"href":"https:\/\/www.europesays.com\/fr\/wp-json\/wp\/v2\/comments?post=247320"}],"version-history":[{"count":0,"href":"https:\/\/www.europesays.com\/fr\/wp-json\/wp\/v2\/posts\/247320\/revisions"}],"wp:featuredmedia":[{"embeddable":true,"href":"https:\/\/www.europesays.com\/fr\/wp-json\/wp\/v2\/media\/247321"}],"wp:attachment":[{"href":"https:\/\/www.europesays.com\/fr\/wp-json\/wp\/v2\/media?parent=247320"}],"wp:term":[{"taxonomy":"category","embeddable":true,"href":"https:\/\/www.europesays.com\/fr\/wp-json\/wp\/v2\/categories?post=247320"},{"taxonomy":"post_tag","embeddable":true,"href":"https:\/\/www.europesays.com\/fr\/wp-json\/wp\/v2\/tags?post=247320"}],"curies":[{"name":"wp","href":"https:\/\/api.w.org\/{rel}","templated":true}]}}