{"id":247330,"date":"2025-07-13T14:37:15","date_gmt":"2025-07-13T14:37:15","guid":{"rendered":"https:\/\/www.europesays.com\/fr\/247330\/"},"modified":"2025-07-13T14:37:15","modified_gmt":"2025-07-13T14:37:15","slug":"magasins-piscines-voici-ce-qui-est-ouvert-a-rouen-le-14-juillet-jour-de-fete-nationale","status":"publish","type":"post","link":"https:\/\/www.europesays.com\/fr\/247330\/","title":{"rendered":"Magasins, piscines&#8230; Voici ce qui est ouvert \u00e0 Rouen le 14 juillet, jour de f\u00eate nationale"},"content":{"rendered":"<p>            Par<br \/>\n        <strong><br \/>\n            <a href=\"https:\/\/actu.fr\/auteur\/adrien-filoche\" title=\"Consulter tous les articles de Adrien Filoche\" rel=\"nofollow noopener\" target=\"_blank\">Adrien Filoche<\/a><br \/>\n        <\/strong><\/p>\n<p>        Publi\u00e9 le<\/p>\n<p>            13 juil. 2025 \u00e0 16h24        <\/p>\n<p>Jour f\u00e9ri\u00e9, <strong>jour de F\u00eate nationale<\/strong>, mais malgr\u00e9 tout, des commerces et services seront ouverts \u00e0 <a href=\"https:\/\/actu.fr\/normandie\/rouen_76540\" rel=\"nofollow noopener\" target=\"_blank\">Rouen (Seine-Maritime)<\/a> ce lundi 14\u00a0juillet 2025, pour ceux qui souhaitent faire leurs courses, mais pas que. On vous fait la liste, sans avoir la pr\u00e9tention de l\u2019exhaustivit\u00e9.<\/p>\n<p>Les magasins ouverts \u00e0 Rouen<\/p>\n<ul class=\" wall-content\">\n<li><strong>Intermarch\u00e9 place Saint-Marc, rue de Constantine, rue \u00c9cuy\u00e8re, rue de la Mare du Parc et rue Jeanne-d\u2019Arc\u2009:<\/strong> ouverts<\/li>\n<li><strong>Monoprix<\/strong> rue du Gros Horloge\u2009: ouvert<\/li>\n<li><strong>Carrefour<\/strong> rue Saint-Hilaire, rue Saint-Sever, rue Saint-Julien, avenue Pasteur, rue Jeanne-d\u2019Arc et rue de la R\u00e9publique\u2009: ouverts<\/li>\n<li><strong>Magasin U<\/strong> Espace du Palais et H\u00f4tel de Ville\u2009: ouvert<\/li>\n<\/ul>\n<p class=\" wall-content\">\u00c0 noter que le <strong>\ud835\udc04.\ud835\udc0b\ud835\udc1e\ud835\udc1c\ud835\udc25\ud835\udc1e\ud835\udc2b\ud835\udc1c \ud835\udc11\ud835\udc28\ud835\udc2e\ud835\udc1e\ud835\udc27 de \ud835\udc12\ud835\udc1a\ud835\udc22\ud835\udc27\ud835\udc2d-\ud835\udc12\ud835\udc1e\ud835\udc2f\ud835\udc1e\ud835\udc2b<\/strong>, l\u2019agence de voyages ainsi que les drives de Mesnil-Esnard, Darn\u00e9tal, Sotteville-l\u00e8s-Rouen, Rouen Rive Gauche et Armand Carrel seront exceptionnellement ferm\u00e9s la journ\u00e9e du 14\u00a0juillet.<\/p>\n<p>    <a href=\"https:\/\/www.facebook.com\/plugins\/post.php?href=https%3A%2F%2Fwww.facebook.com%2FELeclercRouenSaintSever%2Fposts%2Fpfbid0CPLFKFS88mbevmzoKNsokT9NfiAJx1TaqL9DyABcLnkVyDn7uPA9DvdcH5gZSDoml&amp;show_text=true&amp;width=350\" title=\"Ouvrie le lien\" rel=\"nofollow noopener\" target=\"_blank\">Cliquez ici pour visualiser le contenu<\/a><\/p>\n<p>Et autour de Rouen<\/p>\n<ul class=\" wall-content\">\n<li><strong>Centre commercial Tourville-la-Rivi\u00e8re\u2009:<\/strong> ouvert<\/li>\n<li><strong>Ikea\u2009:<\/strong> ouvert<\/li>\n<li><strong>Brico D\u00e9p\u00f4t\u2009:<\/strong> ouvert<\/li>\n<li><strong>Leroy Merlin Tourville-la-Rivi\u00e8re et Isneauville\u2009:<\/strong> ouverts<\/li>\n<li><strong>Jardinerie Poullain\u2009:<\/strong> ouverte<\/li>\n<li><strong>Jardinerie du Cailly\u2009:<\/strong> ouverte<\/li>\n<li><strong>Truffaut Isneauville\u2009:<\/strong> ouvert<\/li>\n<\/ul>\n<p class=\" wall-content\">N\u2019h\u00e9sitez pas aussi \u00e0 aller voir vos commerces ind\u00e9pendants qui pourraient \u00e9ventuellement \u00eatre ouverts ce lundi.<\/p>\n<p>Et les piscines et les mus\u00e9es\u2009?<\/p>\n<p class=\" wall-content\">Mauvaise nouvelle pour les nageurs, les piscines de Rouen seront ferm\u00e9es le 14\u00a0juillet. Cependant, la piscine Euroc\u00e9ane de Mont-Saint-Aignan sera bel et bien ouverte. Si vous voulez vous rafra\u00eechir, on vous a list\u00e9 <a href=\"https:\/\/actu.fr\/normandie\/rouen_76540\/des-temperatures-exceptionnelles-a-rouen-cette-semaine-nos-conseils-pour-se-rafraichir_62843176.html\" rel=\"nofollow noopener\" target=\"_blank\">quelques conseils dans notre article.<\/a><\/p>\n<p class=\" wall-content\">Enfin, l\u2019ensemble des mus\u00e9es de la R\u00e9union des mus\u00e9es m\u00e9tropolitains Rouen Normandie seront eux ouverts.<\/p>\n<p>Suivez l\u2019actualit\u00e9 de Rouen sur <a href=\"https:\/\/www.whatsapp.com\/channel\/0029VaKfnf99hXF2ddApFB1D\" rel=\"nofollow noopener\" target=\"_blank\">notre cha\u00eene WhatsApp<\/a> et sur <a href=\"https:\/\/www.tiktok.com\/@76actu.fr?lang=fr\" rel=\"nofollow noopener\" target=\"_blank\">notre compte TikTok<\/a>Vous souhaitez annoncer un \u00e9v\u00e9nement festif ou associatif, une initiative locale ? Rendez-vous sur notre plateforme <a href=\"https:\/\/www.infolocale.fr\/decouvrir\/actu\/\" rel=\"nofollow noopener\" target=\"_blank\">Infolocale.<\/a><\/p>\n<p class=\" wall-content\">Suivez toute l\u2019actualit\u00e9 de vos villes et m\u00e9dias favoris en vous inscrivant \u00e0 <a href=\"https:\/\/moncompte.actu.fr\" title=\"D\u00e9couvez Mon Actu\" rel=\"nofollow noopener\" data-trk=\"{&quot;cta&quot;:{&quot;action&quot;:&quot;https:\\\/\\\/moncompte.actu.fr&quot;,&quot;category&quot;:&quot;mon compte&quot;,&quot;from&quot;:&quot;article footer&quot;,&quot;name&quot;:&quot;Mon actu&quot;,&quot;type&quot;:&quot;cta&quot;}}\" target=\"_blank\">Mon Actu<\/a>.<\/p>\n<ul class=\"ac-article-tag wall-content\">\n<li><a href=\"https:\/\/actu.fr\/tag\/bon-plan-a-rouen\" data-trk=\"{&quot;cta&quot;:{&quot;action&quot;:&quot;Bon plan \\u00e0 Rouen&quot;,&quot;category&quot;:&quot;tag&quot;,&quot;from&quot;:&quot;article footer&quot;,&quot;name&quot;:&quot;Bon plan \\u00e0 Rouen&quot;,&quot;type&quot;:&quot;cta&quot;}}\" rel=\"nofollow noopener\" target=\"_blank\">#Bon plan \u00e0 Rouen<\/a><\/li>\n<li><a href=\"https:\/\/actu.fr\/tag\/commerce\" data-trk=\"{&quot;cta&quot;:{&quot;action&quot;:&quot;Commerce&quot;,&quot;category&quot;:&quot;tag&quot;,&quot;from&quot;:&quot;article footer&quot;,&quot;name&quot;:&quot;Commerce&quot;,&quot;type&quot;:&quot;cta&quot;}}\" rel=\"nofollow noopener\" target=\"_blank\">#Commerce<\/a><\/li>\n<\/ul>\n<p>                    <script async src=\"\/\/www.tiktok.com\/embed.js\"><\/script><\/p>\n","protected":false},"excerpt":{"rendered":"Par Adrien Filoche Publi\u00e9 le 13 juil. 2025 \u00e0 16h24 Jour f\u00e9ri\u00e9, jour de F\u00eate nationale, mais malgr\u00e9&hellip;\n","protected":false},"author":2,"featured_media":247331,"comment_status":"","ping_status":"","sticky":false,"template":"","format":"standard","meta":{"footnotes":""},"categories":[9587],"tags":[1111,11,9086,215,1777,674,1011,27,12,5161,25,9590,104],"class_list":{"0":"post-247330","1":"post","2":"type-post","3":"status-publish","4":"format-standard","5":"has-post-thumbnail","7":"category-rouen","8":"tag-actu","9":"tag-actualites","10":"tag-bon-plan-a-rouen","11":"tag-commerce","12":"tag-eu","13":"tag-europe","14":"tag-fr","15":"tag-france","16":"tag-news","17":"tag-normandie","18":"tag-republique-francaise","19":"tag-rouen","20":"tag-societe"},"share_on_mastodon":{"url":"https:\/\/pubeurope.com\/@fr\/114846436314392145","error":""},"_links":{"self":[{"href":"https:\/\/www.europesays.com\/fr\/wp-json\/wp\/v2\/posts\/247330","targetHints":{"allow":["GET"]}}],"collection":[{"href":"https:\/\/www.europesays.com\/fr\/wp-json\/wp\/v2\/posts"}],"about":[{"href":"https:\/\/www.europesays.com\/fr\/wp-json\/wp\/v2\/types\/post"}],"author":[{"embeddable":true,"href":"https:\/\/www.europesays.com\/fr\/wp-json\/wp\/v2\/users\/2"}],"replies":[{"embeddable":true,"href":"https:\/\/www.europesays.com\/fr\/wp-json\/wp\/v2\/comments?post=247330"}],"version-history":[{"count":0,"href":"https:\/\/www.europesays.com\/fr\/wp-json\/wp\/v2\/posts\/247330\/revisions"}],"wp:featuredmedia":[{"embeddable":true,"href":"https:\/\/www.europesays.com\/fr\/wp-json\/wp\/v2\/media\/247331"}],"wp:attachment":[{"href":"https:\/\/www.europesays.com\/fr\/wp-json\/wp\/v2\/media?parent=247330"}],"wp:term":[{"taxonomy":"category","embeddable":true,"href":"https:\/\/www.europesays.com\/fr\/wp-json\/wp\/v2\/categories?post=247330"},{"taxonomy":"post_tag","embeddable":true,"href":"https:\/\/www.europesays.com\/fr\/wp-json\/wp\/v2\/tags?post=247330"}],"curies":[{"name":"wp","href":"https:\/\/api.w.org\/{rel}","templated":true}]}}