{"id":247332,"date":"2025-07-13T14:38:13","date_gmt":"2025-07-13T14:38:13","guid":{"rendered":"https:\/\/www.europesays.com\/fr\/247332\/"},"modified":"2025-07-13T14:38:13","modified_gmt":"2025-07-13T14:38:13","slug":"la-chaleur-stop-ou-encore-voici-la-meteo-de-la-semaine-a-rouen-et-au-havre","status":"publish","type":"post","link":"https:\/\/www.europesays.com\/fr\/247332\/","title":{"rendered":"La chaleur, stop ou encore ? Voici la m\u00e9t\u00e9o de la semaine \u00e0 Rouen et au Havre"},"content":{"rendered":"<p>            Par<br \/>\n        <strong><br \/>\n            <a href=\"https:\/\/actu.fr\/auteur\/julien-bouteiller\" title=\"Consulter tous les articles de Julien Bouteiller\" rel=\"nofollow noopener\" target=\"_blank\">Julien Bouteiller<\/a><br \/>\n        <\/strong><\/p>\n<p>        Publi\u00e9 le<\/p>\n<p>            13 juil. 2025 \u00e0 16h05        <\/p>\n<p>Faudra-t-il ressortir les parapluies et ranger la cr\u00e8me solaire ? Apr\u00e8s plusieurs jours <strong>de chaleur estivale<\/strong>, on fait le point sur les pr\u00e9visions de M\u00e9t\u00e9o France \u00e0 <a href=\"https:\/\/actu.fr\/normandie\/rouen_76540\" rel=\"nofollow noopener\" target=\"_blank\">Rouen<\/a> et au <a href=\"https:\/\/actu.fr\/normandie\/le-havre_76351\" rel=\"nofollow noopener\" target=\"_blank\">Havre<\/a>, pour la semaine du 14 juillet 2025.<\/p>\n<p>Un d\u00e9but de semaine ensoleill\u00e9 \u00e0 Rouen et au Havre<\/p>\n<p class=\" wall-content\">Ce lundi f\u00e9ri\u00e9 commencera sous le soleil <strong>malgr\u00e9 quelques passages nuageux<\/strong>. D\u00e8s le matin, il faudra bien compter une vingtaine de degr\u00e9s \u00e0 Rouen et au Havre. L\u2019apr\u00e8s-midi, le mercure \u00e9voluera peu mais les nuages seront plus pr\u00e9sents.<\/p>\n<p class=\" wall-content\">Un ciel plus couvert et nuageux qui persistera pour la journ\u00e9e de mardi, avec des temp\u00e9ratures avoisinant toujours les 20\u00b0C. Mais dans la soir\u00e9e, <strong>la pluie va faire son arriv\u00e9e\u2026<\/strong><\/p>\n<p class=\" wall-content\">Mercredi, le soleil fera son retour, plus timide le matin \u00e0 Rouen. Le thermom\u00e8tre ne va pas trop bouger autour des 20\u00b0C.\u00a0<\/p>\n<p>La chaleur monte en fin de semaine<\/p>\n<p class=\" wall-content\">Jeudi, le soleil sera toujours bien pr\u00e9sent. Cette fois, <strong>les temp\u00e9ratures vont grimper un peu<\/strong>, jusqu\u2019\u00e0 27\u00b0C \u00e0 Rouen et 24\u00b0C au Havre.<\/p>\n<p class=\" wall-content\">Vendredi, la chaleur va continuer \u00e0 s\u2019intensifier mais <strong>les nuages seront un peu plus pr\u00e9sents.<\/strong><\/p>\n<p>Vid\u00e9os : en ce moment sur Actu<\/p>\n<p class=\" wall-content\">Samedi, les nuages persisteront et la pluie arrivera par le nord du d\u00e9partement. Mais dimanche,<strong> le temps redeviendra sec<\/strong> quoique nuageux et il fera jusqu\u2019\u00e0 30\u00b0C au Havre.<\/p>\n<p>Suivez l\u2019actualit\u00e9 de Rouen <a href=\"https:\/\/www.whatsapp.com\/channel\/0029VaKfnf99hXF2ddApFB1D\" rel=\"nofollow noopener\" target=\"_blank\">sur notre cha\u00eene WhatsApp<\/a> et <a href=\"https:\/\/www.tiktok.com\/@76actu.fr?lang=fr\" rel=\"nofollow noopener\" target=\"_blank\">sur notre compte TikTok<\/a>Suivez l\u2019actualit\u00e9 du Havre <a href=\"https:\/\/www.whatsapp.com\/channel\/0029VaFqJYE8aKvLBwVrEe0o\" rel=\"nofollow noopener\" target=\"_blank\">sur notre cha\u00eene WhatsApp<\/a> et <a href=\"https:\/\/www.tiktok.com\/@76actu.fr?lang=fr\" rel=\"nofollow noopener\" target=\"_blank\">sur notre compte TikTok<\/a><\/p>\n<p class=\" wall-content\">Suivez toute l\u2019actualit\u00e9 de vos villes et m\u00e9dias favoris en vous inscrivant \u00e0 <a href=\"https:\/\/moncompte.actu.fr\" title=\"D\u00e9couvez Mon Actu\" rel=\"nofollow noopener\" data-trk=\"{&quot;cta&quot;:{&quot;action&quot;:&quot;https:\\\/\\\/moncompte.actu.fr&quot;,&quot;category&quot;:&quot;mon compte&quot;,&quot;from&quot;:&quot;article footer&quot;,&quot;name&quot;:&quot;Mon actu&quot;,&quot;type&quot;:&quot;cta&quot;}}\" target=\"_blank\">Mon Actu<\/a>.<\/p>\n<p>                    <script async src=\"\/\/www.tiktok.com\/embed.js\"><\/script><\/p>\n","protected":false},"excerpt":{"rendered":"Par Julien Bouteiller Publi\u00e9 le 13 juil. 2025 \u00e0 16h05 Faudra-t-il ressortir les parapluies et ranger la cr\u00e8me&hellip;\n","protected":false},"author":2,"featured_media":247333,"comment_status":"","ping_status":"","sticky":false,"template":"","format":"standard","meta":{"footnotes":""},"categories":[9587],"tags":[1111,11,1777,674,1011,27,2487,2357,12,5161,25,9590],"class_list":{"0":"post-247332","1":"post","2":"type-post","3":"status-publish","4":"format-standard","5":"has-post-thumbnail","7":"category-rouen","8":"tag-actu","9":"tag-actualites","10":"tag-eu","11":"tag-europe","12":"tag-fr","13":"tag-france","14":"tag-meteo","15":"tag-meteo-france","16":"tag-news","17":"tag-normandie","18":"tag-republique-francaise","19":"tag-rouen"},"share_on_mastodon":{"url":"https:\/\/pubeurope.com\/@fr\/114846440002408490","error":""},"_links":{"self":[{"href":"https:\/\/www.europesays.com\/fr\/wp-json\/wp\/v2\/posts\/247332","targetHints":{"allow":["GET"]}}],"collection":[{"href":"https:\/\/www.europesays.com\/fr\/wp-json\/wp\/v2\/posts"}],"about":[{"href":"https:\/\/www.europesays.com\/fr\/wp-json\/wp\/v2\/types\/post"}],"author":[{"embeddable":true,"href":"https:\/\/www.europesays.com\/fr\/wp-json\/wp\/v2\/users\/2"}],"replies":[{"embeddable":true,"href":"https:\/\/www.europesays.com\/fr\/wp-json\/wp\/v2\/comments?post=247332"}],"version-history":[{"count":0,"href":"https:\/\/www.europesays.com\/fr\/wp-json\/wp\/v2\/posts\/247332\/revisions"}],"wp:featuredmedia":[{"embeddable":true,"href":"https:\/\/www.europesays.com\/fr\/wp-json\/wp\/v2\/media\/247333"}],"wp:attachment":[{"href":"https:\/\/www.europesays.com\/fr\/wp-json\/wp\/v2\/media?parent=247332"}],"wp:term":[{"taxonomy":"category","embeddable":true,"href":"https:\/\/www.europesays.com\/fr\/wp-json\/wp\/v2\/categories?post=247332"},{"taxonomy":"post_tag","embeddable":true,"href":"https:\/\/www.europesays.com\/fr\/wp-json\/wp\/v2\/tags?post=247332"}],"curies":[{"name":"wp","href":"https:\/\/api.w.org\/{rel}","templated":true}]}}