{"id":247336,"date":"2025-07-13T14:42:12","date_gmt":"2025-07-13T14:42:12","guid":{"rendered":"https:\/\/www.europesays.com\/fr\/247336\/"},"modified":"2025-07-13T14:42:12","modified_gmt":"2025-07-13T14:42:12","slug":"un-concert-a-leglise-anglicane-par-barok-opera","status":"publish","type":"post","link":"https:\/\/www.europesays.com\/fr\/247336\/","title":{"rendered":"Un concert \u00e0 l\u2019\u00c9glise Anglicane par Barok Opera"},"content":{"rendered":"<p>La\u00a0compagnie Barok Opera, cr\u00e9\u00e9e en 2015 par la cheffe d\u2019orchestre Fr\u00e9d\u00e9rique Chauvet, est sp\u00e9cialis\u00e9e dans la production d\u2019op\u00e9ra baroque et d\u2019op\u00e9ra comique. Elle organise, pour c\u00e9l\u00e9brer la F\u00eate nationale du 14-Juillet\u00a02025, un concert \u00e0 l\u2019\u00c9glise anglicane Saint-Bartholomew \u00e0 Dinard (Ille-et-Vilaine), <strong>\u00ab\u00a0car nous aimons jouer dans cette \u00e9glise \u00e0 l\u2019ambiance particuli\u00e8re, pleine de charme, avec son orgue de qualit\u00e9, tenu par l\u2019organiste \u00c9ric Cord\u00e9. Dinard reste notre point d\u2019ancrage, m\u00eame si nous tournons dans toute la Bretagne\u00a0\u00bb,<\/strong> commente Fr\u00e9d\u00e9rique Chauvet.<\/p>\n<p>La compagnie propose, en clin d\u2019\u0153il au 14-Juillet, un programme articul\u00e9 autour de quatre Ave Maria, des \u0153uvres de C\u00e9sar Franck, Louis Vierne, Jean Langlais, d\u2019un jeune compositeur Pierre Cholley et bien d\u2019autres surprises \u00e0 d\u00e9couvrir.<strong> \u00ab\u00a0Et pour suivre dans la ligne qui est la n\u00f4tre, de promotionner de jeunes musiciens, Barok Opera pr\u00e9sente une jeune soprano, Ninnog Memin, n\u00e9e en 2001 \u00e0 Rennes, qui est actuellement en \u00e9tude au Conservatoire national sup\u00e9rieur de musique de Lyon (Rh\u00f4ne).\u00a0\u00bb<\/strong><\/p>\n<p><strong>Lire aussi\u00a0:<\/strong> <a href=\"https:\/\/rennes.maville.com\/actu\/actudet_-14-juillet-notre-selection-de-feux-d-artifice-en-ille-et-vilaine-pour-la-fete-nationale-_7-6894702_actu.Htm\" rel=\"nofollow noopener\" target=\"_blank\">14-Juillet\u00a0: notre s\u00e9lection de feux d\u2019artifice en Ille-et-Vilaine pour la F\u00eate nationale<\/a><\/p>\n<p>Lundi 14\u00a0juillet 2025, \u00e0 18\u00a0h, concert \u00e0 l\u2019\u00c9glise anglicane Saint-Bartholomew, rue Faber. Tarif unique\u00a0: 10\u00a0\u20ac. Gratuit pour les moins de 20\u00a0ans.<\/p>\n<p>\u00a0<\/p>\n","protected":false},"excerpt":{"rendered":"La\u00a0compagnie Barok Opera, cr\u00e9\u00e9e en 2015 par la cheffe d\u2019orchestre Fr\u00e9d\u00e9rique Chauvet, est sp\u00e9cialis\u00e9e dans la production d\u2019op\u00e9ra&hellip;\n","protected":false},"author":2,"featured_media":247337,"comment_status":"","ping_status":"","sticky":false,"template":"","format":"standard","meta":{"footnotes":""},"categories":[2821],"tags":[1111,11,38782,38783,829,1697,12336,1777,674,1011,27,12,7165,584,25],"class_list":{"0":"post-247336","1":"post","2":"type-post","3":"status-publish","4":"format-standard","5":"has-post-thumbnail","7":"category-rennes","8":"tag-actu","9":"tag-actualites","10":"tag-anglicane","11":"tag-barok","12":"tag-bretagne","13":"tag-concert","14":"tag-eglise","15":"tag-eu","16":"tag-europe","17":"tag-fr","18":"tag-france","19":"tag-news","20":"tag-opera","21":"tag-rennes","22":"tag-republique-francaise"},"share_on_mastodon":{"url":"https:\/\/pubeurope.com\/@fr\/114846455759921381","error":""},"_links":{"self":[{"href":"https:\/\/www.europesays.com\/fr\/wp-json\/wp\/v2\/posts\/247336","targetHints":{"allow":["GET"]}}],"collection":[{"href":"https:\/\/www.europesays.com\/fr\/wp-json\/wp\/v2\/posts"}],"about":[{"href":"https:\/\/www.europesays.com\/fr\/wp-json\/wp\/v2\/types\/post"}],"author":[{"embeddable":true,"href":"https:\/\/www.europesays.com\/fr\/wp-json\/wp\/v2\/users\/2"}],"replies":[{"embeddable":true,"href":"https:\/\/www.europesays.com\/fr\/wp-json\/wp\/v2\/comments?post=247336"}],"version-history":[{"count":0,"href":"https:\/\/www.europesays.com\/fr\/wp-json\/wp\/v2\/posts\/247336\/revisions"}],"wp:featuredmedia":[{"embeddable":true,"href":"https:\/\/www.europesays.com\/fr\/wp-json\/wp\/v2\/media\/247337"}],"wp:attachment":[{"href":"https:\/\/www.europesays.com\/fr\/wp-json\/wp\/v2\/media?parent=247336"}],"wp:term":[{"taxonomy":"category","embeddable":true,"href":"https:\/\/www.europesays.com\/fr\/wp-json\/wp\/v2\/categories?post=247336"},{"taxonomy":"post_tag","embeddable":true,"href":"https:\/\/www.europesays.com\/fr\/wp-json\/wp\/v2\/tags?post=247336"}],"curies":[{"name":"wp","href":"https:\/\/api.w.org\/{rel}","templated":true}]}}