{"id":247357,"date":"2025-07-13T14:55:10","date_gmt":"2025-07-13T14:55:10","guid":{"rendered":"https:\/\/www.europesays.com\/fr\/247357\/"},"modified":"2025-07-13T14:55:10","modified_gmt":"2025-07-13T14:55:10","slug":"mercato-paris-fc-une-deuxieme-offre-transmise-pour-benjamin-andre-qui-na-pas-joue-en-amical-avec-lille","status":"publish","type":"post","link":"https:\/\/www.europesays.com\/fr\/247357\/","title":{"rendered":"Mercato Paris FC\u00a0: une deuxi\u00e8me offre transmise pour Benjamin Andr\u00e9 qui n\u2019a pas jou\u00e9 en amical avec Lille"},"content":{"rendered":"<p class=\"paragraph text_align_left lp-f-body-02\">\u00c0 trois jours de son premier match de pr\u00e9paration, ce mercredi 16 juillet contre l\u2019Union Saint-Gilloise \u00e0 huis clos total \u00e0 Bonneuil, et \u00e0 une semaine du d\u00e9part en stage \u00e0 Evian, <a href=\"https:\/\/www.leparisien.fr\/sports\/football\/ligue-1\/pas-vraiment-un-temps-de-juillet-mais-pluie-battante-et-bonne-humeur-pour-la-reprise-du-paris-fc-07-07-2025-VCF5KXRGKZD7DPJKJFENSB53UM.php\" target=\"_self\" rel=\"nofollow noopener\">le Paris FC<\/a> ne compte toujours que deux recrues (Simon et Sangui). Mais les dossiers continuent \u00e0 avancer en coulisses.<\/p>\n<p class=\"paragraph text_align_left lp-f-body-02\">\u00c0 commencer par celui conduisant \u00e0 <a href=\"https:\/\/www.leparisien.fr\/sports\/football\/ligue-1\/mercato-paris-fc-ca-avance-avec-le-defenseur-bresilien-otavio-benjamin-andre-toujours-dans-le-viseur-07-07-2025-6AGPPV6CYFEA7HXD6JC7BVBNPE.php\" target=\"_self\" rel=\"nofollow noopener\">Benjamin Andr\u00e9<\/a>. L\u2019exp\u00e9riment\u00e9 milieu de terrain n\u2019a pas particip\u00e9 au match de pr\u00e9paration de Lille face \u00e0 Amiens samedi (5-0). Le capitaine du LOSC n\u2019\u00e9tait pourtant pas bless\u00e9. Son absence peut donc \u00eatre interpr\u00e9t\u00e9e comme un signe qu\u2019il se rapproche du Paris FC o\u00f9 l\u2019attend un contrat de 3 ans, un salaire cons\u00e9quent et certainement le brassard.<\/p>\n<p class=\"paragraph text_align_left lp-f-body-02\">Le joueur de Ligue 1 le plus exp\u00e9riment\u00e9 avec ses 437 matchs f\u00eatera ses 35 ans au mois d\u2019ao\u00fbt. Il s\u2019est mis d\u2019accord sur toutes les conditions avec la direction parisienne. Il veut quitter Lille pour le Paris FC et a clairement exprim\u00e9 son choix aupr\u00e8s d\u2019Olivier Letang, son pr\u00e9sident.<\/p>\n<p class=\"paragraph text_align_left lp-f-body-02\">Apr\u00e8s une premi\u00e8re offre \u00e0 2 millions d\u2019euros pour racheter la derni\u00e8re ann\u00e9e de son contrat, le Paris FC vient de proposer 3 millions d\u2019euros. Il est dans l\u2019attente de la r\u00e9ponse de Letang, qui n\u2019a pour le moment pas boug\u00e9. Au-del\u00e0 de l\u2019aspect financier, il y a un aussi un c\u00f4t\u00e9 affectif dans ce dossier compte tenu de l\u2019aura et la cote d\u2019amour aupr\u00e8s des supporteurs dont b\u00e9n\u00e9fice Benjamin Andr\u00e9 \u00e0 Lille o\u00f9 il \u00e9volue depuis 2019.<\/p>\n<p>Paris FC d\u2019accord avec Porto pour Ot\u00e1vio<\/p>\n<p class=\"paragraph text_align_left lp-f-body-02\">Mais au regard des liens qui unissent le joueur et son pr\u00e9sident depuis plusieurs ann\u00e9es, on voit mal l\u2019une des parties aller jusqu\u2019au bras de fer. Il y a donc de fortes chances de voir ce transfert se conclure assez rapidement.<\/p>\n<p class=\"paragraph text_align_left lp-f-body-02\">Quant au dossier du d\u00e9fenseur central br\u00e9silien Ot\u00e1vio Ata\u00edde (23 ans), c\u2019est tout le contraire. Le Paris FC est d\u2019accord avec son club Porto depuis plusieurs jours d\u00e9j\u00e0. Le transfert tournerait autour de 10 millions d\u2019euros (plus bonus). Mais il doit maintenant finaliser un accord contractuel avec Ot\u00e1vio et son entourage. Le joueur s\u2019est d\u2019ailleurs pr\u00e9sent\u00e9 au stage de pr\u00e9-saison de Porto vendredi.<\/p>\n<p class=\"paragraph text_align_left lp-f-body-02\">Enfin ce 14 juillet sera marqu\u00e9 par l\u2019arriv\u00e9e de<a href=\"https:\/\/www.leparisien.fr\/sports\/football\/paris-fc\/mercato-paris-fc-projet-de-jeu-salaire-naturalisation-comment-le-promu-parisien-a-attire-moses-simon-25-06-2025-66WAZIR7DRE6LNOGP7M3B2WCW4.php\" target=\"_self\" rel=\"nofollow noopener\"> Moses Simon <\/a>qui va effectuer son premier entra\u00eenement \u00e0 Orly apr\u00e8s avoir b\u00e9n\u00e9fici\u00e9 d\u2019une rallonge de vacances. Il avait disput\u00e9 trois matchs avec le Nigeria fin mai-d\u00e9but juin. Le gardien Obed Nkambadio, qui avait particip\u00e9 \u00e0 l\u2019Euro espoirs, est, lui, aussi de retour.<\/p>\n","protected":false},"excerpt":{"rendered":"\u00c0 trois jours de son premier match de pr\u00e9paration, ce mercredi 16 juillet contre l\u2019Union Saint-Gilloise \u00e0 huis&hellip;\n","protected":false},"author":2,"featured_media":247358,"comment_status":"","ping_status":"","sticky":false,"template":"","format":"standard","meta":{"footnotes":""},"categories":[2815],"tags":[1111,11,1777,674,63,1011,27,811,66,1307,12,25,60],"class_list":{"0":"post-247357","1":"post","2":"type-post","3":"status-publish","4":"format-standard","5":"has-post-thumbnail","7":"category-lille","8":"tag-actu","9":"tag-actualites","10":"tag-eu","11":"tag-europe","12":"tag-football","13":"tag-fr","14":"tag-france","15":"tag-hauts-de-france","16":"tag-ligue-1","17":"tag-lille","18":"tag-news","19":"tag-republique-francaise","20":"tag-sports"},"share_on_mastodon":{"url":"https:\/\/pubeurope.com\/@fr\/114846507082838680","error":""},"_links":{"self":[{"href":"https:\/\/www.europesays.com\/fr\/wp-json\/wp\/v2\/posts\/247357","targetHints":{"allow":["GET"]}}],"collection":[{"href":"https:\/\/www.europesays.com\/fr\/wp-json\/wp\/v2\/posts"}],"about":[{"href":"https:\/\/www.europesays.com\/fr\/wp-json\/wp\/v2\/types\/post"}],"author":[{"embeddable":true,"href":"https:\/\/www.europesays.com\/fr\/wp-json\/wp\/v2\/users\/2"}],"replies":[{"embeddable":true,"href":"https:\/\/www.europesays.com\/fr\/wp-json\/wp\/v2\/comments?post=247357"}],"version-history":[{"count":0,"href":"https:\/\/www.europesays.com\/fr\/wp-json\/wp\/v2\/posts\/247357\/revisions"}],"wp:featuredmedia":[{"embeddable":true,"href":"https:\/\/www.europesays.com\/fr\/wp-json\/wp\/v2\/media\/247358"}],"wp:attachment":[{"href":"https:\/\/www.europesays.com\/fr\/wp-json\/wp\/v2\/media?parent=247357"}],"wp:term":[{"taxonomy":"category","embeddable":true,"href":"https:\/\/www.europesays.com\/fr\/wp-json\/wp\/v2\/categories?post=247357"},{"taxonomy":"post_tag","embeddable":true,"href":"https:\/\/www.europesays.com\/fr\/wp-json\/wp\/v2\/tags?post=247357"}],"curies":[{"name":"wp","href":"https:\/\/api.w.org\/{rel}","templated":true}]}}