{"id":247368,"date":"2025-07-13T15:03:15","date_gmt":"2025-07-13T15:03:15","guid":{"rendered":"https:\/\/www.europesays.com\/fr\/247368\/"},"modified":"2025-07-13T15:03:15","modified_gmt":"2025-07-13T15:03:15","slug":"un-eleve-officier-chute-mortellement-a-paris-a-la-veille-de-son-defile-du-14-juillet","status":"publish","type":"post","link":"https:\/\/www.europesays.com\/fr\/247368\/","title":{"rendered":"Un \u00e9l\u00e8ve-officier chute mortellement \u00e0 Paris \u00e0 la veille de son d\u00e9fil\u00e9 du 14-Juillet"},"content":{"rendered":"<p>Le sous-lieutenant Antoine Alix, qui achevait sa formation \u00e0 l\u2019\u00c9cole militaire interarmes, devait d\u00e9filer lundi sur les Champs-\u00c9lys\u00e9es avec sa promotion, selon un communiqu\u00e9 du minist\u00e8re des Arm\u00e9es.<\/p>\n<p class=\"fig-paragraph\">Un \u00e9l\u00e8ve-officier de l&rsquo;\u00c9cole militaire interarmes (EMIA) a chut\u00e9 mortellement dans la nuit de samedi \u00e0 dimanche dans le 18e arrondissement de Paris alors qu&rsquo;il rentrait du bal des d\u00e9filants organis\u00e9 en amont du\u00a0<a href=\"http:\/\/www.lefigaro.fr\/conjoncture\/defile-militaire-feu-d-artifice-combien-coute-l-organisation-des-celebrations-du-14-juillet-20250712\" target=\"_blank\" data-fig-type=\"Article\" rel=\"noopener nofollow\" data-gtm-custom-categorie=\"navigation\" data-gtm-custom-action=\"crossclick\" data-gtm-custom-label=\"Contextuel\" data-gtm-event=\"customEventSPE\" data-fig-domain=\"LEFIGARO\">d\u00e9fil\u00e9 du 14-Juillet<\/a>, a appris l&rsquo;AFP de sources polici\u00e8re et militaire.<\/p>\n<p class=\"fig-paragraph\">Le sous-lieutenant Antoine Alix, qui achevait sa formation d&rsquo;\u00e9l\u00e8ve-officier, devait d\u00e9filer lundi sur les Champs \u00c9lys\u00e9es avec sa promotion, selon un communiqu\u00e9 du minist\u00e8re des Arm\u00e9es. Engag\u00e9 en 2015 \u00aben qualit\u00e9 de jeune engag\u00e9 volontaire de l&rsquo;arm\u00e9e de Terre pour servir au sein du 7e r\u00e9giment du mat\u00e9riel de Lyon, il a fait preuve pendant 10 ans d&rsquo;une volont\u00e9 sans faille de servir son pays\u00bb, selon le minist\u00e8re. Il a notamment \u00e9t\u00e9 d\u00e9ploy\u00e9 \u00e0 deux reprises en op\u00e9ration ext\u00e9rieure au Sahel et r\u00e9ussi l&rsquo;an pass\u00e9 le concours de l&rsquo;EMIA pour devenir officier.<\/p>\n<p>                                    <a class=\"fig-a11y-skip a11y-hidden\" href=\"#fig-a11y-skip-main-inarticle\"><br \/>\n        Passer la publicit\u00e9<br \/>\n    <\/a><\/p>\n<p class=\"fig-paragraph\">Il est tomb\u00e9 dans le cimeti\u00e8re de Montmartre depuis un pont \u00e0 15 m\u00e8tres de hauteur. Selon la source polici\u00e8re, le jeune trentenaire rentrait du bal des d\u00e9filants et aurait escalad\u00e9 le pont Caulaincourt, un pont m\u00e9tallique routier qui traverse le cimeti\u00e8re de Montmartre.<\/p>\n<p class=\"fig-paragraph\">Lundi, 7000 femmes et hommes d\u00e9fileront, dont 5600 \u00e0 pied, 65 avions dont 5 appareils \u00e9trangers, 34 h\u00e9licopt\u00e8res, 247 v\u00e9hicules et 200 chevaux de la Garde r\u00e9publicaine.<\/p>\n","protected":false},"excerpt":{"rendered":"Le sous-lieutenant Antoine Alix, qui achevait sa formation \u00e0 l\u2019\u00c9cole militaire interarmes, devait d\u00e9filer lundi sur les Champs-\u00c9lys\u00e9es&hellip;\n","protected":false},"author":2,"featured_media":247369,"comment_status":"","ping_status":"","sticky":false,"template":"","format":"standard","meta":{"footnotes":""},"categories":[1888],"tags":[10915,1111,1928,11,1927,1777,674,1011,27,13264,12,1926,626,1925,25],"class_list":{"0":"post-247368","1":"post","2":"type-post","3":"status-publish","4":"format-standard","5":"has-post-thumbnail","7":"category-paris","8":"tag-14-juillet","9":"tag-actu","10":"tag-actu-paris","11":"tag-actualites","12":"tag-actualites-paris","13":"tag-eu","14":"tag-europe","15":"tag-fr","16":"tag-france","17":"tag-militaires","18":"tag-news","19":"tag-news-paris","20":"tag-paris","21":"tag-paris-news","22":"tag-republique-francaise"},"share_on_mastodon":{"url":"https:\/\/pubeurope.com\/@fr\/114846538301340189","error":""},"_links":{"self":[{"href":"https:\/\/www.europesays.com\/fr\/wp-json\/wp\/v2\/posts\/247368","targetHints":{"allow":["GET"]}}],"collection":[{"href":"https:\/\/www.europesays.com\/fr\/wp-json\/wp\/v2\/posts"}],"about":[{"href":"https:\/\/www.europesays.com\/fr\/wp-json\/wp\/v2\/types\/post"}],"author":[{"embeddable":true,"href":"https:\/\/www.europesays.com\/fr\/wp-json\/wp\/v2\/users\/2"}],"replies":[{"embeddable":true,"href":"https:\/\/www.europesays.com\/fr\/wp-json\/wp\/v2\/comments?post=247368"}],"version-history":[{"count":0,"href":"https:\/\/www.europesays.com\/fr\/wp-json\/wp\/v2\/posts\/247368\/revisions"}],"wp:featuredmedia":[{"embeddable":true,"href":"https:\/\/www.europesays.com\/fr\/wp-json\/wp\/v2\/media\/247369"}],"wp:attachment":[{"href":"https:\/\/www.europesays.com\/fr\/wp-json\/wp\/v2\/media?parent=247368"}],"wp:term":[{"taxonomy":"category","embeddable":true,"href":"https:\/\/www.europesays.com\/fr\/wp-json\/wp\/v2\/categories?post=247368"},{"taxonomy":"post_tag","embeddable":true,"href":"https:\/\/www.europesays.com\/fr\/wp-json\/wp\/v2\/tags?post=247368"}],"curies":[{"name":"wp","href":"https:\/\/api.w.org\/{rel}","templated":true}]}}