{"id":24737,"date":"2025-04-14T17:02:09","date_gmt":"2025-04-14T17:02:09","guid":{"rendered":"https:\/\/www.europesays.com\/fr\/24737\/"},"modified":"2025-04-14T17:02:09","modified_gmt":"2025-04-14T17:02:09","slug":"a-quiberon-la-grande-exposition-consacree-au-peintre-ernest-guerin-a-ouvert-ses-portes","status":"publish","type":"post","link":"https:\/\/www.europesays.com\/fr\/24737\/","title":{"rendered":"\u00c0 Quiberon, la grande exposition consacr\u00e9e au peintre Ernest\u00a0Gu\u00e9rin a ouvert ses portes"},"content":{"rendered":"<p>Vendredi apr\u00e8s midi, il y avait de l\u2019effervescence dans et autour la salle d\u2019exposition de la Mairie. En poussant discr\u00e8tement la porte, on pouvait acc\u00e9der aux coulisses de la mise en place d\u2019une exposition. Herv\u00e9 Duval, commissaire de l\u2019exposition consacr\u00e9e au peintre Ernest Gu\u00e9rin, travaillait avec le principal pr\u00eateur priv\u00e9 de cette exposition\u00a0: Jean-Paul Eyraud, qui avait amen\u00e9 20 des 46 \u0153uvres qui seront expos\u00e9es entre le 12 avril et le 10 ao\u00fbt (seulement).<\/p>\n<p>Ernest Gu\u00e9rin\u00a0: un peintre enchanteur et\u2026 inclassable<\/p>\n<p>\u00c0 premi\u00e8re vue les tableaux pr\u00e9sent\u00e9s semblent sortir d\u2019un si\u00e8cle lointain et pourtant\u00a0: \u00ab\u00a0Il \u00e9tait n\u00e9 en 1887 \u00e0 Rennes et mourut \u00e0 Quiberon en 1952, explique Herv\u00e9 Duval. C\u2019est un artiste complexe et inclassable. Moderne\u00a0? Ou pas\u00a0? Il faut entrer dans son univers. F\u00e9ru d\u2019histoire, il s\u2019\u00e9tait aussi cr\u00e9\u00e9 une Bretagne imaginaire. Il a beaucoup peint (6\u00a0000 \u00e0 10\u00a0000 toiles) et beaucoup dans cette Bretagne qu\u2019il aimait tant. Les \u0153uvres expos\u00e9es ici repr\u00e9sentent Quiberon et ses alentours qu\u2019il connaissait fort bien.\u00a0\u00bb Une exposition \u00e0 ne manquer sous aucun pr\u00e9texte bien s\u00fbr\u00a0\u00bb.<\/p>\n<p><b>Pratique<\/b><\/p>\n<p class=\"note\">Exposition Ernest Gu\u00e9rin, le peintre enchanteur\u00a0; du 12 avril au 10 ao\u00fbt en salle d\u2019exposition de la Mairie de Quiberon. Horaires\u00a0: 10\u00a0h-13\u00a0h 15\u00a0h-18\u00a0h. Entr\u00e9e libre. Catalogue d\u2019exposition en vente.<\/p>\n","protected":false},"excerpt":{"rendered":"Vendredi apr\u00e8s midi, il y avait de l\u2019effervescence dans et autour la salle d\u2019exposition de la Mairie. En&hellip;\n","protected":false},"author":2,"featured_media":24738,"comment_status":"","ping_status":"","sticky":false,"template":"","format":"standard","meta":{"footnotes":""},"categories":[1358],"tags":[8913,1348,1384,1385,7507,251,872,1386,58,59,1011,27,1585,8912],"class_list":{"0":"post-24737","1":"post","2":"type-post","3":"status-publish","4":"format-standard","5":"has-post-thumbnail","7":"category-arts-et-design","8":"tag-art-plastique","9":"tag-arts","10":"tag-arts-and-design","11":"tag-arts-et-design","12":"tag-auray","13":"tag-culture","14":"tag-culture-et-loisirs","15":"tag-design","16":"tag-divertissement","17":"tag-entertainment","18":"tag-fr","19":"tag-france","20":"tag-peinture","21":"tag-quiberon"},"share_on_mastodon":{"url":"https:\/\/pubeurope.com\/@fr\/114337398424313382","error":""},"_links":{"self":[{"href":"https:\/\/www.europesays.com\/fr\/wp-json\/wp\/v2\/posts\/24737","targetHints":{"allow":["GET"]}}],"collection":[{"href":"https:\/\/www.europesays.com\/fr\/wp-json\/wp\/v2\/posts"}],"about":[{"href":"https:\/\/www.europesays.com\/fr\/wp-json\/wp\/v2\/types\/post"}],"author":[{"embeddable":true,"href":"https:\/\/www.europesays.com\/fr\/wp-json\/wp\/v2\/users\/2"}],"replies":[{"embeddable":true,"href":"https:\/\/www.europesays.com\/fr\/wp-json\/wp\/v2\/comments?post=24737"}],"version-history":[{"count":0,"href":"https:\/\/www.europesays.com\/fr\/wp-json\/wp\/v2\/posts\/24737\/revisions"}],"wp:featuredmedia":[{"embeddable":true,"href":"https:\/\/www.europesays.com\/fr\/wp-json\/wp\/v2\/media\/24738"}],"wp:attachment":[{"href":"https:\/\/www.europesays.com\/fr\/wp-json\/wp\/v2\/media?parent=24737"}],"wp:term":[{"taxonomy":"category","embeddable":true,"href":"https:\/\/www.europesays.com\/fr\/wp-json\/wp\/v2\/categories?post=24737"},{"taxonomy":"post_tag","embeddable":true,"href":"https:\/\/www.europesays.com\/fr\/wp-json\/wp\/v2\/tags?post=24737"}],"curies":[{"name":"wp","href":"https:\/\/api.w.org\/{rel}","templated":true}]}}