{"id":247382,"date":"2025-07-13T15:10:10","date_gmt":"2025-07-13T15:10:10","guid":{"rendered":"https:\/\/www.europesays.com\/fr\/247382\/"},"modified":"2025-07-13T15:10:10","modified_gmt":"2025-07-13T15:10:10","slug":"motogp-allemagne-j3-fabio-quartararo-yamaha-4-loin-detre-satisfait-de-son-resultat-je-nai-eu-aucune-sensation-du-premier-au-dernier-tour","status":"publish","type":"post","link":"https:\/\/www.europesays.com\/fr\/247382\/","title":{"rendered":"MotoGP, Allemagne J3, Fabio Quartararo (Yamaha\/4) loin d&rsquo;\u00eatre satisfait de son r\u00e9sultat : \u00ab\u00a0Je n&rsquo;ai eu aucune sensation du premier au dernier tour\u00a0\u00bb"},"content":{"rendered":"<p><strong>Malgr\u00e9 une belle quatri\u00e8me place en course, Fabio<br \/>\nQuartararo n\u2019a pas cach\u00e9 son agacement face aux probl\u00e8mes de sa<br \/>\nYamaha.<\/strong><\/p>\n<p><a href=\"https:\/\/www.paddock-gp.com\/motogp-allemagne-j2-podium-surprise-pour-fabio-quartararo-yamaha-q7-s3-je-ne-pensais-pas-avoir-ce-genre-de-rythme\/\" target=\"_blank\" rel=\"noopener nofollow\">Auteur d\u2019un podium surprise en<br \/>\ncourse sprint hier<\/a>, et d\u2019une quatri\u00e8me place aujourd\u2019hui,<br \/>\n<strong>Fabio Quartararo<\/strong> a, sur le papier, de quoi avoir<br \/>\nle sourire. Malgr\u00e9 un d\u00e9part en demi-teinte qui l\u2019a vu r\u00e9trograder<br \/>\nau neuvi\u00e8me rang, le Fran\u00e7ais est remont\u00e9 peu \u00e0 peu jusqu\u2019\u00e0 la<br \/>\nsepti\u00e8me place, et a ensuite profit\u00e9 des chutes devant lui, qui lui<br \/>\nont permis de terminer quatri\u00e8me. Pourtant, il est arriv\u00e9 agac\u00e9<br \/>\ndans son box apr\u00e8s la course et n\u2019a pas cach\u00e9 sa frustration.<\/p>\n<p>\u00ab\u00a0Je n\u2019ai eu aucune sensation du premier au dernier<br \/>\ntour. C\u2019est frustrant, je n\u2019arrive pas \u00e0 prendre du plaisir sur la<br \/>\nmoto. On travaille mais il n\u2019y a aucun r\u00e9sultat donc c\u2019est tr\u00e8s<br \/>\ndifficile\u00a0\u00bb, a-t-il l\u00e2ch\u00e9 au micro de <a href=\"https:\/\/www.canalplus.com\/sport\/motogp\" rel=\"nofollow noopener\" target=\"_blank\">Canal+<\/a>.<\/p>\n<p>\u00ab\u00a0Je crois que personne ne peut comprendre ce qui nous<br \/>\narrive en course. C\u2019est vraiment frustrant et difficile \u00e0<br \/>\ncomprendre parce qu\u2019on a aucune adh\u00e9rence. On voit les autres<br \/>\npartir, on essaye de pousser un peu plus mais on doit penser aussi<br \/>\nau fait que les pneus s\u2019usent \u00e9norm\u00e9ment, qu\u2019on ne peut pas trop<br \/>\nles utiliser, mais en m\u00eame temps on perd plus d\u2019une demi-seconde au<br \/>\ntour. C\u2019est assez bizarre.\u00a0\u00bb<\/p>\n<p><img loading=\"lazy\" decoding=\"async\" class=\"aligncenter size-full wp-image-1309995\" src=\"https:\/\/www.europesays.com\/fr\/wp-content\/uploads\/2025\/07\/MEYMm__GG92223.jpg\" alt=\"Fabio Quartararo Allemagne\" width=\"800\" height=\"533\"  \/><\/p>\n<p>Las, <strong>Quartararo<\/strong> continue de pointer du doigt<br \/>\nles m\u00eames choses et s\u2019impatiente en voyant les week-ends se suivre<br \/>\net se ressembler c\u00f4t\u00e9 coulisses. \u00ab\u00a0Ce sont plein de<br \/>\npetites choses qui font qu\u2019\u00e0 la fin la diff\u00e9rence est \u00e9norme. Il<br \/>\nnous manque de l\u2019adh\u00e9rence, de la puissance, de l\u2019a\u00e9ro,<br \/>\nl\u2019\u00e9lectronique ne fonctionne pas tr\u00e8s bien, et surtout quand les<br \/>\nconditions changent. On peut voir que sur un tour on est tr\u00e8s<br \/>\nrapides, mais sur la course on peut voir qu\u2019on est tr\u00e8s lents. On<br \/>\nn\u2019arrive pas \u00e0 trouver une constance sur notre moto\u00a0\u00bb,<br \/>\na-t-il ajout\u00e9.<\/p>\n<p>\u00ab\u00a0Sinc\u00e8rement c\u2019est fatigant de toujours r\u00e9p\u00e9ter les<br \/>\nm\u00eames choses, de voir qu\u2019on fait une r\u00e9union tous les samedis et<br \/>\ntous les dimanches, mais les commentaires sont exactement les<br \/>\nm\u00eames, et qu\u2019on n\u2019arrive pas \u00e0 trouver ce petit plus. Mais on est<br \/>\nl\u00e0 pour travailler, je suis l\u00e0 pour essayer de remonter le plus<br \/>\nhaut possible. Ils doivent aussi faire le job.\u00a0\u00bb<\/p>\n<p><strong>R\u00e9sultats du Grand Prix d\u2019Allemagne<br \/>\n:<\/strong><\/p>\n<p><img loading=\"lazy\" decoding=\"async\" class=\"aligncenter size-full wp-image-1309909\" src=\"https:\/\/www.europesays.com\/fr\/wp-content\/uploads\/2025\/07\/gp.jpg\" alt=\"\" width=\"800\" height=\"783\"  \/><\/p>\n<p>Cr\u00e9dit classement : <a href=\"https:\/\/www.motogp.com\/fr\" rel=\"nofollow noopener\" target=\"_blank\">MotoGP.com<\/a><\/p>\n","protected":false},"excerpt":{"rendered":"Malgr\u00e9 une belle quatri\u00e8me place en course, Fabio Quartararo n\u2019a pas cach\u00e9 son agacement face aux probl\u00e8mes de&hellip;\n","protected":false},"author":2,"featured_media":247383,"comment_status":"","ping_status":"","sticky":false,"template":"","format":"standard","meta":{"footnotes":""},"categories":[1587],"tags":[11,672,1804,1805,1803,1777,674,1801,12,1802],"class_list":{"0":"post-247382","1":"post","2":"type-post","3":"status-publish","4":"format-standard","5":"has-post-thumbnail","7":"category-allemagne","8":"tag-actualites","9":"tag-allemagne","10":"tag-bundesrepublik-deutschland","11":"tag-de","12":"tag-deutschland","13":"tag-eu","14":"tag-europe","15":"tag-germany","16":"tag-news","17":"tag-republique-federale-dallemagne"},"share_on_mastodon":{"url":"https:\/\/pubeurope.com\/@fr\/114846566133097798","error":""},"_links":{"self":[{"href":"https:\/\/www.europesays.com\/fr\/wp-json\/wp\/v2\/posts\/247382","targetHints":{"allow":["GET"]}}],"collection":[{"href":"https:\/\/www.europesays.com\/fr\/wp-json\/wp\/v2\/posts"}],"about":[{"href":"https:\/\/www.europesays.com\/fr\/wp-json\/wp\/v2\/types\/post"}],"author":[{"embeddable":true,"href":"https:\/\/www.europesays.com\/fr\/wp-json\/wp\/v2\/users\/2"}],"replies":[{"embeddable":true,"href":"https:\/\/www.europesays.com\/fr\/wp-json\/wp\/v2\/comments?post=247382"}],"version-history":[{"count":0,"href":"https:\/\/www.europesays.com\/fr\/wp-json\/wp\/v2\/posts\/247382\/revisions"}],"wp:featuredmedia":[{"embeddable":true,"href":"https:\/\/www.europesays.com\/fr\/wp-json\/wp\/v2\/media\/247383"}],"wp:attachment":[{"href":"https:\/\/www.europesays.com\/fr\/wp-json\/wp\/v2\/media?parent=247382"}],"wp:term":[{"taxonomy":"category","embeddable":true,"href":"https:\/\/www.europesays.com\/fr\/wp-json\/wp\/v2\/categories?post=247382"},{"taxonomy":"post_tag","embeddable":true,"href":"https:\/\/www.europesays.com\/fr\/wp-json\/wp\/v2\/tags?post=247382"}],"curies":[{"name":"wp","href":"https:\/\/api.w.org\/{rel}","templated":true}]}}