{"id":247395,"date":"2025-07-13T15:18:14","date_gmt":"2025-07-13T15:18:14","guid":{"rendered":"https:\/\/www.europesays.com\/fr\/247395\/"},"modified":"2025-07-13T15:18:14","modified_gmt":"2025-07-13T15:18:14","slug":"la-famille-poursuit-sa-quete-de-verite-en-afrique-du-sud","status":"publish","type":"post","link":"https:\/\/www.europesays.com\/fr\/247395\/","title":{"rendered":"La famille poursuit sa qu\u00eate de v\u00e9rit\u00e9 en Afrique du Sud"},"content":{"rendered":"<p data-start=\"91\" data-end=\"547\">Onze mois apr\u00e8s la tragique disparition de Medhi Narjissi, un jeune rugbyman franco-marocain de 17 ans emport\u00e9 par les flots \u00e0 Dias Beach, en Afrique du Sud, lors d\u2019un stage avec l\u2019\u00e9quipe de France U18, ses proches r\u00e9clament un approfondissement de l\u2019enqu\u00eate, informe <a href=\"https:\/\/www.ladepeche.fr\/2025\/05\/24\/tu-ne-seras-pas-oublie-un-complexe-sportif-medhi-narjissi-a-ete-inaugure-a-sainte-colombe-en-bruilhois-en-hommage-au-jeune-rugbyman-12718934.php\" target=\"_blank\" rel=\"nofollow noopener\">La D\u00e9p\u00eache<\/a>.<\/p>\n<p data-start=\"91\" data-end=\"547\">Deux membres de l\u2019encadrement, le pr\u00e9parateur physique et le manager, ont \u00e9t\u00e9 mis en examen pour homicide involontaire, mais la famille du jeune joueur souhaite que la justice aille plus loin.<\/p>\n<p data-start=\"549\" data-end=\"990\">Selon les parents, Medhi a \u00e9t\u00e9 emmen\u00e9 malgr\u00e9 la dangerosit\u00e9 reconnue du site. \u00abIls \u00e9taient douze adultes, neuf sur la plage, \u00e0 cautionner cette mise \u00e0 l\u2019eau. Il n\u2019y a pas de hi\u00e9rarchie de responsabilit\u00e9 pour nous\u00bb, a d\u00e9clar\u00e9 son p\u00e8re, Jalil Narjissi, ancien international marocain, \u00e0 <a href=\"https:\/\/france3-regions.franceinfo.fr\/nouvelle-aquitaine\/lot-et-garonne\/agen\/disparition-de-medhi-narjissi-la-famille-du-jeune-rugbyman-veut-etendre-les-responsabilites-a-florian-grill-et-au-voyagiste-3185181.html\" target=\"_blank\" rel=\"nofollow noopener\">France 3 Nouvelle-Aquitaine<\/a>. La famille accuse un d\u00e9faut d\u2019encadrement, l&rsquo;absence de secours imm\u00e9diats et une gestion irresponsable du risque.<\/p>\n<p data-start=\"992\" data-end=\"1445\">L\u2019avocat de la famille, Me \u00c9douard Martial, s\u2019appuie sur un rapport accablant du minist\u00e8re des Sports pour demander l\u2019ouverture d\u2019investigations \u00e0 l\u2019encontre du pr\u00e9sident de la F\u00e9d\u00e9ration fran\u00e7aise de rugby (FFR), Florian Grill, et du voyagiste en charge de l\u2019organisation sur place. Ce prestataire, Fran\u00e7ais install\u00e9 en Afrique du Sud, est soup\u00e7onn\u00e9 d\u2019avoir failli \u00e0 son obligation de s\u00e9curit\u00e9, bien qu\u2019il connaisse parfaitement la dangerosit\u00e9 du site.<\/p>\n<p data-start=\"1447\" data-end=\"1773\">\u00c0 ce jour, la F\u00e9d\u00e9ration n\u2019a pas fourni le contrat liant l\u2019organisateur \u00e0 la FFR, ce que d\u00e9noncent les avocats de la famille. Un d\u00e9p\u00f4t de requ\u00eate est pr\u00e9vu \u00e0 la rentr\u00e9e, avec l\u2019arriv\u00e9e d\u2019un nouveau juge d\u2019instruction. Une enqu\u00eate parall\u00e8le est \u00e9galement en cours en Afrique du Sud, o\u00f9 les parents pr\u00e9voient de d\u00e9poser plainte.<\/p>\n<p data-start=\"1775\" data-end=\"2020\">Le 24 mai dernier, un complexe sportif a \u00e9t\u00e9 inaugur\u00e9 \u00e0 Sainte-Colombe-en-Bruilhois, dans le Lot-et-Garonne, en hommage \u00e0 Medhi. \u00abC\u2019\u00e9tait un moyen pour nous de te dire que tu ne seras pas oubli\u00e9\u00bb, a d\u00e9clar\u00e9 Jalil Narjissi lors de la c\u00e9r\u00e9monie, relate <a href=\"https:\/\/www.ladepeche.fr\/2025\/05\/24\/tu-ne-seras-pas-oublie-un-complexe-sportif-medhi-narjissi-a-ete-inaugure-a-sainte-colombe-en-bruilhois-en-hommage-au-jeune-rugbyman-12718934.php\" target=\"_blank\" rel=\"nofollow noopener\">La D\u00e9p\u00eache<\/a>.<\/p>\n","protected":false},"excerpt":{"rendered":"Onze mois apr\u00e8s la tragique disparition de Medhi Narjissi, un jeune rugbyman franco-marocain de 17 ans emport\u00e9 par&hellip;\n","protected":false},"author":2,"featured_media":247396,"comment_status":"","ping_status":"","sticky":false,"template":"","format":"standard","meta":{"footnotes":""},"categories":[1416],"tags":[1011,27,479,1468,60],"class_list":{"0":"post-247395","1":"post","2":"type-post","3":"status-publish","4":"format-standard","5":"has-post-thumbnail","7":"category-rugby","8":"tag-fr","9":"tag-france","10":"tag-rugby","11":"tag-rugby-football","12":"tag-sports"},"share_on_mastodon":{"url":"https:\/\/pubeurope.com\/@fr\/114846597338304764","error":""},"_links":{"self":[{"href":"https:\/\/www.europesays.com\/fr\/wp-json\/wp\/v2\/posts\/247395","targetHints":{"allow":["GET"]}}],"collection":[{"href":"https:\/\/www.europesays.com\/fr\/wp-json\/wp\/v2\/posts"}],"about":[{"href":"https:\/\/www.europesays.com\/fr\/wp-json\/wp\/v2\/types\/post"}],"author":[{"embeddable":true,"href":"https:\/\/www.europesays.com\/fr\/wp-json\/wp\/v2\/users\/2"}],"replies":[{"embeddable":true,"href":"https:\/\/www.europesays.com\/fr\/wp-json\/wp\/v2\/comments?post=247395"}],"version-history":[{"count":0,"href":"https:\/\/www.europesays.com\/fr\/wp-json\/wp\/v2\/posts\/247395\/revisions"}],"wp:featuredmedia":[{"embeddable":true,"href":"https:\/\/www.europesays.com\/fr\/wp-json\/wp\/v2\/media\/247396"}],"wp:attachment":[{"href":"https:\/\/www.europesays.com\/fr\/wp-json\/wp\/v2\/media?parent=247395"}],"wp:term":[{"taxonomy":"category","embeddable":true,"href":"https:\/\/www.europesays.com\/fr\/wp-json\/wp\/v2\/categories?post=247395"},{"taxonomy":"post_tag","embeddable":true,"href":"https:\/\/www.europesays.com\/fr\/wp-json\/wp\/v2\/tags?post=247395"}],"curies":[{"name":"wp","href":"https:\/\/api.w.org\/{rel}","templated":true}]}}