{"id":247398,"date":"2025-07-13T15:21:10","date_gmt":"2025-07-13T15:21:10","guid":{"rendered":"https:\/\/www.europesays.com\/fr\/247398\/"},"modified":"2025-07-13T15:21:10","modified_gmt":"2025-07-13T15:21:10","slug":"je-navais-aucune-sensation-sur-la-moto-fabio-quartararo-4e-mais-frustre-apres-le-grand-prix-dallemagne-lequipe","status":"publish","type":"post","link":"https:\/\/www.europesays.com\/fr\/247398\/","title":{"rendered":"\u00ab Je n&#039;avais aucune sensation sur la moto \u00bb : Fabio Quartararo, 4e mais frustr\u00e9 apr\u00e8s le Grand Prix d&#039;Allemagne &#8211; L&#039;\u00c9quipe"},"content":{"rendered":"<ol>\n<li><a href=\"https:\/\/news.google.com\/rss\/articles\/CBMi5wFBVV95cUxQNzdmLURVU0FNWTlMdi02NUgxNFhyMW1qOFFxV1BmUlZUREhWQ1RFRG9fcjBiWXp1UU1pckJuRzFJc1VyQjE1aFVCdXdHLWV2YXNGUkJRdmhPTjk2Ym8zaElQOWE0YzJ1ZjJWMlROdUxqQTJBazZKMG5ZTFFCa0VuVWd1d3psZmdfS0dEUFdsRGMyUThfdkE0OFk3a2tmUjdlMDR1LXUzelowNGg1ZlB3eGpPeUFGZlF4aXVHSXhyN2xsMXJqZ2tnMndEWXpBM1puQzIzZEFEczRUdHFMelV2ZHV1YU1EbW8?oc=5\" target=\"_blank\" rel=\"nofollow noopener\">\u00ab Je n&rsquo;avais aucune sensation sur la moto \u00bb : Fabio Quartararo, 4e mais frustr\u00e9 apr\u00e8s le Grand Prix d&rsquo;Allemagne<\/a>&nbsp;&nbsp;L&rsquo;\u00c9quipe<\/li>\n<li><a href=\"https:\/\/news.google.com\/rss\/articles\/CBMi8wFBVV95cUxOcS1mMlFzU2pWVm8ybnZ5eVVhRjh3R1J3TUZqOV93ZzNDTUZpWHdZYm40Q05EcmJJTTY3alYwYmRBYlctUnYwWXlxZW1lODlLazVXUVo4enZOTlZzdE5pNlB6c0ppZVA1Qm95RWRFZDJvd3JMcVJ2M1o0RDY3Nl9qemFCTDAtd1RvMWtUaWhzeGlzQUEzY1VZSnVMWlNqQXZZNWxSRWRtbGRXX0JmLTFSM2NXbFp3WlVZXzFOVVZoWjNvX1haQkZIeW95dUFUYlN6c1o4bTlKMERrRWRDZVlLSVNnZDdiU09KYm91VWZLS3M0TWs?oc=5\" target=\"_blank\" rel=\"nofollow noopener\">MotoGP: \u00ab\u00a0C&rsquo;est \u00e0 eux de faire le job\u00a0\u00bb, Quartararo en col\u00e8re contre son \u00e9quipe apr\u00e8s le GP d&rsquo;Allemagne<\/a>&nbsp;&nbsp;RMC Sport<\/li>\n<li><a href=\"https:\/\/news.google.com\/rss\/articles\/CBMi_AFBVV95cUxNZWhKSkVHUXZWT1BLR3ZXbS1pM2o0Q1lQZkpQZFNfSF8weEJxVzBaN3lNVk5naWc3QmFsSFkyMU1zRi1VQlVMQVk0djY0VlJ0VnVXeWs3UUwwNU04b3BESUdWM0lkWHdWbUl2WkZEX1lBTjV5MnpQd3BQOGhDcXhQb2diV1ktb3UwekNfc2twRU1aLVNUWDlfbFVSU29maEluak5MTUJsbU5FdHpqcmppSEU5SC1jMjJ6NjBpMEE2ek5neUhxVy1VWFVPY0pscGN1U29JaFBCcjdPcE9PbjR3alViaWtvYnVRZ1IxY1ZhZFVPbWtpbjhDLUs1Q1M?oc=5\" target=\"_blank\" rel=\"nofollow noopener\">MotoGP. GP d\u2019Allemagne : \u00ab C\u2019est \u00e0 eux de faire le job \u00bb, l\u00e2che un Quartararo brid\u00e9 par sa moto<\/a>&nbsp;&nbsp;Ouest-France<\/li>\n<li><a href=\"https:\/\/news.google.com\/rss\/articles\/CBMi9wFBVV95cUxPWFU2UXBfaHMyUXZuc2VoQVJsUWFrRHd6SUVTX3cya04yOTJTVXFqWm1SU2p5NWpVTDVOTVYtczBRaVY5N0hqR2liYk4tbWdPVTZnUkxPQmdnNFdYRVJwbDRKVU1SU2d2MTNEVHpZcFVSVG5vU1BkNlRtSWk4SjNtSi1ONWFldld5RW5xWE5mYjRISVNqNVZLbHhwNFBPbFZjYXdLeE5yeHUzamlVc1Z2TFV5eFRYVTgteUdTVjFXX2lDYnlMLTFWWllVRnp3TTNKYzVfdFlVMC1NV0RITm5qRXRESWo0dGFCRER1Tm90N0dVREpySkln?oc=5\" target=\"_blank\" rel=\"nofollow noopener\">MotoGP, Allemagne J3, Fabio Quartararo (Yamaha\/4) loin d&rsquo;\u00eatre satisfait de son r\u00e9sultat : \u00ab\u00a0Je n&rsquo;ai eu aucune sensation du premier au dernier tour\u00a0\u00bb<\/a>&nbsp;&nbsp;Paddock GP<\/li>\n<li><a href=\"https:\/\/news.google.com\/rss\/articles\/CBMizwFBVV95cUxPMmxNY1M3YUR0U3FFcXVyc253SDhleGlkWmNjR2llY09EZXhNQjBiMnNtUm10S0ZLSC03aU5idWxLTUl0ZE5ZQWFuZUJrb3lhS1ZZenpBd2RPVG9oX2NxajRHUFZnMkdpQmU1Y0RDT0xNcE5xdWN4Y3FJRUE2WE1kamZvaThXZ3V3WHY4dUJWbG02ZFRGMlo4NWwxUk1Bb0daNzBUcHB6eHYzZll3aUFlLXBLbmZUeXhGWjNoOE80M1ZHUGJGcEhOUm1BTEo0dTTSAc4BQVVfeXFMUHR2cEdOUnQyWnlqSVFMVTZYSkpldElSUWdwaFVNbDNTZVo1aDBFMW5ud1laU1BBbTBVQ2hOOW5BVXA1c2wxZVNpeGs4dFYwLTJ5SDFsSEc1Nk92MllZRVJlODdaWFdVUE84dXVzRWVNMk9kUGtaVXY5dGJjalBvWG41eWhYbjhUV2tKV3IwNHlud21kSm92QWJLbW96TlBHM3owbkpCOVdSNlBmRzFIY3QxZllMbDBRb2Z4Y3Z3Q0dfMnFWTUQ5MDYyVm1mekE?oc=5\" target=\"_blank\" rel=\"nofollow noopener\">MotoGP &#8211; GP d&rsquo;Allemagne : Quartararo frustr\u00e9 par son mat\u00e9riel<\/a>&nbsp;&nbsp;Orange Actualit\u00e9s | Sports<\/li>\n<\/ol>\n","protected":false},"excerpt":{"rendered":"\u00ab Je n&rsquo;avais aucune sensation sur la moto \u00bb : Fabio Quartararo, 4e mais frustr\u00e9 apr\u00e8s le Grand&hellip;\n","protected":false},"author":2,"featured_media":247399,"comment_status":"","ping_status":"","sticky":false,"template":"","format":"standard","meta":{"footnotes":""},"categories":[1413],"tags":[1011,27,1457,1456,60],"class_list":{"0":"post-247398","1":"post","2":"type-post","3":"status-publish","4":"format-standard","5":"has-post-thumbnail","7":"category-moto","8":"tag-fr","9":"tag-france","10":"tag-moto","11":"tag-motocycle","12":"tag-sports"},"share_on_mastodon":{"url":"https:\/\/pubeurope.com\/@fr\/114846609102131660","error":""},"_links":{"self":[{"href":"https:\/\/www.europesays.com\/fr\/wp-json\/wp\/v2\/posts\/247398","targetHints":{"allow":["GET"]}}],"collection":[{"href":"https:\/\/www.europesays.com\/fr\/wp-json\/wp\/v2\/posts"}],"about":[{"href":"https:\/\/www.europesays.com\/fr\/wp-json\/wp\/v2\/types\/post"}],"author":[{"embeddable":true,"href":"https:\/\/www.europesays.com\/fr\/wp-json\/wp\/v2\/users\/2"}],"replies":[{"embeddable":true,"href":"https:\/\/www.europesays.com\/fr\/wp-json\/wp\/v2\/comments?post=247398"}],"version-history":[{"count":0,"href":"https:\/\/www.europesays.com\/fr\/wp-json\/wp\/v2\/posts\/247398\/revisions"}],"wp:featuredmedia":[{"embeddable":true,"href":"https:\/\/www.europesays.com\/fr\/wp-json\/wp\/v2\/media\/247399"}],"wp:attachment":[{"href":"https:\/\/www.europesays.com\/fr\/wp-json\/wp\/v2\/media?parent=247398"}],"wp:term":[{"taxonomy":"category","embeddable":true,"href":"https:\/\/www.europesays.com\/fr\/wp-json\/wp\/v2\/categories?post=247398"},{"taxonomy":"post_tag","embeddable":true,"href":"https:\/\/www.europesays.com\/fr\/wp-json\/wp\/v2\/tags?post=247398"}],"curies":[{"name":"wp","href":"https:\/\/api.w.org\/{rel}","templated":true}]}}