{"id":247406,"date":"2025-07-13T15:25:14","date_gmt":"2025-07-13T15:25:14","guid":{"rendered":"https:\/\/www.europesays.com\/fr\/247406\/"},"modified":"2025-07-13T15:25:14","modified_gmt":"2025-07-13T15:25:14","slug":"elle-sait-que-tattends-detre-saisi-pour-payer-tes-impots-kevin-debonne-et-ines-reg-cest-reparti-pour-un-tour","status":"publish","type":"post","link":"https:\/\/www.europesays.com\/fr\/247406\/","title":{"rendered":"\u00ab\u00a0Elle sait que t&rsquo;attends d&rsquo;\u00eatre saisi pour payer tes imp\u00f4ts\u00a0\u00bb, Kevin Debonne et In\u00e8s Reg, c&rsquo;est reparti pour un tour ?"},"content":{"rendered":"<p>      R\u00e9sum\u00e9<\/p>\n<p>Kevin Debonne et In\u00e8s Reg, officiellement divorc\u00e9s, continuent d\u2019\u00e9changer des messages et des clins d\u2019\u0153il humoristiques, laissant planer le doute sur la nature de leur relation actuelle.<\/p>\n<p>        Sommaire<\/p>\n<p>C\u2019\u00e9tait d\u00e9but 2024, <strong><a href=\"https:\/\/www.public.fr\/ines-reg-evincee-de-mask-singer-elodie-poux-claque-la-porte-michael-youn-debarque-dans-le-jury\" rel=\"nofollow noopener\" target=\"_blank\">In\u00e8s Reg<\/a> et Kevin Debonne annon\u00e7aient officiellement leur divorce<\/strong>, apr\u00e8s plusieurs ann\u00e9es de collaboration artistique et sentimentale. Une s\u00e9paration qui avait attrist\u00e9 leurs fans, mais qui a eu lieu sans drame, avec une \u00e9l\u00e9gance rare dans le paysage m\u00e9diatique fran\u00e7ais. \u00ab\u00a0On s\u2019est perdus sur des choses et ce n\u2019est pas grave\u00a0\u00bb, r\u00e9sumait In\u00e8s Reg quelques mois plus tard sur le plateau de Clique, expliquant qu\u2019ils \u00e9taient devenus \u00ab\u00a0plus potes qu\u2019amoureux\u00a0\u00bb. Fin de l\u2019histoire ? Pas si s\u00fbr.<\/p>\n<p>Kevin Debonne : un sketch qui s\u00e8me le trouble<\/p>\n<p>Ce samedi 11 juillet depuis son compte Instagram, <a href=\"https:\/\/www.public.fr\/ines-reg-depuis-leur-rupture-kevin-debonne-recoit-de-nombreux-dm-de-drague-extremes\" rel=\"nofollow noopener\" target=\"_blank\">l\u2019humoriste Kevin Debonne<\/a> balance un sketch qui interpelle avec cette punchline : <strong>\u00ab\u00a0Pour ou contre retourner avec son ex, note en commentaire, t\u2019es dans quelle team<\/strong>\u00ab\u00a0. Une demande pour le moins \u00e9quivoque, m\u00eame sur le ton de l&rsquo;humour, et qui n&rsquo;a pas manqu\u00e9 de susciter de nombreuses r\u00e9actions de la part de ses followers : \u00ab\u00a0Si c&rsquo;est In\u00e8s Reg pour !!!\u00a0\u00bb peut-on lire notamment. <\/p>\n<p>In\u00e8s Reg et Kevin Debonne : divorc\u00e9s, mais ins\u00e9parables ?<\/p>\n<p>Ah, l\u2019amour fa\u00e7on In\u00e8s Reg et Kevin Debonne c\u2019est tout un sketch, au sens propre comme au sens figur\u00e9. Si leur divorce a \u00e9t\u00e9 annonc\u00e9 d\u00e9but 2024, les derniers mois laissent penser que <strong>la rupture ne rime pas forc\u00e9ment avec rupture des liens<\/strong>.<\/p>\n<p>Officiellement s\u00e9par\u00e9s, oui. \u00c9motionnellement distants ? Pas vraiment. L&rsquo;\u00e9mission \u00ab\u00a0Les Enfants de la t\u00e9l\u00e9\u00a0\u00bb, diffus\u00e9e le 9 mars dernier, en a apport\u00e9 \u00e9galement la preuve. Souvenez-vous, <strong>surprise en direct<\/strong>, In\u00e8s Reg d\u00e9couvre <a href=\"https:\/\/www.public.fr\/a-la-base-je-ne-voulais-pas-ines-reg-revient-comme-jamais-sur-son-divorce-davec-kevin-debonne\" rel=\"nofollow noopener\" target=\"_blank\">un message vid\u00e9o de son ex-mari<\/a> dans lequel il d\u00e9clare, \u00e9mu, mais rieur : \u00ab\u00a0Tr\u00e8s fier de toi, de la femme que tu es, de l\u2019artiste exceptionnelle que tu es\u2026 Tu sais tout l\u2019amour que j\u2019ai pour toi.\u00a0\u00bb<\/p>\n<p>Et elle, les yeux brillants, r\u00e9pondant alors du tac au tac : \u00a0\u00bb Il est incroyable. Vous m\u2019avez eue, tr\u00e8s fort.\u201d Autant dire que niveau tension dramatique, on est plus proche du film \u00ab\u00a0Quand Harry rencontre Sally\u00a0\u00bb que d\u2019un \u00e9pisode de l&rsquo;\u00e9mission \u00ab\u00a0Affaire conclue\u00a0\u00bb.<\/p>\n<p>Alors non, \u00e0 ce jour, le couple d&rsquo;humoristes ne semble pas avoir remis le couvert, mais <strong>les mots de Kevin Debonne et ses punchlines pleines de sous-entendus <\/strong>pourraient aussi bien viser un personnage fictif qu&rsquo;\u00eatre le signe d&rsquo;un retour de flamme bien r\u00e9el avec son ex.<\/p>\n<p>Alors punchline anodine ? Clin d\u2019\u0153il un peu trop bien plac\u00e9 \u00e0 une femme qu\u2019il conna\u00eet tr\u00e8s bien ? Ou simple buzz ? Les paris sont ouverts.<\/p>\n<p>      Mentionn\u00e9s dans cet article<\/p>\n<p>\u00c0 lire aussi<\/p>\n","protected":false},"excerpt":{"rendered":"R\u00e9sum\u00e9 Kevin Debonne et In\u00e8s Reg, officiellement divorc\u00e9s, continuent d\u2019\u00e9changer des messages et des clins d\u2019\u0153il humoristiques, laissant&hellip;\n","protected":false},"author":2,"featured_media":247407,"comment_status":"","ping_status":"","sticky":false,"template":"","format":"standard","meta":{"footnotes":""},"categories":[1359],"tags":[58,59,1011,27,13782,973],"class_list":{"0":"post-247406","1":"post","2":"type-post","3":"status-publish","4":"format-standard","5":"has-post-thumbnail","7":"category-people","8":"tag-divertissement","9":"tag-entertainment","10":"tag-fr","11":"tag-france","12":"tag-ines-reg","13":"tag-people"},"share_on_mastodon":{"url":"","error":""},"_links":{"self":[{"href":"https:\/\/www.europesays.com\/fr\/wp-json\/wp\/v2\/posts\/247406","targetHints":{"allow":["GET"]}}],"collection":[{"href":"https:\/\/www.europesays.com\/fr\/wp-json\/wp\/v2\/posts"}],"about":[{"href":"https:\/\/www.europesays.com\/fr\/wp-json\/wp\/v2\/types\/post"}],"author":[{"embeddable":true,"href":"https:\/\/www.europesays.com\/fr\/wp-json\/wp\/v2\/users\/2"}],"replies":[{"embeddable":true,"href":"https:\/\/www.europesays.com\/fr\/wp-json\/wp\/v2\/comments?post=247406"}],"version-history":[{"count":0,"href":"https:\/\/www.europesays.com\/fr\/wp-json\/wp\/v2\/posts\/247406\/revisions"}],"wp:featuredmedia":[{"embeddable":true,"href":"https:\/\/www.europesays.com\/fr\/wp-json\/wp\/v2\/media\/247407"}],"wp:attachment":[{"href":"https:\/\/www.europesays.com\/fr\/wp-json\/wp\/v2\/media?parent=247406"}],"wp:term":[{"taxonomy":"category","embeddable":true,"href":"https:\/\/www.europesays.com\/fr\/wp-json\/wp\/v2\/categories?post=247406"},{"taxonomy":"post_tag","embeddable":true,"href":"https:\/\/www.europesays.com\/fr\/wp-json\/wp\/v2\/tags?post=247406"}],"curies":[{"name":"wp","href":"https:\/\/api.w.org\/{rel}","templated":true}]}}