{"id":247408,"date":"2025-07-13T15:26:13","date_gmt":"2025-07-13T15:26:13","guid":{"rendered":"https:\/\/www.europesays.com\/fr\/247408\/"},"modified":"2025-07-13T15:26:13","modified_gmt":"2025-07-13T15:26:13","slug":"le-genie-de-cezanne-et-son-grand-atelier-du-jas-de-bouffan","status":"publish","type":"post","link":"https:\/\/www.europesays.com\/fr\/247408\/","title":{"rendered":"Le g\u00e9nie de C\u00e9zanne et son grand atelier du Jas de Bouffan"},"content":{"rendered":"<p class=\"ap-StoryElement ap-StoryElement--mb js-paywall-target ap-StoryText\">Devant la maison situ\u00e9e dans la p\u00e9riph\u00e9rie d&rsquo;Aix, une vaste all\u00e9e de platanes plant\u00e9s au d\u00e9but du XXe si\u00e8cle m\u00e8ne \u00e0 la bastide et \u00e0 l&rsquo;arri\u00e8re une autre all\u00e9e est plant\u00e9e de marronniers.<\/p>\n<p><img loading=\"lazy\" decoding=\"async\" class=\"w-full lazyload lazyload--opacity object-contain\" style=\"aspect-ratio:133 \/ 100;opacity:1\" alt=\"Le Jas de Bouffan \u00e0 Aix-en-Provence\" width=\"768\" height=\"576\" fetchpriority=\"auto\" src=\"https:\/\/www.europesays.com\/fr\/wp-content\/uploads\/2025\/04\/S5VKD3X55FFF3BW6V4SEHXNP7I.png\"  data- data-optimumx=\"1\"\/>Le Jas de Bouffan \u00e0 Aix-en-Provence \u00a9Photo: D.R.<\/p>\n<p class=\"ap-StoryElement ap-StoryElement--mb ap-StoryText\">Paul C\u00e9zanne y v\u00e9cut 40 ans, de ses vingt ans jusqu&rsquo;en 1899 en alternance avec Paris o\u00f9 il passait la moiti\u00e9 de son temps. La bastide fut revendue en 1899 apr\u00e8s la mort du p\u00e8re de C\u00e9zanne parce qu&rsquo;une des s\u0153urs de Paul C\u00e9zanne avait besoin de l&rsquo;argent de la vente pour rembourser les dettes de jeu de son mari.<\/p>\n<p class=\"ap-StoryElement ap-StoryElement--mb ap-StoryText\">En 1901, C\u00e9zanne installa alors son atelier (qu&rsquo;on visite toujours) sur la colline des Lauves, face \u00e0 la montagne Sainte-Victoire. Il y travailla six ans, jusqu&rsquo;\u00e0 sa mort pr\u00e9matur\u00e9e. En 1906, en effet, le peintre, toujours aussi bougon et atrabilaire, \u00e2g\u00e9 alors de 67 ans, solitaire, diab\u00e9tique, peignit trop longtemps sous la pluie, au sommet de la colline des Lauves, en face de la montagne Sainte-Victoire qu&rsquo;il aimait tant et dont la vue serait aujourd&rsquo;hui menac\u00e9e par un projet immobilier de la ville. Il mourut quelques jours plus tard d&rsquo;une pleur\u00e9sie, le 23 octobre 1906. Jusqu&rsquo;au bout, il aura \u00e9t\u00e9 \u00ab\u00a0au motif\u00a0\u00bb, comme il le disait, face \u00e0 la nature dans un combat au corps \u00e0 corps.<\/p>\n<p><b>La place du p\u00e8re<\/b><\/p>\n<p class=\"ap-StoryElement ap-StoryElement--mb ap-StoryText\">Cet \u00e9t\u00e9, il faut commencer les visites par celle du Jas de Bouffan (il faut r\u00e9server son\u00a0\u00bb cr\u00e9neau\u00a0\u00bb). C&rsquo;est l\u00e0 qu&rsquo;Il fit ses premi\u00e8res \u0153uvres sur les murs du salon paternel quand il avait vingt ans et dans son atelier au deuxi\u00e8me \u00e9tage que son p\u00e8re lui avait install\u00e9 avec une grande verri\u00e8re donnant sur le Nord. On a souvent insist\u00e9 sur l&rsquo;opposition forte entre C\u00e9zanne et son p\u00e8re qui aurait voulu que son fils fasse carri\u00e8re dans la banque mais une visite au Jas montre au contraire que le p\u00e8re aida le fils, en lui laissant couvrir le salon de peintures qu&rsquo;on a pu retrouver et qui sont expos\u00e9es \u00e0 l&rsquo;exposition au mus\u00e9e Granet et en lui am\u00e9nageant cet atelier. De plus, il lui versa toute sa vie une rente lui permettant de continuer son aventure artistique (C\u00e9zanne vendit tr\u00e8s peu de son vivant).<\/p>\n<p><a href=\"https:\/\/www.lalibre.be\/culture\/arts\/2006\/06\/09\/cezanne-le-revolutionnaire-4G57HW7PYBGA5NV7ASIQCWHM5Y\/\" target=\"_blank\" rel=\"noopener noreferrer\" class=\"ap-StoryInterstitialLink ap-StoryElement ap-StoryElement--mb\">C\u00e9zanne, le r\u00e9volutionnaire, l&rsquo;expo de 2006<\/a><\/p>\n<p class=\"ap-StoryElement ap-StoryElement--mb ap-StoryText\">Au mus\u00e9e Granet, on peut revoir le magnifique portrait que C\u00e9zanne fit en 1866 de son p\u00e8re assis, lisant le journal L&rsquo;\u00c9v\u00e9nement, celui dans lequel \u00e9crivait Zola, l&rsquo;ami d&rsquo;enfance de C\u00e9zanne.<\/p>\n<p><img loading=\"lazy\" decoding=\"async\" class=\"w-full lazyload lazyload--opacity object-contain\" style=\"aspect-ratio:75 \/ 100;opacity:1\" alt=\"Paul Cezanne: Louis-Auguste C\u00e9zanne lisant L\u2019Ev\u00e8nement 1866, (d\u00e9tail) National Gallery of Art , Washington\" width=\"768\" height=\"1024\" fetchpriority=\"auto\" src=\"https:\/\/www.europesays.com\/fr\/wp-content\/uploads\/2025\/04\/S5VKD3X55FFF3BW6V4SEHXNP7I.png\"  data- data-optimumx=\"1\"\/>Paul Cezanne: Louis-Auguste C\u00e9zanne lisant L&rsquo;Ev\u00e8nement 1866, (d\u00e9tail) National Gallery of Art , Washington \u00a9Cr\u00e9dit :National Gallery of Art , Washington<\/p>\n<p class=\"ap-StoryElement ap-StoryElement--mb ap-StoryText\">La bastide et son parc sont rest\u00e9s \u00ab\u00a0dans leur jus\u00a0\u00bb sans meubles ni \u0153uvres de C\u00e9zanne mais les visites guid\u00e9es sont excellentes et permettent de faire revivre C\u00e9zanne.<\/p>\n<p class=\"ap-StoryElement ap-StoryElement--mb ap-StoryText\">Le projet de restauration doit encore continuer et il est pr\u00e9vu que la ferme devienne un Centre C\u00e9zanien de recherche et de documentation, responsable du catalogue raisonn\u00e9.<\/p>\n<p><b>Au mus\u00e9e Granet<\/b><\/p>\n<p class=\"ap-StoryElement ap-StoryElement--mb ap-StoryText\">Il faut ensuite voir la nouvelle grande exposition C\u00e9zanne au mus\u00e9e Granet, avec encore plus d&rsquo;\u0153uvres (130 \u0153uvres au total) que celle marquante de 2006 organis\u00e9e alors pour le centenaire de la mort du peintre.<\/p>\n<p class=\"ap-StoryElement ap-StoryElement--mb ap-StoryText\">Avec Bruno Ely, directeur du mus\u00e9e Granet et grand C\u00e9zanien, comme commissaire. Elle s&rsquo;intitule C\u00e9zanne au Jas de Bouffan.<\/p>\n<p class=\"ap-StoryElement ap-StoryElement--mb ap-StoryText\">\u00ab\u00a0Moi vivant, jamais une \u0153uvre de C\u00e9zanne ne rentrera au mus\u00e9e Granet\u00a0\u00bb, s&rsquo;exclamait son conservateur au d\u00e9but du si\u00e8cle dernier. Pendant des d\u00e9cennies, la belle ville du sud a snob\u00e9 son g\u00e9nie. On construisit m\u00eame en 1970 une autoroute dans le parc du Jas de Bouffan. Aujourd&rsquo;hui, la ville se rattrape merveilleusement.<\/p>\n<p class=\"ap-StoryElement ap-StoryElement--mb ap-StoryText\">C\u00e9zanne n&rsquo;a jamais peint la vie sociale de son \u00e9poque, jamais des ouvriers ou des paysans \u00e0 l&rsquo;\u0153uvre. Jamais, il ne peignit un sentiment humain. Ses sujets sont intemporels : la nature, la lumi\u00e8re, la forme, le divin, les liens \u00e9tranges entre celui qui voit et la chose vue, entre le senti et le ressenti comme l&rsquo;a bien expliqu\u00e9 le philosophe Merleau-Ponty. Sa traque est de d\u00e9gager la forme pour atteindre l&rsquo;indicible, l&rsquo;inmontrable, ce qui surgit des choses, le r\u00f4le obscur de l&rsquo;air et de l&rsquo;espace.<\/p>\n<p><img loading=\"lazy\" decoding=\"async\" class=\"w-full lazyload lazyload--opacity object-contain\" style=\"aspect-ratio:84 \/ 100;opacity:1\" alt=\"Paul Cezanne, Portrait de l\u2019artiste au fond rose, vers 1875\" width=\"768\" height=\"910\" fetchpriority=\"auto\" src=\"https:\/\/www.europesays.com\/fr\/wp-content\/uploads\/2025\/04\/S5VKD3X55FFF3BW6V4SEHXNP7I.png\"  data- data-optimumx=\"1\"\/>Paul Cezanne, Portrait de l&rsquo;artiste au fond rose, vers 1875, mus\u00e9 d&rsquo;Orsay \u00a9 RMN &#8211; Grand Palais &#8211; Adrien Didierjean <\/p>\n<p class=\"ap-StoryElement ap-StoryElement--mb ap-StoryText\">Mais C\u00e9zanne va chercher ses sujets pr\u00e8s de chez lui. Au Jas de Bouffan d&rsquo;abord, comme le montre cette exposition, qui a agi pour lui comme un laboratoire o\u00f9 il exp\u00e9rimente pour r\u00e9pondre \u00e0 la question : \u00ab\u00a0Arriverai-je au but tant cherch\u00e9 et si longtemps poursuivi ?\u00a0\u00bb<\/p>\n<blockquote class=\"ap-StoryQuote ap-StoryQuote--pullquote\"><p>guillement<\/p>\n<p class=\"ap-StoryQuote-text\">\u00ab\u00a0Je suis un primitif d&rsquo;un art nouveau\u00a0\u00bb.<\/p>\n<\/blockquote>\n<p class=\"ap-StoryElement ap-StoryElement--mb ap-StoryText\">C&rsquo;est \u00e0 Aix qu&rsquo;il suivit des cours de dessin et chercha un style comme le montrent les grandes fresques du salon qui furent enlev\u00e9es par les nouveaux propri\u00e9taires de la bastide au d\u00e9but du XXe si\u00e8cle et vendues \u00e0 part.<\/p>\n<p class=\"ap-StoryElement ap-StoryElement--mb ap-StoryText\">C&rsquo;est l\u00e0 qu&rsquo;il revint si souvent peindre la Bastide et son parc, les paysages, les natures mortes, l\u00e0 qu&rsquo;il utilisa parfois les paysans du Jas comme mod\u00e8les ainsi que le montre le c\u00e9l\u00e8bre tableau Les joueurs de cartes dont on voit une version de 1893-1896.<\/p>\n<p class=\"ap-StoryElement ap-StoryElement--mb ap-StoryText\">C\u00e9zanne quitta fr\u00e9quemment Aix dont il ex\u00e9crait l&#8217;embourgeoisement pour rejoindre \u00e0 Paris son ami Zola et y pratiquer ce qu&rsquo;il appela une peinture \u00ab\u00a0couillarde\u00a0\u00bb, tr\u00e8s noire, avant d&rsquo;\u00e9claircir sa palette au contact de Pissaro comme l&rsquo;a montr\u00e9 l&rsquo;exposition Pissaro-C\u00e9zanne qui s&rsquo;est tenue \u00e0 Orsay en 2006.<\/p>\n<p class=\"ap-StoryElement ap-StoryElement--mb ap-StoryText\">Il revint ensuite sans cesse \u00e0 Aix, disparaissant un moment au point que ses amis parisiens l&rsquo;ont cru mort. Il y d\u00e9couvre la lumi\u00e8re du sud \u00e0 l&rsquo;Estaque pr\u00e8s de Marseille. Sa palette touche maintenant la transparence.<\/p>\n<p>L\u00e0 o\u00f9 tout est n\u00e9<\/p>\n<p class=\"ap-StoryElement ap-StoryElement--mb ap-StoryText\">Ses sujets furent peu nombreux. Mais qu&rsquo;importe. Il a peint 60 fois la montagne Sainte-Victoire, dans un corps \u00e0 corps fastueux dont on voit un bel exemple \u00e0 l&rsquo;exposition. La forme est encore marqu\u00e9e, les plans de couleurs donnent une perspective, m\u00eame si la touche est d\u00e9j\u00e0 pos\u00e9e en aplats. Le bleu du ciel glisse dans la verdure et inversement, l&rsquo;espace et la couleur accouchent des formes. Le cubisme s&rsquo;annonce. C\u00e9zanne doit m\u00eame souligner le profil de la montagne pour l&rsquo;indiquer tant les couleurs s&rsquo;y m\u00ealent. C\u00e9zanne r\u00e9invente la nature, il disait : \u00ab\u00a0Avoir des sensations et lire la nature.\u00a0\u00bb<\/p>\n<p><img loading=\"lazy\" decoding=\"async\" class=\"w-full lazyload lazyload--opacity object-contain\" style=\"aspect-ratio:121 \/ 100;opacity:1\" alt=\"Paul C\u00e9zanne (1839-1906). Paris, mus\u00c8e d'Orsay. Les joueurs de cartes\" width=\"768\" height=\"637\" fetchpriority=\"auto\" src=\"https:\/\/www.europesays.com\/fr\/wp-content\/uploads\/2025\/04\/S5VKD3X55FFF3BW6V4SEHXNP7I.png\"  data- data-optimumx=\"1\"\/>Paul C\u00e9zanne (1839-1906). Paris, mus\u00c8e d&rsquo;Orsay. Les joueurs de cartes \u00a9Herv\u00c8 Lewandowski<\/p>\n<p class=\"ap-StoryElement ap-StoryElement--mb ap-StoryText\">Pour lui, un art qui n&rsquo;a pas l&rsquo;\u00e9motion comme moteur ne peut pas subsister. Il cherchait \u00e0 exprimer le non pens\u00e9, l&rsquo;informulable, la source myst\u00e9rieuse des sensations. Il disait aussi qu&rsquo;il fallait \u00ab\u00a0traiter la nature par le cylindre, la sph\u00e8re et le c\u00f4ne\u00a0\u00bb, et pour cela, il d\u00e9saxe ou abolit la perspective pour mieux repr\u00e9senter ce qu&rsquo;il ressentait, il lib\u00e8re la couleur en fragmentant la forme. \u00ab\u00a0Je suis un primitif d&rsquo;un art nouveau\u00a0\u00bb, proclamait-il.<\/p>\n<p class=\"ap-StoryElement ap-StoryElement--mb ap-StoryText\">L&rsquo;exposition s&rsquo;articule autour du Jas de Bouffan, l\u00e0 o\u00f9 tout est n\u00e9, avec la reconstitution du Grand Salon, puis les proches au Jas, les autoportraits (dans chaque salle on en trouve un autre), ensuite le paysage, la nature morte et ses c\u00e9l\u00e8bres fruits, les baigneurs et baigneuses, qui eux aussi rompent avec les canons habituels. Ils ont des corps \u00e9tranges, sont rassembl\u00e9s par sexes dans des rites ancestraux : les hommes semblent participer \u00e0 un bapt\u00eame du Christ et les femmes au sauvetage de Mo\u00efse.<\/p>\n<p><a href=\"https:\/\/www.lalibre.be\/culture\/arts\/2006\/03\/07\/cezanne-pissarro-amis-et-si-differents-A27GVPTAJJGZHOFZPQO355MGDI\/\" target=\"_blank\" rel=\"noopener noreferrer\" class=\"ap-StoryInterstitialLink ap-StoryElement ap-StoryElement--mb\">C\u00e9zanne-Pissarro, amis et si diff\u00e9rents, l&rsquo;expo de 2006<\/a><\/p>\n<p class=\"ap-StoryElement ap-StoryElement--mb ap-StoryText\">On d\u00e9couvre le portrait du jardinier Vallier et celui si m\u00e9lancolique de Hortense, la femme de Paul C\u00e9zanne. Si elle un air si triste, c&rsquo;est peut-\u00eatre plut\u00f4t la lassitude de devoir poser si souvent. C\u00e9zanne peignait tr\u00e8s lentement. Parfois, un quart d&rsquo;heure s&rsquo;\u00e9coulait entre deux touches. Lorsqu&rsquo;il peignit son marchand Ambroise Vollard, ce dernier, inquiet, demanda apr\u00e8s 115 (!) s\u00e9ances de pose, si le r\u00e9sultat \u00e9tait bon. C\u00e9zanne r\u00e9pondit que le plastron blanc commen\u00e7ait \u00e0 \u00eatre bien.<\/p>\n<p class=\"ap-StoryElement ap-StoryElement--mb ap-StoryText\">Ses \u0153uvres \u00e0 l&rsquo;exposition (dont de nombreux dessins et aquarelles) sont d\u00e9j\u00e0 tr\u00e8s modernes, avec leur c\u00f4t\u00e9 \u00ab\u00a0non fini\u00a0\u00bb laissant des morceaux de toile blanche, Dans ses aquarelles (peut-\u00eatre des esquisses personnelles ?), il devient quasi abstrait, exprimant un paysage par quelques touches dans un oc\u00e9an de blanc. L&rsquo;espace devient mental.<\/p>\n<p class=\"ap-StoryElement ap-StoryElement--mb ap-StoryText\">Il y a chez le peintre une tension permanente entre son asc\u00e9tisme et sa sensualit\u00e9 retenue, entre le baroque qui l&rsquo;habite et le classicisme d&rsquo;une peinture architecturale. Lorsqu&rsquo;il peint les carri\u00e8res de Bib\u00e9mus \u00e0 c\u00f4t\u00e9 d&rsquo;Aix, dont les pierres ont construit Aix, il fait son p\u00e8lerinage \u00e0 Rome. Il peint alors Aix en creux, explorant le pass\u00e9 comme on peignait le Colis\u00e9e.<\/p>\n<p><img loading=\"lazy\" decoding=\"async\" class=\"w-full lazyload lazyload--opacity object-contain\" style=\"aspect-ratio:133 \/ 100;opacity:1\" alt=\"Paul Cezanne:  La montagne Sainte-Victoire 1897, Kunstmuseum Bern, legs Cornelius Gurlitt\" width=\"768\" height=\"576\" fetchpriority=\"auto\" src=\"https:\/\/www.europesays.com\/fr\/wp-content\/uploads\/2025\/04\/S5VKD3X55FFF3BW6V4SEHXNP7I.png\"  data- data-optimumx=\"1\"\/>Paul Cezanne:  La montagne Sainte-Victoire 1897, Kunstmuseum Bern, legs Cornelius Gurlitt \u00a9Cr\u00e9dit: kunstmseum Bern<\/p>\n<p class=\"ap-StoryElement ap-StoryElement--mb ap-StoryText\">C\u00e9zanne fut autant revendiqu\u00e9 \u00e0 droite par les tenants du retour \u00e0 l&rsquo;ordre qu&rsquo;\u00e0 gauche, par les r\u00e9volutionnaires de la peinture : Kandisky, les cubistes, les fauves, Picasso qui poss\u00e9dait 12 C\u00e9zanne, Gauguin, fan de C\u00e9zanne. Et ses grandes baigneuses annoncent les demoiselles d&rsquo;Avignon de Picasso.<\/p>\n<p class=\"ap-StoryElement ap-StoryElement--mb ap-StoryText\">L&rsquo;exposition est riche d&rsquo;innombrables pr\u00eats surtout des mus\u00e9es am\u00e9ricains. Une visite cet \u00e9t\u00e9 par Aix est un must. De quoi conforter l&rsquo;id\u00e9e qu&rsquo;il fut bien le p\u00e8re de l&rsquo;Art moderne.<\/p>\n<p class=\"ap-StoryElement ap-StoryElement--mb ap-StoryText\">C\u00e9zanne au Jas de Bouffan, mus\u00e9e Granet, Aix-en-Provence jusqu&rsquo;au 12 octobre et visite du Jas de Bouffan tous les jours de 9 h \u00e0 19h. Infos sur <a href=\"http:\/\/cezanne2025.com\/\" target=\"_blank\" rel=\"noopener\">cezanne2025.com<\/a><\/p>\n","protected":false},"excerpt":{"rendered":"Devant la maison situ\u00e9e dans la p\u00e9riph\u00e9rie d&rsquo;Aix, une vaste all\u00e9e de platanes plant\u00e9s au d\u00e9but du XXe&hellip;\n","protected":false},"author":2,"featured_media":247409,"comment_status":"","ping_status":"","sticky":false,"template":"","format":"standard","meta":{"footnotes":""},"categories":[1358],"tags":[1348,1384,1385,26389,1386,58,26390,26391,59,26392,2257,63,1011,27,2186,26396,8359,8363],"class_list":{"0":"post-247408","1":"post","2":"type-post","3":"status-publish","4":"format-standard","5":"has-post-thumbnail","7":"category-arts-et-design","8":"tag-arts","9":"tag-arts-and-design","10":"tag-arts-et-design","11":"tag-d1","12":"tag-design","13":"tag-divertissement","14":"tag-division-un","15":"tag-eerste-klasse","16":"tag-entertainment","17":"tag-first-division","18":"tag-foot","19":"tag-football","20":"tag-fr","21":"tag-france","22":"tag-play-offs","23":"tag-premiere-division","24":"tag-soccer","25":"tag-voetbal"},"share_on_mastodon":{"url":"https:\/\/pubeurope.com\/@fr\/114846629103013964","error":""},"_links":{"self":[{"href":"https:\/\/www.europesays.com\/fr\/wp-json\/wp\/v2\/posts\/247408","targetHints":{"allow":["GET"]}}],"collection":[{"href":"https:\/\/www.europesays.com\/fr\/wp-json\/wp\/v2\/posts"}],"about":[{"href":"https:\/\/www.europesays.com\/fr\/wp-json\/wp\/v2\/types\/post"}],"author":[{"embeddable":true,"href":"https:\/\/www.europesays.com\/fr\/wp-json\/wp\/v2\/users\/2"}],"replies":[{"embeddable":true,"href":"https:\/\/www.europesays.com\/fr\/wp-json\/wp\/v2\/comments?post=247408"}],"version-history":[{"count":0,"href":"https:\/\/www.europesays.com\/fr\/wp-json\/wp\/v2\/posts\/247408\/revisions"}],"wp:featuredmedia":[{"embeddable":true,"href":"https:\/\/www.europesays.com\/fr\/wp-json\/wp\/v2\/media\/247409"}],"wp:attachment":[{"href":"https:\/\/www.europesays.com\/fr\/wp-json\/wp\/v2\/media?parent=247408"}],"wp:term":[{"taxonomy":"category","embeddable":true,"href":"https:\/\/www.europesays.com\/fr\/wp-json\/wp\/v2\/categories?post=247408"},{"taxonomy":"post_tag","embeddable":true,"href":"https:\/\/www.europesays.com\/fr\/wp-json\/wp\/v2\/tags?post=247408"}],"curies":[{"name":"wp","href":"https:\/\/api.w.org\/{rel}","templated":true}]}}