{"id":247411,"date":"2025-07-13T15:28:17","date_gmt":"2025-07-13T15:28:17","guid":{"rendered":"https:\/\/www.europesays.com\/fr\/247411\/"},"modified":"2025-07-13T15:28:17","modified_gmt":"2025-07-13T15:28:17","slug":"joel-tout-le-monde-veut-prendre-sa-place-tout-proche-de-lelimination-cette-enorme-somme-quil-a-deboursee-pour-rester-dans-son-fauteuil-video","status":"publish","type":"post","link":"https:\/\/www.europesays.com\/fr\/247411\/","title":{"rendered":"Jo\u00ebl (Tout le monde veut prendre sa place) tout proche de l&rsquo;\u00e9limination, cette \u00e9norme somme qu&rsquo;il a d\u00e9bours\u00e9e pour rester dans son fauteuil (VIDEO)"},"content":{"rendered":"<p>Ce dimanche 13 juillet, Jo\u00ebl a \u00e9chapp\u00e9 de justesse \u00e0 l&rsquo;\u00e9limination dans Tout le monde veut prendre sa place sur France 2. Battu (pour la quatri\u00e8me fois depuis ses d\u00e9buts dans le jeu), le candidat a d\u00fb n\u00e9gocier sa place dans le fauteuil. Et il a d\u00e9bourser une \u00e9norme somme pour conserver son titre de champion&#8230;<\/p>\n<p>Jo\u00ebl s&rsquo;affaiblit dans Tout le monde veut prendre sa place sur France 2. Ce dimanche 13 juillet, celui qui esp\u00e8re d\u00e9passer Marie-Christine \u2013 <a href=\"https:\/\/www.programme-tv.net\/news\/tv\/94313-qui-sont-les-dix-plus-grands-champions-de-tout-le-monde-veut-prendre-sa-place-sur-france-2\/\" data-api-deeplink=\"teleloisirs:\/\/news\/94313\" target=\"_blank\" rel=\"noopener\">premi\u00e8re au classement avec 213 victoires et 196 000 euros de gains<\/a> \u2013 a \u00e9chapp\u00e9 de justesse \u00e0 l&rsquo;\u00e9limination. Dans cette nouvelle \u00e9mission, Cyril F\u00e9raud a accueilli des duos de parents et enfants. C\u00e9cile, venue avec son fils Thomas, s&rsquo;est qualifi\u00e9e pour la finale face au champion actuelle de Tout le monde veut prendre sa place. Et elle a bien failli d\u00e9tr\u00f4ner le candidat aux 164 victoires.<\/p>\n<p>Quatri\u00e8me d\u00e9faite pour Jo\u00ebl dans Tout le monde veut prendre sa place, il n\u00e9gocie sa place dans le fauteuil<\/p>\n<p>Pendant Le D\u00e9fi de Tout le monde veut prendre sa place, Jo\u00ebl a fait l&rsquo;erreur d&rsquo;imposer le th\u00e8me \u00ab\u00a0escroqueries c\u00e9l\u00e8bres\u00a0\u00bb \u00e0 sa concurrente. \u00c0 21 points contre 18 points, C\u00e9cile a battu<a href=\"https:\/\/www.programme-tv.net\/news\/tv\/382037-ca-y-est-joel-tout-le-monde-veut-prendre-sa-place-n-a-plus-qu-un-champion-a-depasser-pour-etre-le-recordman-de-cyril-feraud\/\" data-api-deeplink=\"teleloisirs:\/\/news\/382037\" target=\"_blank\" rel=\"noopener\"> le deuxi\u00e8me plus grand champion du programme<\/a>. Jo\u00ebl a \u00e9t\u00e9 forc\u00e9 de n\u00e9gocier avec la candidate qui avait remport\u00e9 2 100 euros avec ses bonnes r\u00e9ponses pour garder sa place dans le fauteuil. <b>L&rsquo;ancien chauffeur de TGV a propos\u00e9 la somme cons\u00e9quente de 8 000 euros \u00e0 C\u00e9cile et elle a accept\u00e9 son offre.<\/b> \u00ab\u00a0Jo\u00ebl est un tr\u00e8s grand champion. Le deuxi\u00e8me, il n&rsquo;est pas loin de devenir premier&#8230; \u00c7a m&#8217;emb\u00eaterait de l&#8217;emp\u00eacher d&rsquo;acc\u00e9der \u00e0 la premi\u00e8re place, et puis j&rsquo;ai un deuxi\u00e8me fiston qui m&rsquo;attend \u00e0 la maison, je n&rsquo;ai pas que Thomas, donc je vais prendre l&rsquo;argent et rentrer chez moi\u00a0\u00bb, a-t-elle confi\u00e9. En une seule participation, C\u00e9cile a donc remport\u00e9 10 1000 euros.<\/p>\n<p>                        Tout le monde veut prendre sa place : Cyril F\u00e9raud f\u00e9licite C\u00e9cile, une des rares candidates \u00e0 avoir fait tr\u00e9bucher Jo\u00ebl<\/p>\n<p>Apr\u00e8s avoir sacrifi\u00e9 8 000 euros, <a href=\"https:\/\/www.programme-tv.net\/news\/tv\/371333-tout-le-monde-veut-prendre-sa-place-joel-sait-deja-ce-quil-aimerait-faire-de-ses-gains\/\" data-api-deeplink=\"teleloisirs:\/\/news\/371333\" target=\"_blank\" rel=\"noopener\">Jo\u00ebl a d\u00e9sormais 165 victoires et une cagnotte de 155 400 euros<\/a>. \u00ab\u00a0Vous faites partie des rares candidates \u00e0 l&rsquo;avoir fait tr\u00e9bucher\u00a0\u00bb, a d\u00e9clar\u00e9 Cyril F\u00e9raud \u00e0 C\u00e9cile. <b>\u00ab\u00a0C&rsquo;\u00e9tait la quatri\u00e8me n\u00e9gociation, vous n&rsquo;\u00eates pas invincible\u00a0\u00bb<\/b>, a constat\u00e9 l&rsquo;animateur quand Jo\u00ebl a repris sa place dans le fauteuil. Le champion de Tout le monde veut prendre sa place va pouvoir reprendre des forces puisque <a href=\"https:\/\/www.programme-tv.net\/news\/tv\/382627-deprogrammation-de-tout-le-monde-veut-prendre-sa-place-voici-les-dates-ou-le-jeu-de-cyril-feraud-ne-sera-pas-diffuse-en-juillet\/\" data-api-deeplink=\"teleloisirs:\/\/news\/382627\" target=\"_blank\" rel=\"noopener\">l&rsquo;\u00e9mission en sera pas diffus\u00e9e demain<\/a>. Il sera de retour mardi !<\/p>\n","protected":false},"excerpt":{"rendered":"Ce dimanche 13 juillet, Jo\u00ebl a \u00e9chapp\u00e9 de justesse \u00e0 l&rsquo;\u00e9limination dans Tout le monde veut prendre sa&hellip;\n","protected":false},"author":2,"featured_media":247412,"comment_status":"","ping_status":"","sticky":false,"template":"","format":"standard","meta":{"footnotes":""},"categories":[1356],"tags":[244,12119,58,59,1011,27,594,14497,252,12120,1364,1630],"class_list":{"0":"post-247411","1":"post","2":"type-post","3":"status-publish","4":"format-standard","5":"has-post-thumbnail","7":"category-television","8":"tag-commentaire","9":"tag-cyril-fu00e9raud","10":"tag-divertissement","11":"tag-entertainment","12":"tag-fr","13":"tag-france","14":"tag-france-2","15":"tag-jou00ebl-tout-le-monde-veut-prendre-sa-place","16":"tag-television","17":"tag-tout-le-monde-veut-prendre-sa-place","18":"tag-tv","19":"tag-zapping"},"share_on_mastodon":{"url":"https:\/\/pubeurope.com\/@fr\/114846637122165255","error":""},"_links":{"self":[{"href":"https:\/\/www.europesays.com\/fr\/wp-json\/wp\/v2\/posts\/247411","targetHints":{"allow":["GET"]}}],"collection":[{"href":"https:\/\/www.europesays.com\/fr\/wp-json\/wp\/v2\/posts"}],"about":[{"href":"https:\/\/www.europesays.com\/fr\/wp-json\/wp\/v2\/types\/post"}],"author":[{"embeddable":true,"href":"https:\/\/www.europesays.com\/fr\/wp-json\/wp\/v2\/users\/2"}],"replies":[{"embeddable":true,"href":"https:\/\/www.europesays.com\/fr\/wp-json\/wp\/v2\/comments?post=247411"}],"version-history":[{"count":0,"href":"https:\/\/www.europesays.com\/fr\/wp-json\/wp\/v2\/posts\/247411\/revisions"}],"wp:featuredmedia":[{"embeddable":true,"href":"https:\/\/www.europesays.com\/fr\/wp-json\/wp\/v2\/media\/247412"}],"wp:attachment":[{"href":"https:\/\/www.europesays.com\/fr\/wp-json\/wp\/v2\/media?parent=247411"}],"wp:term":[{"taxonomy":"category","embeddable":true,"href":"https:\/\/www.europesays.com\/fr\/wp-json\/wp\/v2\/categories?post=247411"},{"taxonomy":"post_tag","embeddable":true,"href":"https:\/\/www.europesays.com\/fr\/wp-json\/wp\/v2\/tags?post=247411"}],"curies":[{"name":"wp","href":"https:\/\/api.w.org\/{rel}","templated":true}]}}