{"id":247413,"date":"2025-07-13T15:29:09","date_gmt":"2025-07-13T15:29:09","guid":{"rendered":"https:\/\/www.europesays.com\/fr\/247413\/"},"modified":"2025-07-13T15:29:09","modified_gmt":"2025-07-13T15:29:09","slug":"patrick-bruel-quitte-la-france-quelques-heures-a-peine-apres-louverture-de-son-hotel-rendez-vous-est-pris-au-pays-de-donald-trump","status":"publish","type":"post","link":"https:\/\/www.europesays.com\/fr\/247413\/","title":{"rendered":"Patrick Bruel quitte la France quelques heures \u00e0 peine apr\u00e8s l\u2019ouverture de son h\u00f4tel : rendez-vous est pris au pays de Donald Trump"},"content":{"rendered":"<p>C&rsquo;\u00e9tait un projet qui lui tenait \u00e9norm\u00e9ment \u00e0 c\u0153ur. Patrick Bruel vient <strong>d&rsquo;inaugurer son h\u00f4tel de luxe<\/strong>, situ\u00e9 dans le sud de la France.<\/p>\n<p>Mais le chanteur n&rsquo;en aura pas profit\u00e9 longtemps, puisqu&rsquo;il a <strong>rapidement quitt\u00e9 la France<\/strong> pour une autre destination : les \u00c9tats-Unis.<\/p>\n<p>Patrick Bruel a inaugur\u00e9 son h\u00f4tel de luxe<\/p>\n<p>Le projet a \u00e9t\u00e9 retard\u00e9 \u00e0 de nombreuses reprises, mais Patrick Bruel vient enfin d&rsquo;en voir l&rsquo;aboutissement. <a href=\"https:\/\/www.public.fr\/patrick-bruel-se-lance-dans-lhotellerie-de-luxe-et-promet-quil-ne-cherche-pas-a-faire-de-largent\" target=\"_blank\" rel=\"noopener\">Son h\u00f4tel de luxe<\/a>, <strong>situ\u00e9 \u00e0 L\u2019Isle-sur-la-Sorgue<\/strong>, une petite commune du Vaucluse, a ouvert ses portes. Ce lieu se veut \u00e0 la fois \u00e9l\u00e9gant et authentique, et a pour but d&rsquo;offrir une exp\u00e9rience unique.<\/p>\n<p>Mais \u00e0 peine l&rsquo;inauguration achev\u00e9e, le chanteur fran\u00e7ais <strong>s&rsquo;est envol\u00e9 pour les \u00c9tats-Unis<\/strong>, troquant le bruit des cigales pour l&rsquo;agitation new-yorkaise. Le samedi 12 juillet, Patrick Bruel a fait part de son arriv\u00e9e <strong>sur son compte Instagram<\/strong>, le sourire aux l\u00e8vres et sa valise \u00e0 la main.<\/p>\n<p>Patrick Bruel s\u2019envole pour New York<\/p>\n<p>L&rsquo;artiste n&rsquo;a pas choisi sa destination par hasard.  Il \u00e9tait en effet invit\u00e9 pour <strong>participer \u00e0 la F\u00eate nationale fran\u00e7aise<\/strong>, qui se d\u00e9roule <a href=\"https:\/\/www.public.fr\/charlotte-gainsbourg-quitte-la-france-pour-sinstaller-a-new-york-plus-rien-a-foutre-de-trainer-en-pyjama-dans-la-rue\" target=\"_blank\" rel=\"noopener\">\u00e0 New York<\/a>. Le chanteur de 66 ans s&rsquo;appr\u00eate donc \u00e0 se produire ce dimanche \u00e0 Central Park, \u00e0 l&rsquo;occasion d&rsquo;un concert \u00e9v\u00e8nement organis\u00e9 <strong>par le Consulat g\u00e9n\u00e9ral de France<\/strong>.<\/p>\n<p>Ce retour \u00e0 New York signifie beaucoup de choses pour Patrick Bruel. Le mois dernier, il avait accord\u00e9 un entretien au m\u00e9dia French Morning, dans lequel il expliquait que ce concert \u00e9tait comme <strong>\u00ab\u00a0une boucle extraordinaire qui se boucle\u00a0\u00bb<\/strong>. La toute premi\u00e8re fois qu&rsquo;il s&rsquo;\u00e9tait rendu \u00e0 New York, il n&rsquo;avait que 19 ans. Il ne devait y rester que deux semaines, il y a pass\u00e9 deux ans. Deux ann\u00e9es qu&rsquo;il n&rsquo;aura jamais oubli\u00e9es et qui <strong>l&rsquo;auront fortement marqu\u00e9<\/strong>.<\/p>\n<blockquote class=\"tiktok-embed\" cite=\"https:\/\/www.tiktok.com\/@culture.elite\/video\/7458720066356448534\" data-video-id=\"7458720066356448534\" data-embed-from=\"oembed\" style=\"max-width:605px; min-width:325px;\"><p>  <a target=\"_blank\" title=\"@culture.elite\" href=\"https:\/\/www.tiktok.com\/@culture.elite?refer=embed\" rel=\"noopener\">@culture.elite<\/a> <\/p>\n<p>Patrick Bruel va ouvrir son premier h\u00f4tel de luxe en France. C\u00e9l\u00e8bre pour ses chansons et son talent, Patrick Bruel s\u2019appr\u00eate \u00e0 d\u00e9voiler un tout nouveau projet qui lui tient \u00e0 c\u0153ur : son premier h\u00f4tel de luxe en France, baptis\u00e9 L\u2019Isle de Leos MGallery. Situ\u00e9 en plein c\u0153ur de L\u2019Isle-sur-la-Sorgue, dans le magnifique Vaucluse, cet h\u00f4tel promet une exp\u00e9rience exclusive m\u00ealant confort, \u00e9l\u00e9gance, et art de vivre \u00e0 la fran\u00e7aise. Patrick Bruel souhaite offrir \u00e0 ses futurs h\u00f4tes un lieu intime, \u00e0 la fois chaleureux et raffin\u00e9. L\u2019h\u00f4tel comptera 49 chambres, d\u00e9cor\u00e9es avec soin et pens\u00e9es pour allier modernit\u00e9 et charme proven\u00e7al, un spa, une piscine ext\u00e9rieure, une salle de fitness et une galerie d\u2019art. Que penses-tu de ce projet ambitieux ?  N\u2019oublie pas de t\u2019abonner pour ne louper aucune actualit\u00e9 sur le luxe. <a title=\"patrickbruel\" target=\"_blank\" href=\"https:\/\/www.tiktok.com\/tag\/patrickbruel?refer=embed\" rel=\"noopener\">#patrickbruel<\/a> <a title=\"hotel\" target=\"_blank\" href=\"https:\/\/www.tiktok.com\/tag\/hotel?refer=embed\" rel=\"noopener\">#hotel<\/a> <a title=\"hoteldeluxe\" target=\"_blank\" href=\"https:\/\/www.tiktok.com\/tag\/hoteldeluxe?refer=embed\" rel=\"noopener\">#hoteldeluxe<\/a> <a title=\"hotellerie\" target=\"_blank\" href=\"https:\/\/www.tiktok.com\/tag\/hotellerie?refer=embed\" rel=\"noopener\">#hotellerie<\/a> <a title=\"mgallery\" target=\"_blank\" href=\"https:\/\/www.tiktok.com\/tag\/mgallery?refer=embed\" rel=\"noopener\">#mgallery<\/a> <\/p>\n<p> <a target=\"_blank\" title=\"\u266c son original - Culture Elite \u2728\" href=\"https:\/\/www.tiktok.com\/music\/son-original-7458720059302316822?refer=embed\" rel=\"noopener\">\u266c son original &#8211; Culture Elite \u2728<\/a>  <\/p><\/blockquote>\n<p>Le chanteur est un grand fan du PSG<\/p>\n<p>Ce petit s\u00e9jour aux \u00c9tats-Unis \u00e9tait aussi l&rsquo;occasion pour le chanteur de <strong>suivre son club de football pr\u00e9f\u00e9r\u00e9<\/strong>, <a href=\"https:\/\/www.public.fr\/clara-morgane-la-bete-noire-du-paris-saint-germain\" target=\"_blank\" rel=\"noopener\">le Paris Saint-Germain<\/a>. Il pourra ainsi suivre la finale de la Coupe du monde des clubs, opposant les Parisiens \u00e0 Chelsea. Rien ne dit qu&rsquo;il se trouvera dans le stade, mais nul doute <strong>qu&rsquo;il suivra la rencontre<\/strong>.<\/p>\n<p>\u00ab\u00a0PSG &#8211; Chelsea, allez un dernier effort\u00a0!\u00a0\u00bb, \u00e9crivait-il en story Instagram, sur une photo le montrant, poings serr\u00e9s, dans les rues de Manhattan. <strong>Ce v\u00e9ritable fan du PSG<\/strong> avait d&rsquo;ailleurs assist\u00e9 en direct \u00e0 la finale de la Ligue des champions le 31 mai dernier, \u00e0 Munich.<\/p>\n<p>      Mentionn\u00e9s dans cet article<\/p>\n<p>\u00c0 lire aussi<\/p>\n<p><script async src=\"\/\/www.tiktok.com\/embed.js\"><\/script><\/p>\n","protected":false},"excerpt":{"rendered":"C&rsquo;\u00e9tait un projet qui lui tenait \u00e9norm\u00e9ment \u00e0 c\u0153ur. Patrick Bruel vient d&rsquo;inaugurer son h\u00f4tel de luxe, situ\u00e9&hellip;\n","protected":false},"author":2,"featured_media":247414,"comment_status":"","ping_status":"","sticky":false,"template":"","format":"standard","meta":{"footnotes":""},"categories":[1355],"tags":[58,59,1011,27,1361,873,5473],"class_list":{"0":"post-247413","1":"post","2":"type-post","3":"status-publish","4":"format-standard","5":"has-post-thumbnail","7":"category-musique","8":"tag-divertissement","9":"tag-entertainment","10":"tag-fr","11":"tag-france","12":"tag-music","13":"tag-musique","14":"tag-patrick-bruel"},"share_on_mastodon":{"url":"https:\/\/pubeurope.com\/@fr\/114846640706578251","error":""},"_links":{"self":[{"href":"https:\/\/www.europesays.com\/fr\/wp-json\/wp\/v2\/posts\/247413","targetHints":{"allow":["GET"]}}],"collection":[{"href":"https:\/\/www.europesays.com\/fr\/wp-json\/wp\/v2\/posts"}],"about":[{"href":"https:\/\/www.europesays.com\/fr\/wp-json\/wp\/v2\/types\/post"}],"author":[{"embeddable":true,"href":"https:\/\/www.europesays.com\/fr\/wp-json\/wp\/v2\/users\/2"}],"replies":[{"embeddable":true,"href":"https:\/\/www.europesays.com\/fr\/wp-json\/wp\/v2\/comments?post=247413"}],"version-history":[{"count":0,"href":"https:\/\/www.europesays.com\/fr\/wp-json\/wp\/v2\/posts\/247413\/revisions"}],"wp:featuredmedia":[{"embeddable":true,"href":"https:\/\/www.europesays.com\/fr\/wp-json\/wp\/v2\/media\/247414"}],"wp:attachment":[{"href":"https:\/\/www.europesays.com\/fr\/wp-json\/wp\/v2\/media?parent=247413"}],"wp:term":[{"taxonomy":"category","embeddable":true,"href":"https:\/\/www.europesays.com\/fr\/wp-json\/wp\/v2\/categories?post=247413"},{"taxonomy":"post_tag","embeddable":true,"href":"https:\/\/www.europesays.com\/fr\/wp-json\/wp\/v2\/tags?post=247413"}],"curies":[{"name":"wp","href":"https:\/\/api.w.org\/{rel}","templated":true}]}}