{"id":247421,"date":"2025-07-13T15:33:12","date_gmt":"2025-07-13T15:33:12","guid":{"rendered":"https:\/\/www.europesays.com\/fr\/247421\/"},"modified":"2025-07-13T15:33:12","modified_gmt":"2025-07-13T15:33:12","slug":"le-rappeur-anas-donne-des-nouvelles-apres-son-accident-de-voiture-au-maroc-je-noublierai-jamais","status":"publish","type":"post","link":"https:\/\/www.europesays.com\/fr\/247421\/","title":{"rendered":"Le rappeur Anas donne des nouvelles apr\u00e8s son accident de voiture au Maroc\u00a0: \u00ab\u00a0Je n\u2019oublierai jamais\u00a0\u00bb"},"content":{"rendered":"<p>        <img decoding=\"async\" loading=\"lazy\" src=\"https:\/\/www.europesays.com\/fr\/wp-content\/uploads\/2025\/07\/c5c7052_upload-1-spdnx7cdvxol-capture-d-a-cran-2025-07-13-153405.png\"  width=\"728\" height=\"409\" alt=\"Le rappeur Anas donne des nouvelles apr\u00e8s son accident de voiture au Maroc\u00a0: \u00ab\u00a0je n\u2019oublierai jamais\u00a0\u00bb\"\/>  <\/p>\n<p>Capture Instagram\/ @anasofficiel_<\/p>\n<p>Le rappeur Anas donne des nouvelles apr\u00e8s son accident de voiture au Maroc\u00a0: \u00ab\u00a0je n\u2019oublierai jamais\u00a0\u00bb<\/p>\n<p class=\"asset asset-text\">PEOPLE &#8211; Une grande frayeur. Le rappeur Anas et son \u00e9pouse, l\u2019influenceuse Fidji Ruiz, ont donn\u00e9 de leurs nouvelles ce dimanche 13\u00a0juillet sur les r\u00e9seaux sociaux apr\u00e8s avoir<a href=\"https:\/\/www.huffingtonpost.fr\/faits-divers\/article\/en-saone-et-loire-un-grave-accident-de-voiture-fait-un-mort-et-4-blesses-apres-avoir-ete-suivi-par-la-police_252159.html\" target=\"_blank\" rel=\"noopener\"> \u00e9t\u00e9 impliqu\u00e9s dans un accident de voiture <\/a>au Maroc, \u00e0 <a href=\"https:\/\/www.huffingtonpost.fr\/marrakech\/\" target=\"_blank\" rel=\"noopener\">Marrakech <\/a>mercredi.<\/p>\n<p class=\"asset asset-text\">Dans une story sur Instagram, l\u2019artiste de 30\u00a0ans a d\u00e9voil\u00e9 une photo de lui dans un lit d\u2019h\u00f4pital, perfus\u00e9. Il \u00e9voque \u00ab\u00a0un\u00a0accident grave, une op\u00e9ration d\u2019urgence et des douleurs que je n\u2019oublierai jamais\u00a0\u00bb. Mais aussi les jours \u00ab\u00a0les plus \u00e9prouvants\u00a0\u00bb de sa vie. La \u00ab\u00a0route de la r\u00e9cup\u00e9ration est longue\u00a0\u00bb, \u00e9crit-il \u00e9galement.<\/p>\n<p class=\"asset asset-text\">Dans une story publi\u00e9e samedi, son \u00e9pouse avait d\u00e9j\u00e0 d\u00e9voil\u00e9 des d\u00e9tails de ce qu\u2019il s\u2019\u00e9tait pass\u00e9. \u00ab\u00a0Ni mon mari ni moi n\u2019\u00e9tions au volant ce jour-l\u00e0. Nous \u00e9tions accompagn\u00e9s d\u2019un chauffeur priv\u00e9. Notre v\u00e9hicule n\u2019est pas en tort dans l\u2019accident. Rien que d\u2019y penser, j\u2019en tremble encore\u00a0\u00bb, a-t-elle t\u00e9moign\u00e9, pr\u00e9cisant que leur fils d\u2019un an, Souleymen n\u2019\u00e9tait pas avec eux \u00e0 ce moment-l\u00e0.<\/p>\n<p>    \u00ab\u00a0Priez pour lui\u00a0\u00bb    <\/p>\n<p class=\"asset asset-text\">Dans sa story, le rappeur originaire de <a href=\"https:\/\/www.huffingtonpost.fr\/jo-paris-2024\/article\/jo-paris-2024-au-basket-le-public-de-villeneuve-d-ascq-reconforte-le-soudan-du-sud-apres-une-erreur-d-hymne_237574.html\" target=\"_blank\" rel=\"noopener\">Villeneuve-d\u2019Ascq<\/a> remercie ses fans pour leur soutien\u00a0: \u00ab\u00a0Au milieu de tout \u00e7a, j\u2019ai re\u00e7u une vague de pri\u00e8res, de messages, d\u2019appels\u2026 et une force immense gr\u00e2ce \u00e0 vous\u00a0\u00bb. \u00ab\u00a0Un immense merci \u00e0 toute l\u2019\u00e9quipe m\u00e9dicale qui veille sur moi\u00a0\u00bb, a-t-il ajout\u00e9.<\/p>\n<p>                          <img decoding=\"async\" loading=\"lazy\" src=\"https:\/\/www.europesays.com\/fr\/wp-content\/uploads\/2025\/07\/401c882_upload-1-gori2giplpv7-screenshot-20250713-150352-instagram.jpg\"  width=\"728\" height=\"1203\" alt=\"Le rappeur Anas donne des nouvelles apr\u00e8s son accident de voiture au Maroc\u00a0: \u00ab\u00a0je n\u2019oublierai jamais\u00a0\u00bb\"\/>   <\/p>\n<p>Le rappeur Anas donne des nouvelles apr\u00e8s son accident de voiture au Maroc\u00a0: \u00ab\u00a0je n\u2019oublierai jamais\u00a0\u00bb<\/p>\n<p class=\"asset asset-text\">Jeudi, au lendemain de l\u2019accident, Fidji Ruiz avait justement, dans une story cit\u00e9e par <a href=\"https:\/\/www.lavoixdunord.fr\/1605736\/article\/2025-07-12\/priez-pour-mon-mari-anas-svp-le-rappeur-nordiste-victime-d-un-grave-accident-de\" target=\"_blank\" rel=\"noopener\" title=\"Nouvelle fen\u00eatre\">La Voix du Nord<\/a>, appel\u00e9 ses followers \u00e0 prier pour son mari. \u00ab\u00a0\u00c7a fait maintenant 24\u00a0heures que nous sommes hospitalis\u00e9s. S\u2019il vous pla\u00eet, priez faites des douas, Anas part en urgence op\u00e9ration, priez pour lui\u00a0\u00bb.<\/p>\n<p class=\"asset asset-text\">Samedi, elle avait ensuite donn\u00e9 des nouvelles de l\u2019op\u00e9ration qui a \u00ab\u00a0\u00e9t\u00e9 extr\u00eamement lourde\u00a0\u00bb. \u00ab\u00a0Mais al hamdoulilah, elle s\u2019est bien pass\u00e9e. Les premi\u00e8res 72\u00a0heures vont \u00eatre les plus longues et les plus angoissantes de ma vie\u2026 Mon mari est en service de r\u00e9animation parce que c\u2019est l\u00e0 qu\u2019il peut \u00eatre surveill\u00e9 minute par minute\u00a0\u00bb, expliquait-elle.<\/p>\n","protected":false},"excerpt":{"rendered":"Capture Instagram\/ @anasofficiel_ Le rappeur Anas donne des nouvelles apr\u00e8s son accident de voiture au Maroc\u00a0: \u00ab\u00a0je n\u2019oublierai&hellip;\n","protected":false},"author":2,"featured_media":247422,"comment_status":"","ping_status":"","sticky":false,"template":"","format":"standard","meta":{"footnotes":""},"categories":[8],"tags":[10155,58,59,1011,27,2223,973],"class_list":{"0":"post-247421","1":"post","2":"type-post","3":"status-publish","4":"format-standard","5":"has-post-thumbnail","7":"category-divertissement","8":"tag-accident-de-voiture","9":"tag-divertissement","10":"tag-entertainment","11":"tag-fr","12":"tag-france","13":"tag-maroc","14":"tag-people"},"share_on_mastodon":{"url":"https:\/\/pubeurope.com\/@fr\/114846656480128850","error":""},"_links":{"self":[{"href":"https:\/\/www.europesays.com\/fr\/wp-json\/wp\/v2\/posts\/247421","targetHints":{"allow":["GET"]}}],"collection":[{"href":"https:\/\/www.europesays.com\/fr\/wp-json\/wp\/v2\/posts"}],"about":[{"href":"https:\/\/www.europesays.com\/fr\/wp-json\/wp\/v2\/types\/post"}],"author":[{"embeddable":true,"href":"https:\/\/www.europesays.com\/fr\/wp-json\/wp\/v2\/users\/2"}],"replies":[{"embeddable":true,"href":"https:\/\/www.europesays.com\/fr\/wp-json\/wp\/v2\/comments?post=247421"}],"version-history":[{"count":0,"href":"https:\/\/www.europesays.com\/fr\/wp-json\/wp\/v2\/posts\/247421\/revisions"}],"wp:featuredmedia":[{"embeddable":true,"href":"https:\/\/www.europesays.com\/fr\/wp-json\/wp\/v2\/media\/247422"}],"wp:attachment":[{"href":"https:\/\/www.europesays.com\/fr\/wp-json\/wp\/v2\/media?parent=247421"}],"wp:term":[{"taxonomy":"category","embeddable":true,"href":"https:\/\/www.europesays.com\/fr\/wp-json\/wp\/v2\/categories?post=247421"},{"taxonomy":"post_tag","embeddable":true,"href":"https:\/\/www.europesays.com\/fr\/wp-json\/wp\/v2\/tags?post=247421"}],"curies":[{"name":"wp","href":"https:\/\/api.w.org\/{rel}","templated":true}]}}