{"id":247423,"date":"2025-07-13T15:35:30","date_gmt":"2025-07-13T15:35:30","guid":{"rendered":"https:\/\/www.europesays.com\/fr\/247423\/"},"modified":"2025-07-13T15:35:30","modified_gmt":"2025-07-13T15:35:30","slug":"jai-roule-250-km-a-bord-du-suv-xiaomi-electrique-et-jai-compris-pourquoi-il-etait-parfait-pour-le-quotidien","status":"publish","type":"post","link":"https:\/\/www.europesays.com\/fr\/247423\/","title":{"rendered":"J\u2019ai roul\u00e9 250 km \u00e0 bord du SUV Xiaomi \u00e9lectrique et j\u2019ai compris pourquoi il \u00e9tait parfait pour le quotidien"},"content":{"rendered":"<p>Apr\u00e8s avoir parcouru 250 km sur les routes chinoises au volant du Xiaomi YU7, une \u00e9vidence s\u2019impose : ce SUV \u00e9lectrique ne se contente pas de transporter, il transforme radicalement notre rapport \u00e0 l\u2019automobile. Pour le quotidien, on ne conna\u00eet pas une voiture aussi pratique.<\/p>\n<p><a href=\"https:\/\/images.frandroid.com\/wp-content\/uploads\/2025\/06\/img-9197.jpg\" target=\"_blank\" class=\"article-content__figure\" rel=\"noopener\"><img fetchpriority=\"high\" decoding=\"async\" loading=\"eager\" width=\"1200\" height=\"758\" src=\"https:\/\/www.europesays.com\/fr\/wp-content\/uploads\/2025\/07\/img-9197.jpg\" alt=\"\" class=\"wp-image-2707733 wp-image wp-image\"  \/><\/a>Xiaomi YU7 \/\/ Source : Nicolas Declunder pour Frandroid<\/p>\n<p>Avec la <a href=\"https:\/\/www.frandroid.com\/produits\/voitures\/xiaomi\/2709451-xiaomi-yu7\" target=\"_blank\" rel=\"noopener\">YU7 \u00e9lectrique<\/a>, Xiaomi frappe fort dans l\u2019industrie automobile. Loin des codes traditionnels, <a href=\"https:\/\/www.frandroid.com\/produits\/xiaomi\" target=\"_blank\" rel=\"noopener\">Xiaomi<\/a> propose une vision r\u00e9volutionnaire de la vie \u00e0 bord, o\u00f9 chaque d\u00e9tail a \u00e9t\u00e9 pens\u00e9 pour sublimer l\u2019exp\u00e9rience utilisateur.<\/p>\n<p><a href=\"https:\/\/images.frandroid.com\/wp-content\/uploads\/2025\/07\/xiaomi-yu7-00006.jpeg\" target=\"_blank\" class=\"article-content__figure\" rel=\"noopener\"><img loading=\"lazy\" decoding=\"async\" width=\"1200\" height=\"661\" src=\"https:\/\/www.europesays.com\/fr\/wp-content\/uploads\/2025\/07\/xiaomi-yu7-00006-1200x661.jpeg\" alt=\"\" class=\"wp-image-2731885 wp-image\"  \/><\/a><\/p>\n<p>Si <a href=\"https:\/\/www.frandroid.com\/marques\/xiaomi\/2657439_on-a-roule-250-km-avec-la-nouvelle-voiture-electrique-de-xiaomi-une-claque-comme-rarement-on-en-prend\" target=\"_blank\" rel=\"noopener\">nous avions d\u00e9taill\u00e9 l\u2019essai dans un article d\u00e9di\u00e9<\/a> (ainsi qu\u2019<a target=\"_blank\" href=\"https:\/\/www.youtube.com\/watch?v=RucmI8PLexs\" rel=\"noopener\">une vid\u00e9o<\/a>), je reviens ici sur la vie \u00e0 bord, l\u2019\u00e9cosyst\u00e8me et la compatibilit\u00e9 \u2013 improbable venant de Xiaomi \u2013 avec Apple, iOS et les iPhone.<\/p>\n<p>Une habitabilit\u00e9 repens\u00e9e : quand l\u2019espace devient luxe<\/p>\n<p>D\u00e8s l\u2019ouverture des porti\u00e8res, la sensation d\u2019espace frappe imm\u00e9diatement. Avec ses 3 m\u00e8tres d\u2019empattement (heureusement, il mesure quand m\u00eame 5 m\u00e8tres de long), le YU7 offre une g\u00e9n\u00e9rosit\u00e9 spatiale qui d\u00e9fie sa silhouette sportive.<\/p>\n<p>\u00c0 l\u2019arri\u00e8re, les 73 mm d\u2019espace suppl\u00e9mentaire aux jambes par rapport \u00e0 la berline SU7 (qui \u00e9tait d\u00e9j\u00e0 tr\u00e8s spacieuse) transforment chaque trajet en voyage premi\u00e8re classe. Cette prouesse technique, rendue possible par l\u2019architecture \u00e9lectrique optimis\u00e9e, permet d\u2019installer confortablement cinq adultes sans compromis sur le style ext\u00e9rieur.<\/p>\n<p><a href=\"https:\/\/images.frandroid.com\/wp-content\/uploads\/2025\/07\/img-9677.jpg\" target=\"_blank\" class=\"article-content__figure\" rel=\"noopener\"><img loading=\"lazy\" decoding=\"async\" width=\"1200\" height=\"676\" src=\"https:\/\/www.europesays.com\/fr\/wp-content\/uploads\/2025\/07\/img-9677-1200x676.jpg\" alt=\"\" class=\"wp-image-2726363 wp-image\"  \/><\/a>La Xiaomi YU7 avec les tablettes arri\u00e8res optionnelles. \/\/ Source : Nicolas Declunder pour Frandroid<\/p>\n<p>Mais l\u2019ing\u00e9niosit\u00e9 de Xiaomi se r\u00e9v\u00e8le surtout dans les d\u00e9tails pratiques : 36 compartiments de rangement pars\u00e8ment intelligemment l\u2019habitacle, cr\u00e9ant une v\u00e9ritable logistique du quotidien. Au niveau des portes, on appr\u00e9cie notamment de pouvoir placer des objets dans des emplacements ou interstices illustr\u00e9s ci-dessous par le placement de bouteilles d\u2019eau ou t\u00e9l\u00e9phone. \u00c7a peut paraitre anodin, mais c\u2019est bien pratique en utilisation r\u00e9guli\u00e8re. Et en plus le r\u00e9tro-\u00e9clairage est bien int\u00e9gr\u00e9 !<\/p>\n<p>\t\t\t\t\t\t<a href=\"https:\/\/images.frandroid.com\/wp-content\/uploads\/2025\/07\/img-9071.jpg\" itemprop=\"url\" target=\"_blank\" rel=\"noopener\"><\/p>\n<p>\t\t\t\t\t\t\t<img class=\"wp-image\" decoding=\"async\" src=\"https:\/\/www.europesays.com\/fr\/wp-content\/uploads\/2025\/07\/img-9071.jpg\"  width=\"924\" height=\"693\" loading=\"lazy\" data-original-width=\"924\" data-original-height=\"693\" itemprop=\"http:\/\/schema.org\/image\" title=\"IMG_9071\" alt=\"IMG_9071\" style=\"width: 924px; height: 693px;\"\/><br \/>\n\t\t\t\t\t\t<\/a><\/p>\n<p>\t\t\t\t\t\t<a href=\"https:\/\/images.frandroid.com\/wp-content\/uploads\/2025\/07\/img-9729.jpg\" itemprop=\"url\" target=\"_blank\" rel=\"noopener\"><\/p>\n<p>\t\t\t\t\t\t\t<img class=\"wp-image\" decoding=\"async\" src=\"https:\/\/www.europesays.com\/fr\/wp-content\/uploads\/2025\/07\/img-9729.jpg\"  width=\"460\" height=\"345\" loading=\"lazy\" data-original-width=\"460\" data-original-height=\"345\" itemprop=\"http:\/\/schema.org\/image\" title=\"IMG_9729\" alt=\"IMG_9729\" style=\"width: 460px; height: 345px;\"\/><br \/>\n\t\t\t\t\t\t<\/a><\/p>\n<p>\t\t\t\t\t\t<a href=\"https:\/\/images.frandroid.com\/wp-content\/uploads\/2025\/07\/img-9732.jpg\" itemprop=\"url\" target=\"_blank\" rel=\"noopener\"><\/p>\n<p>\t\t\t\t\t\t\t<img class=\"wp-image\" decoding=\"async\" src=\"https:\/\/www.europesays.com\/fr\/wp-content\/uploads\/2025\/07\/img-9732.jpg\"  width=\"460\" height=\"345\" loading=\"lazy\" data-original-width=\"460\" data-original-height=\"345\" itemprop=\"http:\/\/schema.org\/image\" title=\"IMG_9732\" alt=\"IMG_9732\" style=\"width: 460px; height: 345px;\"\/><br \/>\n\t\t\t\t\t\t<\/a><\/p>\n<p>Nous avions d\u00e9j\u00e0 parl\u00e9 du volume des coffres dans <a href=\"https:\/\/www.frandroid.com\/marques\/xiaomi\/2657439_on-a-roule-250-km-avec-la-nouvelle-voiture-electrique-de-xiaomi-une-claque-comme-rarement-on-en-prend\" target=\"_blank\" rel=\"noopener\">notre pr\u00e9c\u00e9dent article<\/a>, le coffre arri\u00e8re dispose \u00e9galement d\u2019un rail de fixation pour accessoires avec une alimentation interne jusque 100 watts pour alimenter hub USB, lumi\u00e8re de coffre et autres accessoires.<\/p>\n<p><a href=\"https:\/\/images.frandroid.com\/wp-content\/uploads\/2025\/07\/img-9151.jpg\" target=\"_blank\" class=\"article-content__figure\" rel=\"noopener\"><img loading=\"lazy\" decoding=\"async\" width=\"1200\" height=\"900\" src=\"https:\/\/www.europesays.com\/fr\/wp-content\/uploads\/2025\/07\/img-9151-1200x900.jpg\" alt=\"\" class=\"wp-image-2720719 wp-image\"  \/><\/a>Une lumi\u00e8re additionnelle et un hub USB sont connect\u00e9s sur le rail arri\u00e8re.<\/p>\n<p><strong>\u00c9quipements de confort<\/strong>: carton plein!<\/p>\n<p>Les innovations pratiques du YU7 r\u00e9volutionnent l\u2019exp\u00e9rience quotidienne \u00e0 bord. En voici quelques unes:<\/p>\n<p><strong>Frigo int\u00e9gr\u00e9 de 4,6 <\/strong>litres sous la console centrale avec fonction de refroidissement ou chauffage.<\/p>\n<p>\t\t\t\t\t\t<a href=\"https:\/\/images.frandroid.com\/wp-content\/uploads\/2025\/07\/img-9675.jpg\" itemprop=\"url\" target=\"_blank\" rel=\"noopener\"><\/p>\n<p>\t\t\t\t\t\t\t<img class=\"wp-image\" decoding=\"async\" src=\"https:\/\/www.europesays.com\/fr\/wp-content\/uploads\/2025\/07\/img-9675.jpg\"  width=\"460\" height=\"613\" loading=\"lazy\" data-original-width=\"460\" data-original-height=\"613\" itemprop=\"http:\/\/schema.org\/image\" title=\"IMG_9675\" alt=\"IMG_9675\" style=\"width: 460px; height: 613px;\"\/><br \/>\n\t\t\t\t\t\t<\/a><\/p>\n<p>\t\t\t\t\t\t<a href=\"https:\/\/images.frandroid.com\/wp-content\/uploads\/2025\/07\/img-9676.jpg\" itemprop=\"url\" target=\"_blank\" rel=\"noopener\"><\/p>\n<p>\t\t\t\t\t\t\t<img class=\"wp-image\" decoding=\"async\" src=\"https:\/\/www.europesays.com\/fr\/wp-content\/uploads\/2025\/07\/img-9676.jpg\"  width=\"460\" height=\"613\" loading=\"lazy\" data-original-width=\"460\" data-original-height=\"613\" itemprop=\"http:\/\/schema.org\/image\" title=\"IMG_9676\" alt=\"IMG_9676\" style=\"width: 460px; height: 613px;\"\/><br \/>\n\t\t\t\t\t\t<\/a><\/p>\n<p>            <img decoding=\"async\" width=\"1200\" height=\"446\" loading=\"lazy\" alt=\"Box Dyson \u2013 Juillet 2025\" title=\"Box Dyson \u2013 Juillet 2025\" class=\"is-radiusless placeholder-default wp-image\" src=\"https:\/\/www.europesays.com\/fr\/wp-content\/uploads\/2025\/07\/box-dyson-juillet-2025-1-1200x446.png\" \/>        <\/p>\n<p>\n                Jusqu\u2019\u00e0 31 % de remise chez Dyson            <\/p>\n<p class=\"has-text-weight-medium is-size-6 is-line-height-normal\">\n                Ventilateurs, aspirateurs, appareils de coiffure\u2026 Dyson a lanc\u00e9 ses soldes d\u2019\u00e9t\u00e9 ! On vous a justement s\u00e9lectionn\u00e9 l\u2019aspirateur sans fil V15 Detect Absolute : en promotion \u00e0 549 euros, avec sa d\u00e9tection laser des poussi\u00e8res et son \u00e9cran LCD qui affiche les donn\u00e9es en temps r\u00e9el.            <\/p>\n<p><strong>Bo\u00eete \u00e0 gants de 13,7 litres s\u00e9curis\u00e9e<\/strong> avec code \u00e0 4 chiffres.<\/p>\n<p>\t\t\t\t\t\t<a href=\"https:\/\/images.frandroid.com\/wp-content\/uploads\/2025\/07\/img-9743.jpg\" itemprop=\"url\" target=\"_blank\" rel=\"noopener\"><\/p>\n<p>\t\t\t\t\t\t\t<img class=\"wp-image\" decoding=\"async\" src=\"https:\/\/www.europesays.com\/fr\/wp-content\/uploads\/2025\/07\/img-9743.jpg\"  width=\"924\" height=\"681\" loading=\"lazy\" data-original-width=\"924\" data-original-height=\"681\" itemprop=\"http:\/\/schema.org\/image\" title=\"IMG_9743\" alt=\"IMG_9743\" style=\"width: 924px; height: 681px;\"\/><br \/>\n\t\t\t\t\t\t<\/a><\/p>\n<p><strong>Tiroir arri\u00e8re de 5,2 L<\/strong> sous le si\u00e8ge droit, id\u00e9al pour les affaires des enfants.<\/p>\n<p>\t\t\t\t\t\t<a href=\"https:\/\/images.frandroid.com\/wp-content\/uploads\/2025\/07\/img-9668.jpg\" itemprop=\"url\" target=\"_blank\" rel=\"noopener\"><\/p>\n<p>\t\t\t\t\t\t\t<img class=\"wp-image\" decoding=\"async\" src=\"https:\/\/www.europesays.com\/fr\/wp-content\/uploads\/2025\/07\/img-9668.jpg\"  width=\"331\" height=\"442\" loading=\"lazy\" data-original-width=\"331\" data-original-height=\"442\" itemprop=\"http:\/\/schema.org\/image\" title=\"IMG_9668\" alt=\"IMG_9668\" style=\"width: 331px; height: 442px;\"\/><br \/>\n\t\t\t\t\t\t<\/a><\/p>\n<p>\t\t\t\t\t\t<a href=\"https:\/\/images.frandroid.com\/wp-content\/uploads\/2025\/07\/img-9678.jpg\" itemprop=\"url\" target=\"_blank\" rel=\"noopener\"><\/p>\n<p>\t\t\t\t\t\t\t<img class=\"wp-image\" decoding=\"async\" src=\"https:\/\/www.europesays.com\/fr\/wp-content\/uploads\/2025\/07\/img-9678.jpg\"  width=\"589\" height=\"442\" loading=\"lazy\" data-original-width=\"589\" data-original-height=\"442\" itemprop=\"http:\/\/schema.org\/image\" title=\"IMG_9678\" alt=\"IMG_9678\" style=\"width: 589px; height: 442px;\"\/><br \/>\n\t\t\t\t\t\t<\/a><\/p>\n<p>La console centrale a bien un rangement sous l\u2019accoudoir double mais surtout <strong>un bac de rangement \u00e9clair\u00e9<\/strong> pour sac en dessous avec <strong>2 crochets<\/strong> <strong>r\u00e9tractables<\/strong>, 2 prises USB typeC et un rangement additionnel (pour une boite de lunettes de soleil par exemple).<\/p>\n<p>\t\t\t\t\t\t<a href=\"https:\/\/images.frandroid.com\/wp-content\/uploads\/2025\/07\/img-9700.jpg\" itemprop=\"url\" target=\"_blank\" rel=\"noopener\"><\/p>\n<p>\t\t\t\t\t\t\t<img class=\"wp-image\" decoding=\"async\" src=\"https:\/\/www.europesays.com\/fr\/wp-content\/uploads\/2025\/07\/img-9700.jpg\"  width=\"924\" height=\"693\" loading=\"lazy\" data-original-width=\"924\" data-original-height=\"693\" itemprop=\"http:\/\/schema.org\/image\" title=\"IMG_9700\" alt=\"IMG_9700\" style=\"width: 924px; height: 693px;\"\/><br \/>\n\t\t\t\t\t\t<\/a><\/p>\n<p>\t\t\t\t\t\t<a href=\"https:\/\/images.frandroid.com\/wp-content\/uploads\/2025\/07\/img-9698.jpg\" itemprop=\"url\" target=\"_blank\" rel=\"noopener\"><\/p>\n<p>\t\t\t\t\t\t\t<img class=\"wp-image\" decoding=\"async\" src=\"https:\/\/www.europesays.com\/fr\/wp-content\/uploads\/2025\/07\/img-9698.jpg\"  width=\"589\" height=\"442\" loading=\"lazy\" data-original-width=\"589\" data-original-height=\"442\" itemprop=\"http:\/\/schema.org\/image\" title=\"IMG_9698\" alt=\"IMG_9698\" style=\"width: 589px; height: 442px;\"\/><br \/>\n\t\t\t\t\t\t<\/a><\/p>\n<p>\t\t\t\t\t\t<a href=\"https:\/\/images.frandroid.com\/wp-content\/uploads\/2025\/07\/img-9736.jpg\" itemprop=\"url\" target=\"_blank\" rel=\"noopener\"><\/p>\n<p>\t\t\t\t\t\t\t<img class=\"wp-image\" decoding=\"async\" src=\"https:\/\/www.europesays.com\/fr\/wp-content\/uploads\/2025\/07\/img-9736.jpg\"  width=\"331\" height=\"442\" loading=\"lazy\" data-original-width=\"331\" data-original-height=\"442\" itemprop=\"http:\/\/schema.org\/image\" title=\"IMG_9736\" alt=\"IMG_9736\" style=\"width: 331px; height: 442px;\"\/><br \/>\n\t\t\t\t\t\t<\/a><\/p>\n<p>\u00c0 l\u2019arri\u00e8re de ce rangement sous l\u2019accoudoir avant, Xiaomi a int\u00e9gr\u00e9 un emplacement avec prise d\u2019alimentation qui permettra d\u2019int\u00e9grer des <strong>blocs optionnels tel qu\u2019un set de talkie-walkies avec une torche <\/strong>ou<strong> un haut-parleur bluetooth<\/strong>, etc. On adore la modularit\u00e9 et l\u2019attention apport\u00e9e pour les diff\u00e9rents besoins des utilisateurs.<\/p>\n<p>\t\t\t\t\t\t<a href=\"https:\/\/images.frandroid.com\/wp-content\/uploads\/2025\/07\/img-9704.jpg\" itemprop=\"url\" target=\"_blank\" rel=\"noopener\"><\/p>\n<p>\t\t\t\t\t\t\t<img class=\"wp-image\" decoding=\"async\" src=\"https:\/\/www.europesays.com\/fr\/wp-content\/uploads\/2025\/07\/img-9704.jpg\"  width=\"348\" height=\"429\" loading=\"lazy\" data-original-width=\"348\" data-original-height=\"429\" itemprop=\"http:\/\/schema.org\/image\" title=\"IMG_9704\" alt=\"IMG_9704\" style=\"width: 348px; height: 429px;\"\/><br \/>\n\t\t\t\t\t\t<\/a><\/p>\n<p>\t\t\t\t\t\t<a href=\"https:\/\/images.frandroid.com\/wp-content\/uploads\/2025\/07\/img-9720.jpg\" itemprop=\"url\" target=\"_blank\" rel=\"noopener\"><\/p>\n<p>\t\t\t\t\t\t\t<img class=\"wp-image\" decoding=\"async\" src=\"https:\/\/www.europesays.com\/fr\/wp-content\/uploads\/2025\/07\/img-9720.jpg\"  width=\"572\" height=\"429\" loading=\"lazy\" data-original-width=\"572\" data-original-height=\"429\" itemprop=\"http:\/\/schema.org\/image\" title=\"IMG_9720\" alt=\"IMG_9720\" style=\"width: 572px; height: 429px;\"\/><br \/>\n\t\t\t\t\t\t<\/a><\/p>\n<p><a href=\"https:\/\/images.frandroid.com\/wp-content\/uploads\/2025\/07\/img-9719.jpg\" target=\"_blank\" class=\"article-content__figure\" rel=\"noopener\"><img loading=\"lazy\" decoding=\"async\" width=\"1200\" height=\"900\" src=\"https:\/\/www.europesays.com\/fr\/wp-content\/uploads\/2025\/07\/img-9719-1200x900.jpg\" alt=\"\" class=\"wp-image-2726315 wp-image\"  \/><\/a>A gauche des cartouches de parfum, au centre le kit talkie-walkie + lampe torche, \u00e0 droite le haut-parleur Bluetooth qui vous accompagnera en ext\u00e9rieur. Tous ces appareils sont recharg\u00e9s lorsque vous les ins\u00e9rez dans l\u2019emplacement pr\u00e9vu\u2026 Tr\u00e8s ing\u00e9nieux.<\/p>\n<p>La bo\u00eete \u00e0 gants s\u00e9curis\u00e9e avec code \u00e0 4 chiffres r\u00e9pond \u00e0 une pr\u00e9occupation moderne : <strong>prot\u00e9ger ses objets de valeur<\/strong>. Combin\u00e9e aux chargeurs sans fil 80 watts avec refroidissement int\u00e9gr\u00e9, elle cr\u00e9\u00e9 un \u00e9cosyst\u00e8me technologique coh\u00e9rent o\u00f9 chaque fonction r\u00e9pond \u00e0 un usage r\u00e9el. Mais j\u2019adore \u00e9galement de pouvoir prendre un kit de talkie-walkies pour les road trips \u00e0 2 voitures.<\/p>\n<p>L\u2019exp\u00e9rience des si\u00e8ges avants \u00ab\u00a0z\u00e9ro gravit\u00e9\u00a0\u00bb marque une rupture fondamentale avec l\u2019automobile traditionnelle. Ces si\u00e8ges, \u00e9quip\u00e9s d\u2019un syst\u00e8me de massage 10 points et d\u2019une inclinaison jusqu\u2019\u00e0 123\u00b0, transforment litt\u00e9ralement le v\u00e9hicule en salon de relaxation mobile. Lors des pauses autorouti\u00e8res, cette fonction permet au conducteur de r\u00e9cup\u00e9rer sans quitter son poste \u2013 un avantage appr\u00e9ciable lors des longs trajets.<\/p>\n<p>La certification OEKO-TEX\u00ae Class 1 n\u2019est pas qu\u2019un argument marketing : elle garantit un environnement sain pour toute la famille, y compris les plus jeunes. Nous en parlions en plus de d\u00e9tails dans mon premier article <a href=\"https:\/\/www.frandroid.com\/marques\/xiaomi\/2657439_on-a-roule-250-km-avec-la-nouvelle-voiture-electrique-de-xiaomi-une-claque-comme-rarement-on-en-prend\" target=\"_blank\" rel=\"noopener\">ici<\/a>.<\/p>\n<p>L\u2019\u00e9cosyst\u00e8me magn\u00e9tique : quand la personnalisation devient art de vivre<\/p>\n<p><strong>Points de fixation magn\u00e9tiques r\u00e9volutionnaires<\/strong><\/p>\n<p>Xiaomi a dispos\u00e9 <strong>9 points magn\u00e9tiques<\/strong> strat\u00e9giquement r\u00e9partis dans l\u2019habitacle dont 6 sont aliment\u00e9s \u00e0 une puissance de 27 watts. Ces 9 points magn\u00e9tiques r\u00e9partis dans l\u2019habitacle transforment radicalement l\u2019approche de la personnalisation.<\/p>\n<p><a href=\"https:\/\/images.frandroid.com\/wp-content\/uploads\/2025\/07\/img-9525.jpg\" target=\"_blank\" class=\"article-content__figure\" rel=\"noopener\"><img loading=\"lazy\" decoding=\"async\" width=\"1200\" height=\"565\" src=\"https:\/\/www.europesays.com\/fr\/wp-content\/uploads\/2025\/07\/img-9525-1200x565.jpg\" alt=\"\" class=\"wp-image-2720733 wp-image\"  \/><\/a>Le PDG de Xiaomi illustre 3 accessoires \u00e0 monter sur un point magn\u00e9tique du tableau de bord.<\/p>\n<p>Contrairement aux solutions traditionnelles n\u00e9cessitant vissage ou collage, ces fixations magn\u00e9tiques permettent une adaptation instantan\u00e9e selon les besoins du moment. Besoin d\u2019un support pour lunettes pendant un trajet ensoleill\u00e9 ? Il se fixe en une seconde. Voyage avec enfants ? Les accessoires ludiques se positionnent \u00e0 port\u00e9e de main.<\/p>\n<p><a href=\"https:\/\/images.frandroid.com\/wp-content\/uploads\/2025\/07\/img-9531.jpg\" target=\"_blank\" class=\"article-content__figure\" rel=\"noopener\"><img loading=\"lazy\" decoding=\"async\" width=\"1200\" height=\"551\" src=\"https:\/\/www.europesays.com\/fr\/wp-content\/uploads\/2025\/07\/img-9531-1200x551.jpg\" alt=\"\" class=\"wp-image-2720729 wp-image\"  \/><\/a>Lei Jun, le PDG de Xiaomi, avait d\u00e9j\u00e0 pr\u00e9sent\u00e9 de nombreux accessoires optionnels pour la YU7 lors du lancement du v\u00e9hicule \u00e0 P\u00e9kin.<\/p>\n<p>Cette modularit\u00e9 r\u00e9pond \u00e0 une r\u00e9alit\u00e9 moderne : nos besoins automobiles \u00e9voluent selon les circonstances. Le syst\u00e8me magn\u00e9tique Xiaomi s\u2019adapte \u00e0 cette variabilit\u00e9, cr\u00e9ant une voiture \u00e9volutive.<\/p>\n<p><a href=\"https:\/\/images.frandroid.com\/wp-content\/uploads\/2025\/07\/img-9662.jpg\" target=\"_blank\" class=\"article-content__figure\" rel=\"noopener\"><img loading=\"lazy\" decoding=\"async\" width=\"1200\" height=\"643\" src=\"https:\/\/www.europesays.com\/fr\/wp-content\/uploads\/2025\/07\/img-9662-1200x643.jpg\" alt=\"\" class=\"wp-image-2726365 wp-image\"  \/><\/a>Les accessoires sont d\u00e9j\u00e0 disponibles \u00e0 la vente en boutique Xiaomi.<\/p>\n<p><strong>Syst\u00e8me de boutons magn\u00e9tiques programmables<\/strong><\/p>\n<p>L\u2019innovation des boutons magn\u00e9tiques programmables m\u00e9rite une attention particuli\u00e8re. Ces petits dispositifs Bluetooth, fixables partout dans l\u2019habitacle, peuvent ex\u00e9cuter des centaines de fonctions. Programmer l\u2019ouverture simultan\u00e9e de fen\u00eatres et \/ ou coffres, d\u00e9clencher la navigation vers la maison, ou m\u00eame contr\u00f4ler l\u2019\u00e9clairage domestique avant l\u2019arriv\u00e9e \u2013 les possibilit\u00e9s semblent infinies.<\/p>\n<p>Vous pouvez customiser chaque bouton, \u00e0 l\u2019infini et m\u00eame cr\u00e9er des sc\u00e8nes: mettre les si\u00e8ges avant en position repos, assombrir le toit panoramique, passer l\u2019\u00e9clairage ambiant \u00e0 la couleur bleu et en m\u00eame temps lire une certaine programmation musicale\u2026 On pense aussi \u00e0 une <strong>int\u00e9gration domotique<\/strong> qui ouvrira la lumi\u00e8re du garage et enclenchera les pompes \u00e0 chaleurs de votre maison en 1 clic\u2026<\/p>\n<p><a href=\"https:\/\/images.frandroid.com\/wp-content\/uploads\/2025\/07\/img-9108.jpg\" target=\"_blank\" class=\"article-content__figure\" rel=\"noopener\"><img loading=\"lazy\" decoding=\"async\" width=\"1200\" height=\"900\" src=\"https:\/\/www.europesays.com\/fr\/wp-content\/uploads\/2025\/07\/img-9108-1200x900.jpg\" alt=\"\" class=\"wp-image-2720713 wp-image\"  \/><\/a><\/p>\n<p>\t\t\t\t\t\t<a href=\"https:\/\/images.frandroid.com\/wp-content\/uploads\/2025\/07\/img-9106.jpg\" itemprop=\"url\" target=\"_blank\" rel=\"noopener\"><\/p>\n<p>\t\t\t\t\t\t\t<img class=\"wp-image\" decoding=\"async\" src=\"https:\/\/www.europesays.com\/fr\/wp-content\/uploads\/2025\/07\/img-9106.jpg\"  width=\"460\" height=\"345\" loading=\"lazy\" data-original-width=\"460\" data-original-height=\"345\" itemprop=\"http:\/\/schema.org\/image\" title=\"IMG_9106\" alt=\"IMG_9106\" style=\"width: 460px; height: 345px;\"\/><br \/>\n\t\t\t\t\t\t<\/a><\/p>\n<p>\t\t\t\t\t\t<a href=\"https:\/\/images.frandroid.com\/wp-content\/uploads\/2025\/07\/img-9107.jpg\" itemprop=\"url\" target=\"_blank\" rel=\"noopener\"><\/p>\n<p>\t\t\t\t\t\t\t<img class=\"wp-image\" decoding=\"async\" src=\"https:\/\/www.europesays.com\/fr\/wp-content\/uploads\/2025\/07\/img-9107.jpg\"  width=\"460\" height=\"345\" loading=\"lazy\" data-original-width=\"460\" data-original-height=\"345\" itemprop=\"http:\/\/schema.org\/image\" title=\"IMG_9107\" alt=\"IMG_9107\" style=\"width: 460px; height: 345px;\"\/><br \/>\n\t\t\t\t\t\t<\/a><\/p>\n<p>Cette approche r\u00e9volutionne l\u2019ergonomie automobile. Plut\u00f4t que de naviguer dans des menus tactiles pendant la conduite, l\u2019utilisateur cr\u00e9e ses propres raccourcis physiques. Cette personnalisation permet un gain de temps et de s\u00e9curit\u00e9 consid\u00e9rable et r\u00e9pond \u2013 en partie \u2013 \u00e0 mes craintes du temps pass\u00e9 dans les nombreux menus durant la conduite.<\/p>\n<p>On se demande qui va pouvoir d\u00e9tr\u00f4ner Xiaomi<\/p>\n<p>Le Xiaomi YU7 ne se contente pas d\u2019\u00eatre un excellent SUV \u00e9lectrique : il red\u00e9finit nos attentes en mati\u00e8re d\u2019automobile. Chaque innovation, du frigo int\u00e9gr\u00e9 aux boutons magn\u00e9tiques programmables, r\u00e9pond \u00e0 des besoins r\u00e9els d\u2019utilisateurs.<\/p>\n<p>C\u2019est encore plus surprenant pour moi qui revient d\u2019une journ\u00e9e avec la NIO ET9, une voiture \u00e0 90 000 euros en Chine qui rivalise avec les <a href=\"https:\/\/www.frandroid.com\/produits\/voitures\/bmw\/1491862-bmw-i7\" target=\"_blank\" rel=\"noopener\">BMW s\u00e9rie 7<\/a> et Mercedes Classe S. \u00c0 titre de comparaison, la YU7 est vendue \u00e0 partir de 30 000 euros en Chine.<\/p>\n<p>Une semaine apr\u00e8s avoir test\u00e9 la YU7, je constate \u00e0 quel point la voiture est aboutie par rapport \u00e0 la concurrence, m\u00eame sur une limousine telle que la ET9\u2026 Il faut vivre l\u2019exp\u00e9rience YU7 pour comprendre l\u2019avance de Xiaomi.<\/p>\n<p>Face aux constructeurs historiques englu\u00e9s dans leurs habitudes, Xiaomi prouve qu\u2019une approche technologique peut r\u00e9volutionner l\u2019exp\u00e9rience automobile. Le YU7 n\u2019est pas seulement une voiture \u00e9lectrique performante : c\u2019est un aper\u00e7u de l\u2019avenir de la mobilit\u00e9, o\u00f9 l\u2019automobile devient une extension intelligente de notre mode de vie num\u00e9rique.<\/p>\n<p>Attention toutefois : cet essai a \u00e9t\u00e9 r\u00e9alis\u00e9 en Chine, avec des routes un peu diff\u00e9rentes des capitales europ\u00e9ennes. Une voiture longue de 5 m\u00e8tres n\u2019est pas forc\u00e9ment une voiture qualifi\u00e9e de \u00ab\u00a0pratique\u00a0\u00bb sur le Vieux-Continent. Il n\u2019en reste que toutes les astuces de Xiaomi pourraient \u00eatre adapt\u00e9es dans une voiture plus compacte. Et on a h\u00e2te de voir les prochains lancements de la firme chinoise, et <a href=\"https:\/\/www.frandroid.com\/marques\/xiaomi\/2725625_pourra-t-on-bientot-acheter-une-voiture-electrique-xiaomi-en-france-voici-la-reponse-de-lei-jun\" target=\"_blank\" rel=\"noopener\">son arriv\u00e9e probable en Europe dans les prochaines ann\u00e9es<\/a>.<\/p>\n","protected":false},"excerpt":{"rendered":"Apr\u00e8s avoir parcouru 250 km sur les routes chinoises au volant du Xiaomi YU7, une \u00e9vidence s\u2019impose :&hellip;\n","protected":false},"author":2,"featured_media":247424,"comment_status":"","ping_status":"","sticky":false,"template":"","format":"standard","meta":{"footnotes":""},"categories":[6],"tags":[35,33,34,1011,27,29902,34459],"class_list":{"0":"post-247423","1":"post","2":"type-post","3":"status-publish","4":"format-standard","5":"has-post-thumbnail","7":"category-economie","8":"tag-business","9":"tag-economie","10":"tag-economy","11":"tag-fr","12":"tag-france","13":"tag-ios","14":"tag-xiaomi-yu7"},"share_on_mastodon":{"url":"https:\/\/pubeurope.com\/@fr\/114846665283783926","error":""},"_links":{"self":[{"href":"https:\/\/www.europesays.com\/fr\/wp-json\/wp\/v2\/posts\/247423","targetHints":{"allow":["GET"]}}],"collection":[{"href":"https:\/\/www.europesays.com\/fr\/wp-json\/wp\/v2\/posts"}],"about":[{"href":"https:\/\/www.europesays.com\/fr\/wp-json\/wp\/v2\/types\/post"}],"author":[{"embeddable":true,"href":"https:\/\/www.europesays.com\/fr\/wp-json\/wp\/v2\/users\/2"}],"replies":[{"embeddable":true,"href":"https:\/\/www.europesays.com\/fr\/wp-json\/wp\/v2\/comments?post=247423"}],"version-history":[{"count":0,"href":"https:\/\/www.europesays.com\/fr\/wp-json\/wp\/v2\/posts\/247423\/revisions"}],"wp:featuredmedia":[{"embeddable":true,"href":"https:\/\/www.europesays.com\/fr\/wp-json\/wp\/v2\/media\/247424"}],"wp:attachment":[{"href":"https:\/\/www.europesays.com\/fr\/wp-json\/wp\/v2\/media?parent=247423"}],"wp:term":[{"taxonomy":"category","embeddable":true,"href":"https:\/\/www.europesays.com\/fr\/wp-json\/wp\/v2\/categories?post=247423"},{"taxonomy":"post_tag","embeddable":true,"href":"https:\/\/www.europesays.com\/fr\/wp-json\/wp\/v2\/tags?post=247423"}],"curies":[{"name":"wp","href":"https:\/\/api.w.org\/{rel}","templated":true}]}}