{"id":247431,"date":"2025-07-13T15:41:19","date_gmt":"2025-07-13T15:41:19","guid":{"rendered":"https:\/\/www.europesays.com\/fr\/247431\/"},"modified":"2025-07-13T15:41:19","modified_gmt":"2025-07-13T15:41:19","slug":"nancy-vente-dalcool-interdite-place-des-vosges-sils-veulent-de-lalcool-ils-font-500-m-de-plus-et-en-trouvent-lest-republicain","status":"publish","type":"post","link":"https:\/\/www.europesays.com\/fr\/247431\/","title":{"rendered":"Nancy. Vente d&#039;alcool interdite place des Vosges : \u00ab S&#039;ils veulent de l&#039;alcool, ils font 500 m de plus et en trouvent \u00bb &#8211; L&#039;Est R\u00e9publicain"},"content":{"rendered":"<ol>\n<li><a href=\"https:\/\/news.google.com\/rss\/articles\/CBMivAFBVV95cUxNT2RQSEZPRDhBNVhhTGV1R2FxYzQxQlNqSWs1WWFXU1pCc09JMEYxLVRxWk1aaEhrMThsekJEWC12WC1reDBXYlQ1WUFVd3pCYldQODN5ZzduRGhLdDRRRGYyOXBvRmZQMW9SY1IxcE5iR3B2NUhETy15enVWX3I3QUM0anV4Z0YzYmJWSmpqOWtNQk5mQU12MW9tdko5TjYtWXN4NGxWVXd4VmNfSW40MW8zRzQyQThvNk9PVw?oc=5\" target=\"_blank\" rel=\"noopener\">Nancy. Vente d&rsquo;alcool interdite place des Vosges : \u00ab S&rsquo;ils veulent de l&rsquo;alcool, ils font 500 m de plus et en trouvent \u00bb<\/a>&nbsp;&nbsp;L&rsquo;Est R\u00e9publicain<\/li>\n<li><a href=\"https:\/\/news.google.com\/rss\/articles\/CBMi3AFBVV95cUxPU0NIb2ExSm1CU3Q3aGE5eGM3RlVtbmpmWHVTQkV5dm54dkY1eXpSU3ZuUWlIZURadTBwR0xZWk1TWW0wZ2xHNzBQc0xaNW1OSUFLT3NhMW9WM3pudVBpaVNkRGw3ODVKNDdFS1FpMnVGZ0RNNW5WTVFrYzZjTmhac0ZwSEJySFFHXy12SDR4Zlc2OFNYUkVBRnF4elJYUFR3N01vV3laUVBtTnV4d1FJaS1TMFhKbjk2TVQzX3A0TTc2Z1Z2WTJfaUlKWWVvX2tEM0t6T3NQSS0yNzBa?oc=5\" target=\"_blank\" rel=\"noopener\">S\u00e9curit\u00e9 : Nancy veut mettre fin aux incivilit\u00e9s du quotidien, voici les mesures mises en place<\/a>&nbsp;&nbsp;Actu.fr<\/li>\n<li><a href=\"https:\/\/news.google.com\/rss\/articles\/CBMiswFBVV95cUxPLVpOemhFQW9rdjMxblZleFlYaWtOazJUY00wNWItR05MX2tQc0dKNUI2dGdMVUwwbVRDaWZEVGpMRWdjRHd1NkdUS2J2TVdpNG9IZmhFQ2JWUE9pZTF2WElpQVpWMWhvVGJMWVkzeFlSd3lDYVM3aTJIWFAzR2dnUkY0NnZBTURITzNvd1BlblYzUC1peUNvYXZYbldSWndvSllFeUNZcHBOd2xGNWpsWEgxYw?oc=5\" target=\"_blank\" rel=\"noopener\">Nancy teste le retrait des bi\u00e8res fortes dans plusieurs commerces<\/a>&nbsp;&nbsp;Rayon Boissons<\/li>\n<li><a href=\"https:\/\/news.google.com\/rss\/articles\/CBMipwJBVV95cUxPQmdnd09ZdDNobzI5c01sV1JYT1J4Q3VqZUg2Y0l0d25qWjhJeDYwTjlvTzFULWZkeF9XQktHM2ptSVdBZ0JyVXphZHYzUkhtel9mWFo0VnNQMGkzakJmYXRYX1UxNy1wa0xYRjZwandYUVlyOG1QQ25rNzdPNlk2SE5ka2lJaDRELWJJT2FJd285UGgzRjJoZTB5eUZiR3IzNXdtR3loZEhNci1xRHNPRTAzbldsS2JPaENWWXo0YXVZdGxUdUhucGpwZXJQcVhmUnRHQkdVQUY0a1BfVGhDbnZLRzZxTkpUT2p4WmlkZHdfamZjRkhBM1pJU2swQU80WWtOZXpLUDhHUUQ0TVNTczRITTg1dGt2dFBSei14bWdSSTdOYS1j?oc=5\" target=\"_blank\" rel=\"noopener\">Troubles \u00e0 l&rsquo;ordre public en centre-ville de Nancy : \u00ab\u00a0Il faut rester engag\u00e9 de fa\u00e7on constante\u00a0\u00bb, selon Mathieu Klein<\/a>&nbsp;&nbsp;francebleu.fr<\/li>\n<li><a href=\"https:\/\/news.google.com\/rss\/articles\/CBMi4gFBVV95cUxQLW5yT09ETzBvQXBFejdFWnhXNGd6V3A4S2tERmtGcXNfRVBjWjd3ZTREWVc5WkQycFEtbHoxS1JQWUhNcnE3Si1XZXlCT2RZM29qVmhYZ1dLQk5rSjgwQ3liME10bVFEa3lZcm5ZOHFSTm9YMEJtRU03ejRVTWdyTjZYVHVhbUgtNElKRXNnYk9Sa0I5YnNjbzdvWUVyLVRvd1EwejEwOTE5elRoWDJkRzNGTGhsdmUwN003MGU2ODc3VzAtU0JFOWNlZWp3bnZ5S2VJVVI5SVZubWpHVVZvd3lB?oc=5\" target=\"_blank\" rel=\"noopener\">Errance, \u00e9bri\u00e9t\u00e9 et stups : \u00e0 Nancy des mesures renforc\u00e9es face aux incivilit\u00e9s et aux trafics<\/a>&nbsp;&nbsp;ici-c-nancy.fr<\/li>\n<\/ol>\n","protected":false},"excerpt":{"rendered":"Nancy. Vente d&rsquo;alcool interdite place des Vosges : \u00ab S&rsquo;ils veulent de l&rsquo;alcool, ils font 500 m de&hellip;\n","protected":false},"author":2,"featured_media":247432,"comment_status":"","ping_status":"","sticky":false,"template":"","format":"standard","meta":{"footnotes":""},"categories":[9635],"tags":[1111,11,4406,33,1704,1777,674,274,1011,27,775,1702,1703,12,25,104,6182],"class_list":{"0":"post-247431","1":"post","2":"type-post","3":"status-publish","4":"format-standard","5":"has-post-thumbnail","7":"category-nancy","8":"tag-actu","9":"tag-actualites","10":"tag-commerce-et-services","11":"tag-economie","12":"tag-edition-nancy-et-agglomeration","13":"tag-eu","14":"tag-europe","15":"tag-faits-divers-justice","16":"tag-fr","17":"tag-france","18":"tag-grand-est","19":"tag-nancy","20":"tag-nancy-ville-54b","21":"tag-news","22":"tag-republique-francaise","23":"tag-societe","24":"tag-vins-et-viticulture"},"share_on_mastodon":{"url":"https:\/\/pubeurope.com\/@fr\/114846687736740408","error":""},"_links":{"self":[{"href":"https:\/\/www.europesays.com\/fr\/wp-json\/wp\/v2\/posts\/247431","targetHints":{"allow":["GET"]}}],"collection":[{"href":"https:\/\/www.europesays.com\/fr\/wp-json\/wp\/v2\/posts"}],"about":[{"href":"https:\/\/www.europesays.com\/fr\/wp-json\/wp\/v2\/types\/post"}],"author":[{"embeddable":true,"href":"https:\/\/www.europesays.com\/fr\/wp-json\/wp\/v2\/users\/2"}],"replies":[{"embeddable":true,"href":"https:\/\/www.europesays.com\/fr\/wp-json\/wp\/v2\/comments?post=247431"}],"version-history":[{"count":0,"href":"https:\/\/www.europesays.com\/fr\/wp-json\/wp\/v2\/posts\/247431\/revisions"}],"wp:featuredmedia":[{"embeddable":true,"href":"https:\/\/www.europesays.com\/fr\/wp-json\/wp\/v2\/media\/247432"}],"wp:attachment":[{"href":"https:\/\/www.europesays.com\/fr\/wp-json\/wp\/v2\/media?parent=247431"}],"wp:term":[{"taxonomy":"category","embeddable":true,"href":"https:\/\/www.europesays.com\/fr\/wp-json\/wp\/v2\/categories?post=247431"},{"taxonomy":"post_tag","embeddable":true,"href":"https:\/\/www.europesays.com\/fr\/wp-json\/wp\/v2\/tags?post=247431"}],"curies":[{"name":"wp","href":"https:\/\/api.w.org\/{rel}","templated":true}]}}