{"id":247435,"date":"2025-07-13T15:44:10","date_gmt":"2025-07-13T15:44:10","guid":{"rendered":"https:\/\/www.europesays.com\/fr\/247435\/"},"modified":"2025-07-13T15:44:10","modified_gmt":"2025-07-13T15:44:10","slug":"faire-des-concerts-ma-permis-de-traverser-des-periodes-difficiles-comme-celle-de-mon-cancer-de-passage-a-la-crau-charlelie-couture-sest-confie-sur-son-rapport-a-la-scene","status":"publish","type":"post","link":"https:\/\/www.europesays.com\/fr\/247435\/","title":{"rendered":"\u00ab\u00a0Faire des concerts m\u2019a permis de traverser des p\u00e9riodes difficiles, comme celle de mon cancer\u00a0\u00bb: de passage \u00e0 La Crau, CharlElie Couture s\u2019est confi\u00e9 sur son rapport \u00e0 la sc\u00e8ne"},"content":{"rendered":"<p>Quand il retire ses lunettes, ses yeux bleus surgissent. Brillants de malice et de passion. Vendredi soir, Charl\u00c9lie Couture \u00e9tait \u00e0 La Crau. Un concert gratuit, n\u00e9 de rencontres\u2026 et d\u2019un peu de hasard. L\u2019an pass\u00e9, l\u2019humoriste Mathieu Mad\u00e9nian se produisait sur la m\u00eame sc\u00e8ne. C\u2019est lui qui a souffl\u00e9 le nom de Charl\u00c9lie \u00e0 la municipalit\u00e9. Douze mois plus tard, et apr\u00e8s quelques coups de fil, l\u2019artiste aux multiples casquettes d\u00e9barquait avec ses 26 albums dans les valises. Il nous avait promis 5 \u00e0 10 minutes d\u2019interview&#8230; nous avons all\u00e8grement d\u00e9pass\u00e9 la demi-heure d\u2019entretien. De ses attaches dans le Var \u00e0 sa vision de l\u2019art, de la musique \u00e0 ses projets, Charl\u00c9lie a fait sauter les coutures.<\/p>\n<p><strong>Il para\u00eet que vous avez quelques attaches dans la r\u00e9gion\u2026<\/strong><\/p>\n<p>Beaucoup, m\u00eame! Ma femme est originaire de Toulon, elle y a v\u00e9cu et y a fait ses \u00e9tudes. Sa m\u00e8re vivait encore ici il y a quelques mois, elle vient tout juste de d\u00e9m\u00e9nager. Je suis venu r\u00e9guli\u00e8rement. Je disais d\u2019ailleurs \u00e0 ma femme que \u00e7a m\u2019a fait bizarre qu\u2019elle ne soit pas l\u00e0. Elle m\u2019attendait toujours \u00e0 la descente du train quand je venais jouer dans la r\u00e9gion.<\/p>\n<p><strong>Avec \u00ab\u00a0Contre-toi\u00a0\u00bb, vous avez sorti votre 26e album. Un 27e, consacr\u00e9 \u00e0 l\u2019environnement et aux duos, est en pr\u00e9paration\u2026 Vous ne vous arr\u00eatez donc jamais?<\/strong><\/p>\n<p>C\u2019est un peu comme les locomotives: elles consomment plus d\u2019\u00e9nergie \u00e0 se remettre en route qu\u2019\u00e0 avancer. Ce m\u00e9tier m\u2019a permis de traverser les p\u00e9riodes difficiles. L\u2019essentiel, c\u2019est d\u2019avoir des objectifs, de se fixer des buts dans la vie. \u00c7a permet de traverser le brouillard. J\u2019ai d\u00e9j\u00e0 une histoire derri\u00e8re moi, mais je prends toujours autant de plaisir \u00e0 faire ce que j\u2019ai \u00e0 faire.<\/p>\n<p><strong>Lors d\u2019un concert comme celui de La Crau, vous reprenez certains de vos standards. Ressentez-vous parfois une forme de lassitude par rapport \u00e0 ces morceaux?<\/strong><\/p>\n<p>J\u2019ai fait 26 albums, des centaines d\u2019expositions, publi\u00e9 25 ouvrages\u2026 Et pourtant, on met toujours en avant Comme un avion sans aile, m\u00eame quand je propose quelque chose de nouveau. Tout est parfois r\u00e9sum\u00e9 \u00e0 \u00e7a. \u00c7a force \u00e0 l\u2019humilit\u00e9, m\u00eame si j\u2019assume ce titre que je reprends encore comme ce [vendredi] soir.<\/p>\n<p><strong>Vous vous d\u00e9finissez comme \u00ab\u00a0multiste\u00a0\u00bb, une sorte de touche-\u00e0-tout inclassable\u2026<\/strong><\/p>\n<p>Commercialement parlant, ce n\u2019\u00e9tait pas une bonne id\u00e9e d\u2019\u00eatre pluridisciplinaire. (rires) Mais bon, c\u2019est dans ma nature. Un type qui est, comme je me consid\u00e8re, multiste, pluridisciplinaire \u2013 un peu comme un triathl\u00e8te \u2013 ne va pas changer ce que la nature a fait de lui. Aujourd\u2019hui, avec les r\u00e9seaux sociaux et l\u2019importance consid\u00e9rable qu\u2019a pris la communication, on tend vers des choses plus simples.<\/p>\n<p><strong>Vous ne vous y retrouvez pas?<\/strong><\/p>\n<p>Quand tu arrives avec un message un peu plus complexe, comme celui qui dit que l\u2019inspiration passe avant la r\u00e9ussite, c\u2019est trop compliqu\u00e9. On veut juste des gens qui nous distraient, qu\u2019on consomme comme des fruits sucr\u00e9s. Et voil\u00e0. La culture est tr\u00e8s souvent associ\u00e9e \u00e0 la distraction, au plaisir, \u00e0 la joie\u2026 Je ne suis pas contre, mais je crois que la vie de quelqu\u2019un ne se r\u00e9sume pas \u00e0 des sourires de jour de noces.<\/p>\n<p><strong>Le fait de jongler entre les diff\u00e9rentes formes d\u2019art vous permet-il de dire des choses diff\u00e9rentes selon le support?<\/strong><\/p>\n<p>La musique est le seul art qui provoque cet \u00e9tat de transe, qui met le corps en mouvement. La peinture ou la litt\u00e9rature ne le permettent pas. Faire des concerts m\u2019a permis de traverser des p\u00e9riodes difficiles, comme celle de mon cancer, gr\u00e2ce \u00e0 cette \u00e9nergie partag\u00e9e avec le public. Quand je peins ou que j\u2019\u00e9cris, je suis heureux de le partager, mais ce n\u2019est pas la m\u00eame intensit\u00e9 qu\u2019un disque.<\/p>\n<p><strong>L\u2019ami de Woody de \u00ab\u00a0Toy Story\u00a0\u00bb<\/strong><\/p>\n<p>Dans sa carri\u00e8re, Charl\u00c9lie Couture a sign\u00e9 une vingtaine de bandes originales de films. Mais pour les plus jeunes, il est aussi la voix de Woody dans Toy Story, pour la chanson culte Je suis ton ami. Une histoire qui lui est tomb\u00e9e dessus presque par hasard.<\/p>\n<p>\u00ab\u00a0J\u2019ai toujours appr\u00e9ci\u00e9 le travail de Randy Newman, le compositeur de Toy Story. On est venu me proposer ses chansons pour le film. J\u2019ai accept\u00e9, \u00e0 condition de faire une adaptation, pas une simple traduction. C\u2019est comme \u00e7a que \u00e7a s\u2019est fait! C\u2019\u00e9tait tout de m\u00eame une dr\u00f4le d\u2019exp\u00e9rience. Travailler avec Disney, c\u2019est une industrie qui arrive. C\u2019est le Caterpillar face \u00e0 un escargot!\u00a0\u00bb<\/p>\n<p>Un titre que l\u2019on retrouve dans le premier opus de la saga\u2026 mais aussi dans le dernier en date, sorti en 2019.<\/p>\n<p>Charl\u00e9lie Couture sera au Th\u00e9\u00e2tre de Grasse le 6 mai 2026 \u00e0 21h. 28 euros. www.theatredegrasse.com<\/p>\n","protected":false},"excerpt":{"rendered":"Quand il retire ses lunettes, ses yeux bleus surgissent. Brillants de malice et de passion. Vendredi soir, Charl\u00c9lie&hellip;\n","protected":false},"author":2,"featured_media":247436,"comment_status":"","ping_status":"","sticky":false,"template":"","format":"standard","meta":{"footnotes":""},"categories":[9619],"tags":[1111,11,4156,251,1777,674,1011,27,873,12,882,25,2310],"class_list":{"0":"post-247435","1":"post","2":"type-post","3":"status-publish","4":"format-standard","5":"has-post-thumbnail","7":"category-toulon","8":"tag-actu","9":"tag-actualites","10":"tag-concerts","11":"tag-culture","12":"tag-eu","13":"tag-europe","14":"tag-fr","15":"tag-france","16":"tag-musique","17":"tag-news","18":"tag-provence-alpes-cote-dazur","19":"tag-republique-francaise","20":"tag-toulon"},"share_on_mastodon":{"url":"https:\/\/pubeurope.com\/@fr\/114846699557024438","error":""},"_links":{"self":[{"href":"https:\/\/www.europesays.com\/fr\/wp-json\/wp\/v2\/posts\/247435","targetHints":{"allow":["GET"]}}],"collection":[{"href":"https:\/\/www.europesays.com\/fr\/wp-json\/wp\/v2\/posts"}],"about":[{"href":"https:\/\/www.europesays.com\/fr\/wp-json\/wp\/v2\/types\/post"}],"author":[{"embeddable":true,"href":"https:\/\/www.europesays.com\/fr\/wp-json\/wp\/v2\/users\/2"}],"replies":[{"embeddable":true,"href":"https:\/\/www.europesays.com\/fr\/wp-json\/wp\/v2\/comments?post=247435"}],"version-history":[{"count":0,"href":"https:\/\/www.europesays.com\/fr\/wp-json\/wp\/v2\/posts\/247435\/revisions"}],"wp:featuredmedia":[{"embeddable":true,"href":"https:\/\/www.europesays.com\/fr\/wp-json\/wp\/v2\/media\/247436"}],"wp:attachment":[{"href":"https:\/\/www.europesays.com\/fr\/wp-json\/wp\/v2\/media?parent=247435"}],"wp:term":[{"taxonomy":"category","embeddable":true,"href":"https:\/\/www.europesays.com\/fr\/wp-json\/wp\/v2\/categories?post=247435"},{"taxonomy":"post_tag","embeddable":true,"href":"https:\/\/www.europesays.com\/fr\/wp-json\/wp\/v2\/tags?post=247435"}],"curies":[{"name":"wp","href":"https:\/\/api.w.org\/{rel}","templated":true}]}}