{"id":247453,"date":"2025-07-13T15:59:10","date_gmt":"2025-07-13T15:59:10","guid":{"rendered":"https:\/\/www.europesays.com\/fr\/247453\/"},"modified":"2025-07-13T15:59:10","modified_gmt":"2025-07-13T15:59:10","slug":"la-justice-suspend-un-arrete-de-christian-estrosi-limitant-les-bateaux-de-croisiere-pres-de-nice","status":"publish","type":"post","link":"https:\/\/www.europesays.com\/fr\/247453\/","title":{"rendered":"La justice suspend un arr\u00eat\u00e9 de Christian Estrosi limitant les bateaux de croisi\u00e8re pr\u00e8s de Nice"},"content":{"rendered":"<p>L\u2019arr\u00eat\u00e9 du maire de Nice Christian Estrosi, qui cherchait \u00e0 limiter <a target=\"_self\" href=\"https:\/\/www.lanouvellerepublique.fr\/a-la-une\/les-croisieres-en-vogue-au-salon-mondial-du-tourisme-de-paris-1742056409\" rel=\"nofollow noopener\">les escales de paquebots g\u00e9ants<\/a> pr\u00e8s de sa ville, n\u2019est pas de sa comp\u00e9tence. C\u2019est ce qu\u2019a estim\u00e9 dimanche 13\u00a0avril la justice administrative, saisie par le pr\u00e9fet des Alpes-Maritimes.\u00a0L\u2019\u00e9dile, qui avait agi en tant que pr\u00e9sident de la m\u00e9tropole Nice C\u00f4te d&rsquo;Azur, n\u2019est \u00ab\u00a0pas comp\u00e9tent pour \u00e9dicter de telles mesures\u00a0\u00bb et seul le pr\u00e9fet des Alpes-Maritimes peut \u00ab\u00a0dans le cadre de ses pouvoirs de police du plan d\u2019eau, organiser les entr\u00e9es, les sorties et les mouvements des navires\u00a0\u00bb, a expliqu\u00e9 le tribunal dans un communiqu\u00e9.<\/p>\n<p>Apr\u00e8s avoir annonc\u00e9 fin janvier une interdiction des plus gros navires de croisi\u00e8re dans la baie de Villefranche-sur-Mer, pr\u00e8s de Nice, Christian Estrosi avait finalement renonc\u00e9, fin f\u00e9vrier.\u00a0Mais il a pris, d\u00e9but juillet, un nouvel arr\u00eat\u00e9 limitant \u00e0 Villefranche le nombre de navires de plus de 2.500 passagers \u00e0 65 par an, et interdisant dans le port de Nice les escales de bateaux de plus de 450 passagers. L\u2019\u00e9lu a justifi\u00e9 cet arr\u00eat\u00e9 en \u00e9voquant \u00ab\u00a0l\u2019urgence climatique, la protection de la biodiversit\u00e9 marine, la promotion d\u2019un tourisme raisonn\u00e9 et la protection du patrimoine\u00a0\u00bb.<\/p>\n<p>La gestion des escales, une comp\u00e9tence partag\u00e9e<\/p>\n<p>Le pr\u00e9fet des Alpes-Maritimes avait saisi jeudi le tribunal administratif, en estimant que cet arr\u00eat\u00e9 \u00e9tait \u00ab\u00a0entach\u00e9 de plusieurs ill\u00e9galit\u00e9s et de nature \u00e0 compromettre l\u2019exercice d\u2019une libert\u00e9 publique ou individuelle\u00a0\u00bb.\u00a0La gestion des escales \u2013 depuis le mouillage jusqu\u2019au d\u00e9barquement dans les ports des passagers en excursion \u2013 rel\u00e8ve de comp\u00e9tences partag\u00e9es entre pr\u00e9fecture, pr\u00e9fecture maritime, m\u00e9tropole et d\u00e9partement, avait expliqu\u00e9 la pr\u00e9fecture vendredi 11\u00a0juillet.<\/p>\n<p>Enfin, lors d\u2019une table ronde organis\u00e9e vendredi \u00e0 la pr\u00e9fecture, des repr\u00e9sentants du monde \u00e9conomique, maritime et politique s\u2019\u00e9taient mis d\u2019accord pour lancer une concertation \u00e0 partir de septembre sur les conditions d\u2019accueil des navires de croisi\u00e8res.<\/p>\n<p>Les critiques de son rival, \u00c9ric Ciotti<\/p>\n<p>R\u00e9agissant \u00e0 l\u2019ordonnance du tribunal administratif de Nice ce dimanche, Christian Estrosi a insist\u00e9 dans un communiqu\u00e9 sur la n\u00e9cessit\u00e9 de \u00ab\u00a0prot\u00e9ger la sant\u00e9 des habitants\u00a0\u00bb. \u00ab\u00a0Si aucune mesure de police administrative n\u2019est \u00e9dict\u00e9e dans des d\u00e9lais raisonnables pour pr\u00e9venir les effets n\u00e9fastes\u00a0\u00bb des m\u00e9ga croisi\u00e8res, la m\u00e9tropole \u00ab\u00a0engagera la responsabilit\u00e9 de l\u2019\u00c9tat devant le juge administratif pour carence fautive\u00a0\u00bb, a-t-il pr\u00e9venu.<\/p>\n<p>\u00c9ric Ciotti, pr\u00e9sident de l\u2019UDR et probable rival de Christian Estrosi pour la mairie de Nice l\u2019an prochain, <a target=\"_blank\" href=\"https:\/\/x.com\/eciotti\/status\/194436881880703427\" rel=\"nofollow\">a raill\u00e9 sur X<\/a> l\u2019attitude de son adversaire\u00a0: \u00ab\u00a0Faut-il y voir une nouvelle d\u00e9monstration de l\u2019incomp\u00e9tence d\u2019un \u00e9lu \u00e0 la d\u00e9rive, ou simplement une qu\u00eate effr\u00e9n\u00e9e du buzz pour le buzz\u00a0? Sans doute un peu des deux\u00a0\u00bb.<\/p>\n","protected":false},"excerpt":{"rendered":"L\u2019arr\u00eat\u00e9 du maire de Nice Christian Estrosi, qui cherchait \u00e0 limiter les escales de paquebots g\u00e9ants pr\u00e8s de&hellip;\n","protected":false},"author":2,"featured_media":247454,"comment_status":"","ping_status":"","sticky":false,"template":"","format":"standard","meta":{"footnotes":""},"categories":[2819],"tags":[328,1111,11,436,1777,674,274,1011,27,329,12,2401,882,25,602,15051],"class_list":{"0":"post-247453","1":"post","2":"type-post","3":"status-publish","4":"format-standard","5":"has-post-thumbnail","7":"category-nice","8":"tag-a-la-une","9":"tag-actu","10":"tag-actualites","11":"tag-environnement","12":"tag-eu","13":"tag-europe","14":"tag-faits-divers-justice","15":"tag-fr","16":"tag-france","17":"tag-france-monde","18":"tag-news","19":"tag-nice","20":"tag-provence-alpes-cote-dazur","21":"tag-republique-francaise","22":"tag-tourisme","23":"tag-tribunal-administratif"},"share_on_mastodon":{"url":"https:\/\/pubeurope.com\/@fr\/114846759172038378","error":""},"_links":{"self":[{"href":"https:\/\/www.europesays.com\/fr\/wp-json\/wp\/v2\/posts\/247453","targetHints":{"allow":["GET"]}}],"collection":[{"href":"https:\/\/www.europesays.com\/fr\/wp-json\/wp\/v2\/posts"}],"about":[{"href":"https:\/\/www.europesays.com\/fr\/wp-json\/wp\/v2\/types\/post"}],"author":[{"embeddable":true,"href":"https:\/\/www.europesays.com\/fr\/wp-json\/wp\/v2\/users\/2"}],"replies":[{"embeddable":true,"href":"https:\/\/www.europesays.com\/fr\/wp-json\/wp\/v2\/comments?post=247453"}],"version-history":[{"count":0,"href":"https:\/\/www.europesays.com\/fr\/wp-json\/wp\/v2\/posts\/247453\/revisions"}],"wp:featuredmedia":[{"embeddable":true,"href":"https:\/\/www.europesays.com\/fr\/wp-json\/wp\/v2\/media\/247454"}],"wp:attachment":[{"href":"https:\/\/www.europesays.com\/fr\/wp-json\/wp\/v2\/media?parent=247453"}],"wp:term":[{"taxonomy":"category","embeddable":true,"href":"https:\/\/www.europesays.com\/fr\/wp-json\/wp\/v2\/categories?post=247453"},{"taxonomy":"post_tag","embeddable":true,"href":"https:\/\/www.europesays.com\/fr\/wp-json\/wp\/v2\/tags?post=247453"}],"curies":[{"name":"wp","href":"https:\/\/api.w.org\/{rel}","templated":true}]}}