{"id":247455,"date":"2025-07-13T16:00:18","date_gmt":"2025-07-13T16:00:18","guid":{"rendered":"https:\/\/www.europesays.com\/fr\/247455\/"},"modified":"2025-07-13T16:00:18","modified_gmt":"2025-07-13T16:00:18","slug":"un-concert-prevu-sur-les-bords-du-canal-de-nantes-a-brest-en-loire-atlantique","status":"publish","type":"post","link":"https:\/\/www.europesays.com\/fr\/247455\/","title":{"rendered":"Un concert pr\u00e9vu sur les bords du canal de Nantes \u00e0 Brest en Loire-Atlantique"},"content":{"rendered":"<p>L\u2019\u00e9quipage de l\u2019H\u00e9lianth\u00e8me se produit partout en France, avec pr\u00e8s d\u2019une centaine de\u00a0repr\u00e9sentations d\u00e9j\u00e0 donn\u00e9es. Au menu\u00a0: guitares, violon, contrebasse, accord\u00e9on, danseuses et percussions. Huit matelots musiciens et artistes chantent en ch\u0153ur un\u00a0r\u00e9pertoire traditionnel et pop, m\u00ealant des influences folk et celtes au ton jovial et un peu\u00a0tapageur\u00a0!<\/p>\n<p>Un concert riche en rencontres et en d\u00e9couvertes musicales<\/p>\n<p><a href=\"https:\/\/lemans.maville.com\/actu\/actudet_-solesmes.-la-toue-en-scene-a-fait-une-escale-lyrique-_14-6374010_actu.Htm\" target=\"_blank\" rel=\"noopener\">La Toue Sc\u00e8ne <\/a>est une association incontournable de la vie culturelle des voies fluviales\u00a0de l\u2019ouest, faisant vivre un patrimoine nautique de mani\u00e8re festive en invitant\u00a0r\u00e9guli\u00e8rement des musiciens sur le toit de la cabane, pour y donner des concerts.<\/p>\n<p>Barzhed \u00d4 Bark est le fruit d\u2019une association entre l\u2019H\u00e9lianth\u00e8me et La Toue Sc\u00e8ne\u00a0: un\u00a0festival itin\u00e9rant port\u00e9 par un r\u00e9pertoire de chants de marins, interpr\u00e9t\u00e9 directement\u00a0sur une sc\u00e8ne flottante\u00a0!<\/p>\n<p>La recette Barzhed \u00d4 Bark est d\u00e9voil\u00e9e\u00a0: de la musique, des invitations \u00e0 danser, beaucoup de joie, des rires, quelques b\u00eatises racont\u00e9es derri\u00e8re le micro, une buvette\u00a0et de quoi se restaurer sur place.<\/p>\n<p>\u00c0 l<a href=\"https:\/\/nantes.maville.com\/actu\/actudet_-nort-sur-erdre.-le-gite-de-l-ecluse-de-la-tindiere-s-anime-dimanche-une-kayakiste-olympique-sur-place-_8-6831425_actu.Htm\" target=\"_blank\" rel=\"noopener\">\u2019\u00e9cluse de La Tindi\u00e8re <\/a>de Nort-sur-Erdre, le 17\u00a0juillet \u00e0 19\u00a0h.<\/p>\n<p>\u00a0<\/p>\n","protected":false},"excerpt":{"rendered":"L\u2019\u00e9quipage de l\u2019H\u00e9lianth\u00e8me se produit partout en France, avec pr\u00e8s d\u2019une centaine de\u00a0repr\u00e9sentations d\u00e9j\u00e0 donn\u00e9es. Au menu\u00a0: guitares,&hellip;\n","protected":false},"author":2,"featured_media":247456,"comment_status":"","ping_status":"","sticky":false,"template":"","format":"standard","meta":{"footnotes":""},"categories":[2818],"tags":[1111,11,38788,3450,10474,1697,1777,674,1011,27,3047,766,12,2636,9622,25],"class_list":{"0":"post-247455","1":"post","2":"type-post","3":"status-publish","4":"format-standard","5":"has-post-thumbnail","7":"category-nantes","8":"tag-actu","9":"tag-actualites","10":"tag-bords","11":"tag-brest","12":"tag-canal","13":"tag-concert","14":"tag-eu","15":"tag-europe","16":"tag-fr","17":"tag-france","18":"tag-loire-atlantique","19":"tag-nantes","20":"tag-news","21":"tag-pays-de-la-loire","22":"tag-prevu","23":"tag-republique-francaise"},"share_on_mastodon":{"url":"https:\/\/pubeurope.com\/@fr\/114846762503122152","error":""},"_links":{"self":[{"href":"https:\/\/www.europesays.com\/fr\/wp-json\/wp\/v2\/posts\/247455","targetHints":{"allow":["GET"]}}],"collection":[{"href":"https:\/\/www.europesays.com\/fr\/wp-json\/wp\/v2\/posts"}],"about":[{"href":"https:\/\/www.europesays.com\/fr\/wp-json\/wp\/v2\/types\/post"}],"author":[{"embeddable":true,"href":"https:\/\/www.europesays.com\/fr\/wp-json\/wp\/v2\/users\/2"}],"replies":[{"embeddable":true,"href":"https:\/\/www.europesays.com\/fr\/wp-json\/wp\/v2\/comments?post=247455"}],"version-history":[{"count":0,"href":"https:\/\/www.europesays.com\/fr\/wp-json\/wp\/v2\/posts\/247455\/revisions"}],"wp:featuredmedia":[{"embeddable":true,"href":"https:\/\/www.europesays.com\/fr\/wp-json\/wp\/v2\/media\/247456"}],"wp:attachment":[{"href":"https:\/\/www.europesays.com\/fr\/wp-json\/wp\/v2\/media?parent=247455"}],"wp:term":[{"taxonomy":"category","embeddable":true,"href":"https:\/\/www.europesays.com\/fr\/wp-json\/wp\/v2\/categories?post=247455"},{"taxonomy":"post_tag","embeddable":true,"href":"https:\/\/www.europesays.com\/fr\/wp-json\/wp\/v2\/tags?post=247455"}],"curies":[{"name":"wp","href":"https:\/\/api.w.org\/{rel}","templated":true}]}}