{"id":247467,"date":"2025-07-13T16:06:08","date_gmt":"2025-07-13T16:06:08","guid":{"rendered":"https:\/\/www.europesays.com\/fr\/247467\/"},"modified":"2025-07-13T16:06:08","modified_gmt":"2025-07-13T16:06:08","slug":"palmares-blablacar-des-destinations-de-covoiturage-pour-cet-ete-quelle-position-pour-lille","status":"publish","type":"post","link":"https:\/\/www.europesays.com\/fr\/247467\/","title":{"rendered":"Palmar\u00e8s BlaBlaCar des destinations de covoiturage pour cet \u00e9t\u00e9 : quelle position pour Lille\u00a0?"},"content":{"rendered":"<p>            Par<br \/>\n        <strong><br \/>\n            <a href=\"https:\/\/actu.fr\/auteur\/bastien-grossin\" title=\"Consulter tous les articles de Bastien Grossin\" rel=\"nofollow noopener\" target=\"_blank\">Bastien Grossin<\/a><br \/>\n        <\/strong><\/p>\n<p>        Publi\u00e9 le<\/p>\n<p>            13 juil. 2025 \u00e0 17h40        <\/p>\n<p>\u00c0 l\u2019heure o\u00f9 le d\u00e9r\u00e8glement climatique s\u2019accentue, les pouvoirs publics encouragent l\u2019utilisation de moyens de <a href=\"https:\/\/actu.fr\/tag\/transport\" rel=\"nofollow noopener\" target=\"_blank\">transport<\/a> plus respectueux de l\u2019<a href=\"https:\/\/actu.fr\/tag\/environnement\" rel=\"nofollow noopener\" target=\"_blank\">environnement<\/a> comme le v\u00e9lo, le train ou encore le <a href=\"https:\/\/actu.fr\/tag\/covoiturage\" rel=\"nofollow noopener\" target=\"_blank\">covoiturage<\/a>. Par ailleurs, on le sait, chaque \u00e9t\u00e9, la ville de <a href=\"https:\/\/actu.fr\/tag\/lille\" rel=\"nofollow noopener\" target=\"_blank\">Lille <\/a>(Nord) attire de nombreux touristes. C\u2019est ce que confirme le palmar\u00e8s r\u00e9alis\u00e9 par l\u2019entreprise BlaBlaCar, o\u00f9 on retrouve la capitale des Flandres en <b>9e position des destinations de covoiturage en France pour cet \u00e9t\u00e9 2025.<\/b> Un gain d\u2019une place, par rapport \u00e0 l\u2019ann\u00e9e derni\u00e8re.<\/p>\n<p>85\u2009000 trajets pr\u00e9vus vers les Hauts-de-France<\/p>\n<p data-end=\"970\" class=\" wall-content\">D\u2019apr\u00e8s les donn\u00e9es d\u2019activit\u00e9 collect\u00e9es par BlaBlaCar en juin\u00a02025, <b data-end=\"799\">85\u2009179 places de covoiturage<\/b> sont propos\u00e9es \u00e0 destination des Hauts-de-France cet \u00e9t\u00e9. \u00c7a fait de la r\u00e9gion la <b data-end=\"904\">10e plus visit\u00e9e<\/b> du pays, soit un r\u00e9sultat identique \u00e0 l\u2019ann\u00e9e pr\u00e9c\u00e9dente.<\/p>\n<p>Lille, locomotive r\u00e9gionale du tourisme partag\u00e9<\/p>\n<p data-end=\"1353\" class=\" wall-content\">La r\u00e9gion reste stable, mais certaines villes tirent leur \u00e9pingle du jeu. C\u2019est le cas de <b data-end=\"1106\">Lille<\/b>, en particulier qui se distingue dans le Top\u00a010 national, aux c\u00f4t\u00e9s de<b> Paris, Lyon ou Toulouse.<\/b><\/p>\n<p>Quelques \u00e9volutions spectaculaires dans le classement<\/p>\n<p data-end=\"1353\" class=\" wall-content\">Parmi les destinations dans les Hauts-de-France, certaines communes sortent du lot par une \u00e9volution spectaculaire dans le classement national. On y retrouve notamment\u2009:<\/p>\n<ul class=\" wall-content\">\n<li data-end=\"1601\"><b data-end=\"1558\">Villeneuve-d\u2019Ascq<\/b> bondit de <b data-end=\"1582\">25 places<\/b>, se classant <b>112e.<\/b><\/li>\n<li data-end=\"1713\"><b data-end=\"1624\">Noyelles-Godault<\/b> enregistre une <b data-end=\"1679\">hausse impressionnante de 80 places<\/b>, pour atteindre la 184e position.<\/li>\n<li data-end=\"1759\"><b data-end=\"1728\">Soissons<\/b> progresse de 37 places (221e).<\/li>\n<li data-end=\"1864\">\u00c0 l\u2019inverse, <b data-end=\"1787\">Beauvais<\/b> chute de 36 rangs (160e), <b data-end=\"1824\">Amiens<\/b> de 25 (108e), et <b data-end=\"1851\">Till\u00e9<\/b> de 18 (83e).<\/li>\n<\/ul>\n<p class=\" wall-content\">Pour r\u00e9aliser ce classement, BlaBlaCar s\u2019appuie sur les r\u00e9servations effectu\u00e9es entre le 1er et le 30\u00a0juin 2025, compar\u00e9 \u00e0 celles de 2024. Avec ses 800\u2009000 points de d\u00e9placement l\u2019entreprise affirme pouvoir \u00ab\u2009\u00e9tudier pr\u00e9cis\u00e9ment les tendances de d\u00e9placement des Fran\u00e7ais\u2009\u00bb.<\/p>\n<p class=\" wall-content\">Suivez toute l\u2019actualit\u00e9 de vos villes et m\u00e9dias favoris en vous inscrivant \u00e0 <a href=\"https:\/\/moncompte.actu.fr\" title=\"D\u00e9couvez Mon Actu\" rel=\"nofollow noopener\" data-trk=\"{&quot;cta&quot;:{&quot;action&quot;:&quot;https:\\\/\\\/moncompte.actu.fr&quot;,&quot;category&quot;:&quot;mon compte&quot;,&quot;from&quot;:&quot;article footer&quot;,&quot;name&quot;:&quot;Mon actu&quot;,&quot;type&quot;:&quot;cta&quot;}}\" target=\"_blank\">Mon Actu<\/a>.<\/p>\n","protected":false},"excerpt":{"rendered":"Par Bastien Grossin Publi\u00e9 le 13 juil. 2025 \u00e0 17h40 \u00c0 l\u2019heure o\u00f9 le d\u00e9r\u00e8glement climatique s\u2019accentue, les&hellip;\n","protected":false},"author":2,"featured_media":247468,"comment_status":"","ping_status":"","sticky":false,"template":"","format":"standard","meta":{"footnotes":""},"categories":[2815],"tags":[1111,11,16745,1777,674,1011,27,811,1307,12,25,104],"class_list":{"0":"post-247467","1":"post","2":"type-post","3":"status-publish","4":"format-standard","5":"has-post-thumbnail","7":"category-lille","8":"tag-actu","9":"tag-actualites","10":"tag-covoiturage","11":"tag-eu","12":"tag-europe","13":"tag-fr","14":"tag-france","15":"tag-hauts-de-france","16":"tag-lille","17":"tag-news","18":"tag-republique-francaise","19":"tag-societe"},"share_on_mastodon":{"url":"https:\/\/pubeurope.com\/@fr\/114846786196108485","error":""},"_links":{"self":[{"href":"https:\/\/www.europesays.com\/fr\/wp-json\/wp\/v2\/posts\/247467","targetHints":{"allow":["GET"]}}],"collection":[{"href":"https:\/\/www.europesays.com\/fr\/wp-json\/wp\/v2\/posts"}],"about":[{"href":"https:\/\/www.europesays.com\/fr\/wp-json\/wp\/v2\/types\/post"}],"author":[{"embeddable":true,"href":"https:\/\/www.europesays.com\/fr\/wp-json\/wp\/v2\/users\/2"}],"replies":[{"embeddable":true,"href":"https:\/\/www.europesays.com\/fr\/wp-json\/wp\/v2\/comments?post=247467"}],"version-history":[{"count":0,"href":"https:\/\/www.europesays.com\/fr\/wp-json\/wp\/v2\/posts\/247467\/revisions"}],"wp:featuredmedia":[{"embeddable":true,"href":"https:\/\/www.europesays.com\/fr\/wp-json\/wp\/v2\/media\/247468"}],"wp:attachment":[{"href":"https:\/\/www.europesays.com\/fr\/wp-json\/wp\/v2\/media?parent=247467"}],"wp:term":[{"taxonomy":"category","embeddable":true,"href":"https:\/\/www.europesays.com\/fr\/wp-json\/wp\/v2\/categories?post=247467"},{"taxonomy":"post_tag","embeddable":true,"href":"https:\/\/www.europesays.com\/fr\/wp-json\/wp\/v2\/tags?post=247467"}],"curies":[{"name":"wp","href":"https:\/\/api.w.org\/{rel}","templated":true}]}}