{"id":24747,"date":"2025-04-14T17:07:10","date_gmt":"2025-04-14T17:07:10","guid":{"rendered":"https:\/\/www.europesays.com\/fr\/24747\/"},"modified":"2025-04-14T17:07:10","modified_gmt":"2025-04-14T17:07:10","slug":"cest-quoi-le-syndrome-de-congestion-pelvienne-cette-maladie-meconnue","status":"publish","type":"post","link":"https:\/\/www.europesays.com\/fr\/24747\/","title":{"rendered":"c&rsquo;est quoi le syndrome de congestion pelvienne, cette maladie m\u00e9connue\u00a0?"},"content":{"rendered":"<p>            Par<br \/>\n        <strong><br \/>\n            <a href=\"https:\/\/actu.fr\/auteur\/alexandra-segond\" title=\"Consulter tous les articles de Alexandra Segond\" target=\"_blank\" rel=\"noopener\">Alexandra Segond<\/a><br \/>\n        <\/strong><\/p>\n<p>        Publi\u00e9 le<\/p>\n<p>            13 avr. 2025 \u00e0 19h44        <\/p>\n<p>\u00ab\u2009Un parcours de soins chaotique de huit ans. Et encore, j\u2019ai \u00e9t\u00e9 diagnostiqu\u00e9e sur un coup de chance, par le p\u00e8re d\u2019un ami qui est radiologue\u2009!\u2009\u00bb \u00c9milie ne m\u00e2che pas ses mots pour \u00e9voquer le <strong>syndrome de congestion pelvienne<\/strong>, la <a href=\"https:\/\/actu.fr\/tag\/maladie\" target=\"_blank\" rel=\"noopener\">maladie<\/a> dont elle souffre depuis des ann\u00e9es.<\/p>\n<p class=\" wall-content\">\u00ab\u2009Pas un mot au cours de mes \u00e9tudes, le sujet souvent m\u00e9connu quand j\u2019en parle \u00e0 mes co-internes ou \u00e0 mes chefs \u00e0 <a href=\"https:\/\/actu.fr\/tag\/hopital\" target=\"_blank\" rel=\"noopener\">l\u2019h\u00f4pital<\/a>, quasiment rien sur Internet et dans les <a href=\"https:\/\/actu.fr\/tag\/medias\" target=\"_blank\" rel=\"noopener\">m\u00e9dias<\/a>\u2026 Imaginez\u2009: je suis interne en m\u00e9decine et je n\u2019ai pas de r\u00e9ponse\u2009\u00bb, souffle la jeune femme aupr\u00e8s d\u2019actu.fr.<\/p>\n<p class=\" wall-content\">Pour rem\u00e9dier \u00e0 ce manque d\u2019informations, elle a fond\u00e9 en 2021 <a href=\"https:\/\/www.info-congestionpelvienne.fr\/\" target=\"_blank\" rel=\"noopener\">l\u2019association ASCP France<\/a>. L\u2019objectif est de sensibiliser et de soutenir les femmes souffrant de cette maladie gyn\u00e9cologique <strong>\u00ab\u2009encore m\u00e9connue et largement sous-diagnostiqu\u00e9e\u2009\u00bb. <\/strong>Elle touche pourtant pr\u00e8s \u00ab<strong>\u2009d\u2019une femme sur 20 en \u00e2ge de procr\u00e9er\u2009\u00bb.<\/strong><\/p>\n<p>Le SCP, une insuffisance veineuse au niveau du pelvis<\/p>\n<p class=\" wall-content\">Le \u00ab\u2009syndrome de congestion pelvienne\u2009\u00bb (SCP) est une <strong style=\"color: #404040; font-size: 1.8rem;\">pathologie chronique<\/strong> chez la femme, caract\u00e9ris\u00e9e par des douleurs de plus ou moins intenses dans le bas du ventre.<\/p>\n<p>      <img   decoding=\"async\" loading=\"lazy\" src=\"https:\/\/www.europesays.com\/fr\/wp-content\/uploads\/2025\/04\/pelvis-femme-schema-corps-humain-960x640.jpg\" alt=\"Dessin de la r\u00e9gion pelvienne d'une femme montrant les trompes de Fallope, les ovaires, l'ut\u00e9rus, le col de l'ut\u00e9rus et le vagin.\" width=\"960\" height=\"640\"\/><br \/>\n    Dessin de la r\u00e9gion pelvienne d\u2019une femme montrant les trompes de Fallope, les ovaires, l\u2019ut\u00e9rus, le col de l\u2019ut\u00e9rus et le vagin. (\u00a9 National Cancer Institute \/ WikimediaCommons)Vid\u00e9os : en ce moment sur Actu<\/p>\n<p class=\" wall-content\">Le SCP r\u00e9sulte d\u2019une <strong>insuffisance veineuse au niveau du pelvis<\/strong>, \u00ab\u2009une importante zone de croisements vasculaires, entre les vaisseaux de l\u2019abdomen et les vaisseaux des membres inf\u00e9rieurs\u2009\u00bb, explique \u00e0 actu.fr le Dr \u00c9lisabeth Ch\u00e9reau, chirurgienne gyn\u00e9cologique \u00e0 <a href=\"https:\/\/www.institut-chirurgie-femme-marseille.fr\/fr\/\" target=\"_blank\" rel=\"noopener\">l\u2019Institut de la chirurgie de la femme de Marseille<\/a>.<\/p>\n<blockquote class=\"ac-article-quote wall-content\">\n<p>D&rsquo;autant\u00a0plus chez la femme puisque l&rsquo;ut\u00e9rus, qui se trouve au centre du pelvis, est un canalisateur veineux important. L&rsquo;apport veineux au pelvis est d&rsquo;ailleurs tr\u00e8s d\u00e9pendant des hormones, ceux-ci stimulant directement l&rsquo;ut\u00e9rus.<\/p>\n<p>    <strong>Dr \u00c9lisabeth Ch\u00e9reau<\/strong><br \/>\n        Chirurgienne gyn\u00e9cologique \u00e0 l&rsquo;Institut de la chirurgie de la femme de Marseille    <\/p><\/blockquote>\n<p class=\" wall-content\"><a href=\"https:\/\/www.instagram.com\/p\/C55KDEDCJ7g\/embed\" title=\"Ouvrir le lien sur Instagram\" target=\"_blank\" rel=\"noopener\">Visualiser le contenu sur Instagram<\/a><\/p>\n<p>De (tr\u00e8s) multiples sympt\u00f4mes<\/p>\n<p class=\" wall-content\">Les sympt\u00f4mes associ\u00e9s au SCP sont nombreux et tr\u00e8s variables en fonction des\u00a0femmes. Raison pour laquelle la maladie reste tr\u00e8s difficile \u00e0 diagnostiquer.<\/p>\n<p class=\" wall-content\"><strong>La douleur \u00ab\u2009y occupe une place centrale<\/strong>, \u00e0 condition qu\u2019elle \u00e9volue depuis plus de six mois (qu\u2019elle soit chronique, donc), qu\u2019elle soit plus vive en fin de journ\u00e9e et qu\u2019elle irradie dans le dos, les cuisses, parfois la vulve\u2009\u00bb, reprend Emilie Schmitt, la pr\u00e9sidente de l\u2019ASCP France.<\/p>\n<p class=\" wall-content\">Les autres sympt\u00f4mes associ\u00e9s au SCP et <a href=\"https:\/\/www.info-congestionpelvienne.fr\/le-syndrome\/definition-et-symptomes\" target=\"_blank\" rel=\"noopener\">relev\u00e9s par son association<\/a> sont\u2009:<\/p>\n<ul class=\" wall-content\">\n<li><strong>Urologiques<\/strong>\u2009: envie pressante et fr\u00e9quente d\u2019uriner\u2009;<\/li>\n<li><strong>Digestifs<\/strong>\u2009: gonflement abdominal, alternance entre constipation et diarrh\u00e9es, h\u00e9morro\u00efdes\u2009;<\/li>\n<li><strong>Dans les membres inf\u00e9rieurs<\/strong>\u2009: jambes lourdes, sensation de pesanteur, <a href=\"https:\/\/actu.fr\/pays-de-la-loire\/brains-sur-gee_72045\/sarthe-quest-ce-que-le-syndrome-des-jambes-sans-repos-ils-veulent-le-faire-connaitre_60822007.html\" target=\"_blank\" rel=\"noopener\">syndrome des \u00ab\u2009jambes sans repos\u2009\u00bb<\/a> (impatiences).<\/li>\n<\/ul>\n<p class=\" wall-content\"><a href=\"https:\/\/www.instagram.com\/p\/C50Q9Mhi-kI\/embed\" title=\"Ouvrir le lien sur Instagram\" target=\"_blank\" rel=\"noopener\">Visualiser le contenu sur Instagram<\/a><\/p>\n<p class=\" wall-content\">\u00ab Des douleurs lombaires peuvent aussi survenir, ainsi que des douleurs pendant ou apr\u00e8s les rapports sexuels\u2009\u00bb, souligne \u00c9milie Schmitt. La pr\u00e9sence de varices r\u00e9cidivantes sur les jambes, \u00ab\u2009surtout pour les femmes d\u2019\u00e2ge m\u00fbr\u2009\u00bb, peut \u00e9galement rentrer dans le SCP.<\/p>\n<p>Une \u00ab\u2009pathologie nouvelle\u2009\u00bb, dans le sillage de la d\u00e9mocratisation de l\u2019endom\u00e9triose<\/p>\n<p class=\" wall-content\">Le SCP compte aujourd\u2019hui parmi les maladies gyn\u00e9cologiques les plus r\u00e9pandues. Il touche une femme sur 20 \u00ab\u2009est impliqu\u00e9 dans 30\u2009% des douleurs chroniques pelviennes de la femme. Ce n\u2019est donc pas rien\u2009!\u2009\u00bb, chiffre le Dr Ch\u00e9reau.<\/p>\n<p class=\" wall-content\"><a href=\"https:\/\/www.instagram.com\/p\/C50R136COjr\/embed\" title=\"Ouvrir le lien sur Instagram\" target=\"_blank\" rel=\"noopener\">Visualiser le contenu sur Instagram<\/a><\/p>\n<p class=\" wall-content\">Bien qu\u2019elle ne soit pas rare, la maladie reste peu diagnostiqu\u00e9e, car encore m\u00e9connue, tant des patients que des soignants. \u00ab\u2009C\u2019est une <strong>pathologie nouvelle<\/strong>, apparue notamment avec la sensibilisation croissante sur <a href=\"https:\/\/actu.fr\/pays-de-la-loire\/le-mans_72181\/face-a-lendometriose-lucie-se-bat-depuis-25-ans-et-veut-sensibiliser-le-grand-public_62377816.html\" target=\"_blank\" rel=\"noopener\">l\u2019endom\u00e9triose<\/a>. Ce doit faire trois ou quatre ans \u00e0 tout casser que l\u2019on parle du SCP\u2009\u00bb, justifie la chirurgienne gyn\u00e9cologique.<\/p>\n<blockquote class=\"ac-article-quote wall-content\">\n<p>Beaucoup de femmes ayant des douleurs sont venues consulter. Lorsque l&rsquo;on ne trouvait pas d&rsquo;endom\u00e9triose mais que les sympt\u00f4mes persistaient, on s&rsquo;est mis \u00e0 chercher ailleurs &#8211; ce qui \u00e9tait facilit\u00e9 par les avanc\u00e9es technologiques de l&rsquo;imagerie m\u00e9dicale.<\/p>\n<p>    <strong>Dr \u00c9lisabeth Ch\u00e9reau<\/strong><br \/>\n        Chirurgienne gyn\u00e9cologique \u00e0 l&rsquo;Institut de la chirurgie de la femme de Marseille    <\/p><\/blockquote>\n<p>Naus\u00e9e omnipr\u00e9sente, diarrh\u00e9es, sueurs froides\u2026<\/p>\n<p class=\" wall-content\">Et vivre avec le SCP, \u00e7a donne quoi\u2009? Comme \u00c9milie, Johanna souffre de cette pathologie. Et comme \u00c9milie, <a href=\"https:\/\/actu.fr\/societe\/j-ai-appris-a-me-taire-malades-ignorees-sans-diagnostic-elles-racontent-l-enfer-de-l-errance-medicale_62178307.html\" target=\"_blank\" rel=\"noopener\">elle a souffert d\u2019une grande errance m\u00e9dicale<\/a>.<\/p>\n<p class=\" wall-content\">\u00ab\u200914\u00a0ans pendant laquelle on pensait que c\u2019\u00e9tait dans ma t\u00eate, <strong>14\u00a0ans de crises d\u2019angoisse et de d\u00e9tresse psychologique\u2009\u00bb<\/strong>, r\u00e9sume-t-elle \u00e0 actu.fr, la voix tremblante.<\/p>\n<p class=\" wall-content\">Tout commence avant sa premi\u00e8re grossesse. Johanna est confront\u00e9e \u00e0 de tr\u00e8s gros probl\u00e8mes gastriques. \u00ab\u2009D\u00e8s que je mangeais ou d\u00e8s que j\u2019\u00e9tais contrari\u00e9e, il fallait que je coure aux toilettes. C\u2019\u00e9tait des diarrh\u00e9es constantes\u2009\u00bb, commence-t-elle.<\/p>\n<blockquote class=\"ac-article-quote wall-content\">\n<p>\u00c0 5h du matin, mon mari entendant des gargouillements dans mon ventre, comme si tout mon appareil gastrique se d\u00e9bouchait. Je me r\u00e9veillais en sursaut et en sueur pour aller me vider, litt\u00e9ralement. J&rsquo;avais la naus\u00e9e tout le temps, des sueurs froides, des bourdonnements dans les oreilles&#8230; Une intol\u00e9rance \u00e9pidermique aussi : lors de mes crises, mon mari ne pouvait pas m&rsquo;approcher ni me toucher.<\/p>\n<p>    <strong>Johanna<\/strong>\n            <\/p><\/blockquote>\n<p>\u00ab\u2009On m\u2019a dit que c\u2019\u00e9tait le stress\u2009\u00bb<\/p>\n<p class=\" wall-content\">Rendez-vous avec un gastro-ent\u00e9rologue, endoscopie, <a href=\"https:\/\/actu.fr\/societe\/la-coloscopie-un-examen-tabou-mais-necessaire-ce-que-l-on-n-ose-pas-demander-au-medecin_62407816.html\" target=\"_blank\" rel=\"noopener\">coloscopie<\/a>\u2026 Rien n\u2019explique la perte de poids de Johanna, coupl\u00e9e \u00e0 d\u2019abondantes r\u00e8gles tr\u00e8s douloureuses, ainsi que des douleurs au pelvis.<\/p>\n<p class=\" wall-content\">Pour les professionnels de <a href=\"https:\/\/actu.fr\/tag\/sante\" target=\"_blank\" rel=\"noopener\">sant\u00e9<\/a>, les examens ne mettent rien de physiquement en \u00e9vidence.<strong> \u00ab\u2009On m\u2019a dit que c\u2019\u00e9tait le stress<\/strong>, que je suis quelqu\u2019un d\u2019anxieuse. Concernant mes r\u00e8gles, j\u2019\u00e9tais all\u00e9e voir un gyn\u00e9cologue qui m\u2019avait affirm\u00e9 que <strong>c\u2019\u00e9tait normal d\u2019avoir mal pendant ses r\u00e8gles<\/strong>. Donc, j\u2019ai toujours fait avec\u2009\u00bb, \u00e9num\u00e8re Johanna.<\/p>\n<p class=\" wall-content\"><a href=\"https:\/\/www.instagram.com\/p\/DA5a1vOiDoL\/embed\" title=\"Ouvrir le lien sur Instagram\" target=\"_blank\" rel=\"noopener\">Visualiser le contenu sur Instagram<\/a><\/p>\n<p class=\" wall-content\">Et pourtant, \u00ab\u2009non, ce n\u2019est jamais normal d\u2019avoir mal pendant ses r\u00e8gles\u2009\u00bb, confirme \u00e0 actu.fr\u00a0le Dr Ch\u00e9reau. Avant de nuancer\u2009: \u00ab\u2009Les r\u00e8gles r\u00e9sultent de la contraction de l\u2019ut\u00e9rus. Plus il serre fort, plus la sensation de douleur s\u2019accentue\u2009\u00bb.<\/p>\n<blockquote class=\"ac-article-quote wall-content\">\n<p>Une femme qui a des r\u00e8gles abondantes et des douleurs ? C&rsquo;est normal, \u00e0 condition que \u00e7a passe avec la prise de parac\u00e9tamol ou d&rsquo;un m\u00e9dicament antalgique. Si ce n&rsquo;est pas le cas, alors on consid\u00e8re que les douleurs sont anormales.<\/p>\n<p>    <strong>Dr \u00c9lisabeth Ch\u00e9reau<\/strong><br \/>\n        Chirurgienne gyn\u00e9cologique \u00e0 l&rsquo;Institut de la chirurgie de la femme de Marseille    <\/p><\/blockquote>\n<p>\u00ab\u2009J\u2019ai fini par croire que je devenais folle\u2009\u00bb<\/p>\n<p class=\" wall-content\">\u00c0 la souffrance physique chronique, l\u2019errance m\u00e9dicale n\u2019est pas sans affecter aussi la sant\u00e9 mentale des patientes. \u00ab\u2009Apr\u00e8s avoir vu quantit\u00e9 de <a href=\"https:\/\/actu.fr\/tag\/medecins\" target=\"_blank\" rel=\"noopener\">m\u00e9decins<\/a> qui disaient tous qu\u2019il n\u2019y avait rien, <strong>j\u2019ai fini par croire que je devenais folle<\/strong>. Je ne savais plus ce qui m\u2019appartenait et ce qui ne m\u2019appartenait plus\u2009\u00bb, opine Johanna.<\/p>\n<p class=\" wall-content\">Sa vie de famille a directement souffert de sa maladie chronique non reconnue\u2009: \u00ab\u2009Certains jours, je ne pouvais pas physiquement m\u2019occuper de mes enfants, ni jouer avec eux. Comment profiter avec ses enfants quand on ne peut plus courir, \u00e0 peine marcher\u2026\u2009\u00bb<\/p>\n<p class=\" wall-content\">Son couple aussi. \u00ab\u2009La libido, par exemple, en prend un sacr\u00e9 coup\u2009\u00bb, souffle Johanna, admettant avoir \u00e9t\u00e9 <strong>\u00ab\u2009plusieurs fois proche du divorce\u2009\u00bb.<\/strong><\/p>\n<blockquote class=\"ac-article-quote wall-content\">\n<p>M\u00eame mon mari, qui m&rsquo;a toujours crue et soutenue, a fini par douter. Je me souviens d&rsquo;un jour o\u00f9, pendant une consultation, un m\u00e9decin s&rsquo;est tourn\u00e9 vers mon mari et lui a demand\u00e9 : \u00ab\u00a0mais elle n&rsquo;est pas un peu folle votre \u00e9pouse ?\u00a0\u00bb. Humiliant.<\/p>\n<p>    <strong>Johanna<\/strong>\n            <\/p><\/blockquote>\n<p>\u00ab\u2009Une souffrance psychologique jusqu\u2019\u00e0 avoir envie de partir et d\u2019en finir\u2009\u00bb<\/p>\n<p class=\" wall-content\">Malgr\u00e9 sa souffrance et sa \u00ab\u2009d\u00e9tresse psychologique\u2009\u00bb, Johanna a donc appris \u00e0 se taire au quotidien. \u00ab\u2009J\u2019appelais \u00e7a le <strong>syndrome de Hulk<\/strong>\u2009: je prenais, je prenais, je prenais, et un jour, je n\u2019y arrivais plus, alors j\u2019explosais\u2026 et je me sentais encore plus coupable\u2009\u00bb, confie-t-elle.<\/p>\n<p class=\" wall-content\">Une charge mentale telle que Johanna a d\u00e9j\u00e0 eu <strong>envie de \u00ab\u2009partir et d\u2019en finir pour arr\u00eater d\u2019\u00eatre un poids\u2009\u00bb<\/strong>. Un cas loin d\u2019\u00eatre isol\u00e9 malheureusement, nous explique Emilie Schmitt.<\/p>\n<blockquote class=\"ac-article-quote wall-content\">\n<p>On a constat\u00e9 que souffrir de maladies chroniques (en particulier des douleurs chroniques) entra\u00eene une d\u00e9gradation de la qualit\u00e9 de vie professionnelle et personnelle. Sur les quelques \u00e9tudes dont on dispose, on rel\u00e8ve des troubles d\u00e9pressifs et anxieux caus\u00e9s par le SCP.<\/p>\n<p>    <strong>Emilie Schmitt<\/strong><br \/>\n        Pr\u00e9sidente de l&rsquo;association ASCP France    <\/p><\/blockquote>\n<p class=\" wall-content\">\n<p>Quels traitements\u2009?<\/p>\n<p class=\" wall-content\">Heureusement, \u00ab\u2009on peut tout \u00e0 fait gu\u00e9rir du SCP\u2009\u00bb, affirme le Dr Ch\u00e9reau. Premi\u00e8re \u00e9tape\u2009: <strong>poser le diagnostic<\/strong> en prenant rendez-vous chez un gyn\u00e9cologue ou une sage-femme pour <strong>relever pr\u00e9cis\u00e9ment les sympt\u00f4mes<\/strong>.<\/p>\n<p class=\" wall-content\">Un examen clinique (palpation du ventre) pourra \u00eatre r\u00e9alis\u00e9 en compl\u00e9ment. La patiente est ensuite adress\u00e9e \u00e0 un service de radiologie pour r\u00e9aliser un bilan d\u2019imagerie (\u00e9chographie, doppler, IRM pelvienne) et\/ou une phl\u00e9bographie.<\/p>\n<p class=\" wall-content\">\u00ab\u2009Ces imageries permettent de voir les veines tortueuses et dilat\u00e9es. Une fois identifi\u00e9es, on peut confirmer le diagnostic et orienter le traitement\u2009\u00bb, compl\u00e8te \u00c9milie Schmitt. Diff\u00e9rentes pistes sont possibles.<\/p>\n<p class=\" wall-content\">\u00ab\u2009Il s\u2019agit d\u2019abord d\u2019agir sur les facteurs de risques, comme adopter une hygi\u00e8ne de vie plus saine, \u00e9viter de rester debout tout le temps ou encore porter des bas de contention\u2009\u00bb, illustre Elisabeth Ch\u00e9reau. Des <strong>m\u00e9dicaments<\/strong> peuvent aussi \u00eatre prescrits, \u00e0 savoir des veinotoniques et\/ou des antalgiques.<\/p>\n<p>\u00ab\u2009Je suis sortie du bloc, le sourire jusqu\u2019aux oreilles\u2009\u00bb<\/p>\n<p class=\" wall-content\">Lorsque c\u2019est n\u00e9cessaire, il faudra passer par une <strong>embolisation<\/strong>. Il s\u2019agit d\u2019une op\u00e9ration (sous anesth\u00e9sie locale ou g\u00e9n\u00e9rale) visant \u00e0 boucher les veines pathologiques pour que celles-ci se n\u00e9crosent et que <strong>le r\u00e9seau veineux \u00ab\u2009sain\u2009\u00bb prenne le relais.<\/strong><\/p>\n<p class=\" wall-content\">C\u2019est ce qu\u2019a subi deux fois Johanna, en 2019-2020 puis en 2023. \u00ab\u2009Apr\u00e8s ma premi\u00e8re embolisation, la naus\u00e9e a disparu imm\u00e9diatement. Je suis sortie du bloc, j\u2019avais un sourire jusqu\u2019aux oreilles et je n\u2019arr\u00eatais pas de r\u00e9p\u00e9ter\u2009: je suis sauv\u00e9e, je suis sauv\u00e9e\u2009\u00bb, se rem\u00e9more-t-elle.<\/p>\n<blockquote class=\"ac-article-quote wall-content\">\n<p>Devenue depuis le traitement de r\u00e9f\u00e9rence du SCP, l&#8217;embolisation de la veine ovarienne est \u00e0 faible risque de complications et poss\u00e8de en moyenne 75% de succ\u00e8s clinique.<\/p>\n<p>    <strong>Association du syndrome de congestion pelvienne (ASCP France)<\/strong>\n            <\/p><\/blockquote>\n<p class=\" wall-content\"><a href=\"https:\/\/www.instagram.com\/p\/DDNTTrwiuh5\/embed\" title=\"Ouvrir le lien sur Instagram\" target=\"_blank\" rel=\"noopener\">Visualiser le contenu sur Instagram<\/a><\/p>\n<p>\u00ab\u2009Tout se discute au cas par cas\u2009\u00bb<\/p>\n<p class=\" wall-content\">Il existe toutefois des <strong>risques de r\u00e9cidive(s)<\/strong> de varices pelviennes apr\u00e8s embolisation, en particulier <a href=\"https:\/\/www.instagram.com\/p\/DCgsyqzCu4w\/?img_index=1\" target=\"_blank\" rel=\"noopener\">apr\u00e8s une grossesse<\/a>. \u00ab\u2009La maladie est tellement complexe et diff\u00e9rente d\u2019une femme \u00e0 l\u2019autre, tout se discute au cas par cas\u2009\u00bb, tranche Emilie Schmitt.<\/p>\n<blockquote class=\"ac-article-quote wall-content\">\n<p>Il y a une nouvelle g\u00e9n\u00e9ration de m\u00e9decins qui s&rsquo;interrogent et les soignants sont de plus en plus sensibilis\u00e9s. Je parlais r\u00e9cemment \u00e0 un radiologue qui embolise des centaines de femmes par an. Le message \u00e0 passer c&rsquo;est : \u00ab\u00a0on vous croit, on entend votre douleur vous n&rsquo;\u00eates pas seules\u00a0\u00bb.<\/p>\n<p>    <strong>Emilie Schmitt<\/strong><br \/>\n        Pr\u00e9sidente de l&rsquo;association ASCP France    <\/p><\/blockquote>\n<p class=\" wall-content\"><a href=\"https:\/\/www.instagram.com\/p\/DCgsyqzCu4w\/embed\" title=\"Ouvrir le lien sur Instagram\" target=\"_blank\" rel=\"noopener\">Visualiser le contenu sur Instagram<\/a><\/p>\n<p>Pour toute question ou demande d\u2019information sur le syndrome de congestion pelvienne, n\u2019h\u00e9sitez pas \u00e0 contacter <a href=\"https:\/\/www.info-congestionpelvienne.fr\/\" target=\"_blank\" rel=\"noopener\">l\u2019ASCP France<\/a>.<\/p>\n<p class=\" wall-content\">Suivez toute l\u2019actualit\u00e9 de vos villes et m\u00e9dias favoris en vous inscrivant \u00e0 <a href=\"https:\/\/moncompte.actu.fr\" title=\"D\u00e9couvez Mon Actu\" rel=\"nofollow noopener\" data-trk=\"{&quot;cta&quot;:{&quot;action&quot;:&quot;https:\\\/\\\/moncompte.actu.fr&quot;,&quot;category&quot;:&quot;mon compte&quot;,&quot;from&quot;:&quot;article footer&quot;,&quot;name&quot;:&quot;Mon actu&quot;,&quot;type&quot;:&quot;cta&quot;}}\" target=\"_blank\">Mon Actu<\/a>.<\/p>\n<p>                    <script async src=\"\/\/www.instagram.com\/embed.js\"><\/script><\/p>\n","protected":false},"excerpt":{"rendered":"Par Alexandra Segond Publi\u00e9 le 13 avr. 2025 \u00e0 19h44 \u00ab\u2009Un parcours de soins chaotique de huit ans.&hellip;\n","protected":false},"author":2,"featured_media":24748,"comment_status":"","ping_status":"","sticky":false,"template":"","format":"standard","meta":{"footnotes":""},"categories":[10],"tags":[1011,27,72,226,2673,71,104],"class_list":{"0":"post-24747","1":"post","2":"type-post","3":"status-publish","4":"format-standard","5":"has-post-thumbnail","7":"category-sante","8":"tag-fr","9":"tag-france","10":"tag-health","11":"tag-maladie","12":"tag-medecins","13":"tag-sante","14":"tag-societe"},"share_on_mastodon":{"url":"","error":""},"_links":{"self":[{"href":"https:\/\/www.europesays.com\/fr\/wp-json\/wp\/v2\/posts\/24747","targetHints":{"allow":["GET"]}}],"collection":[{"href":"https:\/\/www.europesays.com\/fr\/wp-json\/wp\/v2\/posts"}],"about":[{"href":"https:\/\/www.europesays.com\/fr\/wp-json\/wp\/v2\/types\/post"}],"author":[{"embeddable":true,"href":"https:\/\/www.europesays.com\/fr\/wp-json\/wp\/v2\/users\/2"}],"replies":[{"embeddable":true,"href":"https:\/\/www.europesays.com\/fr\/wp-json\/wp\/v2\/comments?post=24747"}],"version-history":[{"count":0,"href":"https:\/\/www.europesays.com\/fr\/wp-json\/wp\/v2\/posts\/24747\/revisions"}],"wp:featuredmedia":[{"embeddable":true,"href":"https:\/\/www.europesays.com\/fr\/wp-json\/wp\/v2\/media\/24748"}],"wp:attachment":[{"href":"https:\/\/www.europesays.com\/fr\/wp-json\/wp\/v2\/media?parent=24747"}],"wp:term":[{"taxonomy":"category","embeddable":true,"href":"https:\/\/www.europesays.com\/fr\/wp-json\/wp\/v2\/categories?post=24747"},{"taxonomy":"post_tag","embeddable":true,"href":"https:\/\/www.europesays.com\/fr\/wp-json\/wp\/v2\/tags?post=24747"}],"curies":[{"name":"wp","href":"https:\/\/api.w.org\/{rel}","templated":true}]}}