{"id":247471,"date":"2025-07-13T16:08:11","date_gmt":"2025-07-13T16:08:11","guid":{"rendered":"https:\/\/www.europesays.com\/fr\/247471\/"},"modified":"2025-07-13T16:08:11","modified_gmt":"2025-07-13T16:08:11","slug":"tout-savoir-sur-le-defile-et-le-feu-dartifice","status":"publish","type":"post","link":"https:\/\/www.europesays.com\/fr\/247471\/","title":{"rendered":"tout savoir sur le d\u00e9fil\u00e9 et le feu d\u2019artifice"},"content":{"rendered":"<p>Tous<a href=\"https:\/\/www.laprovence.com\/article\/sortie-loisirs\/1154524461367814\/secheresse-risque-incendie-les-feux-dartifice-du-14-juillet-menaces\" target=\"_blank\" rel=\"noopener\"> les 14\u00a0juillet<\/a>, deux \u00e9v\u00e9nements phares de la R\u00e9volution fran\u00e7aise sont comm\u00e9mor\u00e9s. \u00c0 la fois la prise de la Bastille, en\u00a01789, mais aussi, et on le sait moins, la F\u00eate de la F\u00e9d\u00e9ration, en\u00a01790, pendant laquelle Louis XVI a pr\u00eat\u00e9 serment \u00e0 la Constitution et \u00e0 la Nation. Pour l\u2019occasion, et comme tous les ans, la Mairie, la Pr\u00e9fecture et les services d\u00e9concentr\u00e9s du minist\u00e8re des Arm\u00e9es travaillent de concert depuis plusieurs mois pour des c\u00e9l\u00e9brations marseillaises d\u2019ampleur.<\/p>\n<p>Ce lundi, <a href=\"https:\/\/www.laprovence.com\/article\/region\/781854192032315\/video-14-juillet-retour-sur-le-feu-dartifice-tire-sur-le-vieux-port-de-marseille\" target=\"_blank\" rel=\"noopener\">des milliers de spectateurs sont ainsi attendus sur le Vieux-Port<\/a> et dans le jardin du Pharo pour une apr\u00e8s-midi et une soir\u00e9e festives. En raison des contraintes de circulation et de stationnement dans le centre-ville, autour de la zone du Vieux-Port, les visiteurs sont invit\u00e9s \u00e0 privil\u00e9gier les transports en commun, ou la marche, quand c\u2019est possible.<\/p>\n<p>\u00c0 partir de 17h, une c\u00e9r\u00e9monie militaire sera organis\u00e9e devant l\u2019H\u00f4tel de Ville. Des d\u00e9corations y seront remises. \u00c0 18h15, le d\u00e9fil\u00e9 militaire d\u00e9butera dans les airs avec deux avions Rafale r\u00e9cemment acquis par la base militaire d\u2019Orange-Caritat (Vaucluse). Trois h\u00e9licopt\u00e8res en provenance d\u2019Hy\u00e8res compl\u00e9teront cette d\u00e9monstration c\u00e9leste.<\/p>\n<p><strong>Des v\u00e9hicules historiques et le traditionnel feu d\u2019artifice<\/strong><strong\/><\/p>\n<p>D\u00e8s 18h20, la parade p\u00e9destre s\u2019\u00e9lancera le long du quai de Rive Neuve, au niveau du th\u00e9\u00e2tre de la Cri\u00e9e (7e), puis empruntera le quai des Belges et <a href=\"https:\/\/www.laprovence.com\/article\/region\/1199326220667814\/la-pietonisation-du-vieux-port-divise-des-touristes-ravis-et-des-commercants-embarrasses\" target=\"_blank\" rel=\"noopener\">le quai du Port (2e)<\/a> pour finir au niveau de l\u2019esplanade du J4 \u00e0 la Joliette. Les pas cadenc\u00e9s des \u00e9coles militaires de Draguignan et des \u00e9quipes cynotechniques pr\u00e9c\u00e9deront ceux, entre autres, des officiers de sapeurs-pompiers, de la police municipale de Marseille et de la L\u00e9gion \u00e9trang\u00e8re. \u00c0 leur suite, une centaine de v\u00e9hicules de diff\u00e9rents corps d\u00e9fileront\u00a0: des motos et un v\u00e9hicule \u00ab\u00a0Centaure\u00a0\u00bb de la Gendarmerie nationale, deux Jaguar du r\u00e9giment \u00e9tranger de Cavalerie, un canon \u00ab\u00a0Caesar\u00a0\u00bb de la Marine,\u00a0etc.<\/p>\n<p>Pour la premi\u00e8re fois cette ann\u00e9e, les marins-pompiers de Marseille paraderont avec des v\u00e9hicules historiques de cette unit\u00e9, fond\u00e9e en\u00a01939 apr\u00e8s l\u2019incendie tragique des Nouvelles Galeries. L\u2019un des camions pr\u00e9sent\u00e9 lundi a particip\u00e9 aux premi\u00e8res interventions du bataillon. Depuis, il est \u00ab\u00a0entretenu et repeint r\u00e9guli\u00e8rement par l\u2019amicale des marins-pompiers marseillais, qui sera sur place lors du d\u00e9fil\u00e9\u00a0\u00bb, pr\u00e9cise Ambroise Le Corre, en charge de la communication de l\u2019unit\u00e9. Vers 19h, le saut de quatre \u00ab\u00a0chuteurs\u00a0\u00bb de la Brigade Parachutiste de Toulouse, au-dessus du Vieux-Port, cl\u00f4turera la c\u00e9r\u00e9monie.<\/p>\n<p>\u00c0 partir de 22h30, si les conditions m\u00e9t\u00e9o permettent son d\u00e9clenchement, <a href=\"https:\/\/www.laprovence.com\/article\/sortie-loisirs\/1795160684458214\/concerts-feux-dartifice-marches-nocturnes-que-faire-en-provence-ce-week-end-des-11-12-13-et-14-juillet\" target=\"_blank\" rel=\"noopener\">le feu d\u2019artifice<\/a> illuminera le ciel<strong>\u00a0<\/strong>entre le Vieux-Port et le Fort d\u2019Entrecasteaux (7e). La soci\u00e9t\u00e9 Arteventia en charge du feu d\u2019artifice d\u2019une trentaine de minutes a con\u00e7u un th\u00e8me \u00ab\u00a0Bleu, blanc, rouge, Marseille\u00a0\u00bb pour cette ann\u00e9e. L\u2019ann\u00e9e derni\u00e8re, des dizaines de milliers de personnes avaient profit\u00e9 de ce spectacle pyrotechnique dans les airs, et de ses reflets sur l\u2019eau.<\/p>\n","protected":false},"excerpt":{"rendered":"Tous les 14\u00a0juillet, deux \u00e9v\u00e9nements phares de la R\u00e9volution fran\u00e7aise sont comm\u00e9mor\u00e9s. \u00c0 la fois la prise de&hellip;\n","protected":false},"author":2,"featured_media":247472,"comment_status":"","ping_status":"","sticky":false,"template":"","format":"standard","meta":{"footnotes":""},"categories":[2814],"tags":[17,1111,11,3542,38789,1777,674,1011,27,10093,2868,884,12,882,16,25,12634,3585],"class_list":{"0":"post-247471","1":"post","2":"type-post","3":"status-publish","4":"format-standard","5":"has-post-thumbnail","7":"category-marseille","8":"tag-17","9":"tag-actu","10":"tag-actualites","11":"tag-circulation","12":"tag-consignes","13":"tag-eu","14":"tag-europe","15":"tag-fr","16":"tag-france","17":"tag-horaires","18":"tag-juillet","19":"tag-marseille","20":"tag-news","21":"tag-provence-alpes-cote-dazur","22":"tag-region","23":"tag-republique-francaise","24":"tag-savoir","25":"tag-tout"},"share_on_mastodon":{"url":"https:\/\/pubeurope.com\/@fr\/114846793933372002","error":""},"_links":{"self":[{"href":"https:\/\/www.europesays.com\/fr\/wp-json\/wp\/v2\/posts\/247471","targetHints":{"allow":["GET"]}}],"collection":[{"href":"https:\/\/www.europesays.com\/fr\/wp-json\/wp\/v2\/posts"}],"about":[{"href":"https:\/\/www.europesays.com\/fr\/wp-json\/wp\/v2\/types\/post"}],"author":[{"embeddable":true,"href":"https:\/\/www.europesays.com\/fr\/wp-json\/wp\/v2\/users\/2"}],"replies":[{"embeddable":true,"href":"https:\/\/www.europesays.com\/fr\/wp-json\/wp\/v2\/comments?post=247471"}],"version-history":[{"count":0,"href":"https:\/\/www.europesays.com\/fr\/wp-json\/wp\/v2\/posts\/247471\/revisions"}],"wp:featuredmedia":[{"embeddable":true,"href":"https:\/\/www.europesays.com\/fr\/wp-json\/wp\/v2\/media\/247472"}],"wp:attachment":[{"href":"https:\/\/www.europesays.com\/fr\/wp-json\/wp\/v2\/media?parent=247471"}],"wp:term":[{"taxonomy":"category","embeddable":true,"href":"https:\/\/www.europesays.com\/fr\/wp-json\/wp\/v2\/categories?post=247471"},{"taxonomy":"post_tag","embeddable":true,"href":"https:\/\/www.europesays.com\/fr\/wp-json\/wp\/v2\/tags?post=247471"}],"curies":[{"name":"wp","href":"https:\/\/api.w.org\/{rel}","templated":true}]}}