{"id":247496,"date":"2025-07-13T16:22:18","date_gmt":"2025-07-13T16:22:18","guid":{"rendered":"https:\/\/www.europesays.com\/fr\/247496\/"},"modified":"2025-07-13T16:22:18","modified_gmt":"2025-07-13T16:22:18","slug":"friedrich-merz-annonce-que-les-principaux-allies-occidentaux-de-kiev-ont-leve-toute-limitation-de-la-portee-des-armes-livrees","status":"publish","type":"post","link":"https:\/\/www.europesays.com\/fr\/247496\/","title":{"rendered":"Friedrich Merz annonce que les\u00a0principaux alli\u00e9s occidentaux de Kiev ont lev\u00e9 toute \u00ab\u00a0limitation de la port\u00e9e des armes livr\u00e9es\u00a0\u00bb"},"content":{"rendered":"<p>                          <img loading=\"lazy\" decoding=\"async\" src=\"https:\/\/www.europesays.com\/fr\/wp-content\/uploads\/2025\/07\/84a8b1a_ftp-import-images-1-9xtt49uieszv-5016764-01-06.jpg\" alt=\"Le chancelier allemand, Friedrich Merz, sur la cha\u00eene de t\u00e9l\u00e9vision publique allemande WDR, le 26\u00a0mai 2025.\"   width=\"664\" height=\"443\"\/>    Le chancelier allemand, Friedrich Merz, sur la cha\u00eene de t\u00e9l\u00e9vision publique allemande WDR, le 26\u00a0mai 2025.  ODD ANDERSEN\/AFP                   <\/p>\n<p class=\"article__paragraph  \">Quelques heures apr\u00e8s <a href=\"https:\/\/www.lemonde.fr\/international\/live\/2025\/05\/26\/en-direct-guerre-en-ukraine-donald-trump-realise-que-vladimir-poutine-lui-a-menti-estime-emmanuel-macron_6608275_3210.html\" rel=\"nofollow noopener\" target=\"_blank\">que l\u2019Ukraine a subi une attaque impliquant le nombre record de 355\u00a0drones dans la nuit de dimanche\u00a025 \u00e0 lundi 26\u00a0mai<\/a>, le chancelier conservateur allemand, Friedrich Merz, a d\u00e9clar\u00e9, sur la cha\u00eene de t\u00e9l\u00e9vision publique allemande WDR, que les principaux alli\u00e9s occidentaux de Kiev \u2013 l\u2019Allemagne, les Etats-Unis, le Royaume-Uni et la France \u2013 ont lev\u00e9 toute \u00ab\u00a0limitation de la port\u00e9e des armes livr\u00e9es\u00a0\u00bb.<\/p>\n<p>                                     Lire aussi |  <a href=\"https:\/\/www.lemonde.fr\/international\/live\/2025\/05\/31\/en-direct-guerre-en-ukraine-volodymyr-zelensky-appelle-la-russie-a-cesser-de-jouer-avec-la-diplomatie_6608275_3210.html\" class=\"js-article-read-also catcher--favoris__link\" data-premium=\"\" id=\"article-title-3424065\" rel=\"nofollow noopener\" target=\"_blank\">En direct, guerre en Ukraine\u00a0: la Russie d\u00e9nonce une d\u00e9cision \u00ab\u00a0assez dangereuse\u00a0\u00bb apr\u00e8s l\u2019annonce par Friedrich Merz de la fin des limitations sur la port\u00e9e des armes livr\u00e9es \u00e0 l\u2019Ukraine<\/a>    <\/p>\n<p>   Lire plus tard  <\/p>\n<p class=\"article__paragraph  \">\u00ab\u00a0Cela signifie que l\u2019Ukraine peut d\u00e9sormais se d\u00e9fendre, par exemple en attaquant des positions militaires en Russie (\u2026), ce qu\u2019elle ne faisait pas il y a peu, \u00e0 des exceptions pr\u00e8s. Elle peut le faire maintenant\u00a0\u00bb, a-t-il d\u00e9clar\u00e9. Aucun des pays concern\u00e9s n\u2019a pour l\u2019instant confirm\u00e9 cette \u00e9volution de la doctrine militaire, qui aurait des cons\u00e9quences potentielles importantes pour la suite du conflit.<\/p>\n<p class=\"article__paragraph  \">M.\u00a0Merz n\u2019a toutefois pas sp\u00e9cifi\u00e9 si ses propos auraient une incidence sur les armes livr\u00e9es \u00e0 l\u2019avenir par Berlin \u00e0 l\u2019Ukraine, en particulier concernant les missiles de longue port\u00e9e Taurus. Sous le pr\u00e9c\u00e9dent gouvernement du social-d\u00e9mocrate Olaf Scholz, l\u2019Allemagne, deuxi\u00e8me fournisseur d\u2019aide militaire \u00e0 l\u2019Ukraine, avait refus\u00e9 de lui procurer des Taurus, craignant une escalade avec la Russie. Avant son entr\u00e9e en fonction d\u00e9but mai, M.\u00a0Merz s\u2019\u00e9tait dit favorable \u00e0 la livraison de ces missiles d\u2019une port\u00e9e de plus de 500\u00a0kilom\u00e8tres, permettant d\u2019atteindre le territoire russe en profondeur. Mais depuis, il s\u2019est montr\u00e9 plus ambigu, soulignant qu\u2019il ne d\u00e9taillerait plus les armes qu\u2019il enverrait \u00e0 l\u2019Ukraine, pour des raisons strat\u00e9giques, afin de ne pas en informer Moscou. Jusqu\u2019\u00e0 pr\u00e9sent, l\u2019Allemagne n\u2019a pas livr\u00e9 \u00e0 l\u2019Ukraine d\u2019armes d\u2019une port\u00e9e sup\u00e9rieure \u00e0 70\u00a0kilom\u00e8tres environ.<\/p>\n<p class=\"article__paragraph  \">Le porte-parole de la pr\u00e9sidence russe, Dmitri Peskov, a d\u00e9nonc\u00e9 \u00ab\u00a0une d\u00e9cision assez dangereuse\u00a0\u00bb qui va \u00ab\u00a0absolument \u00e0 l\u2019encontre de nos aspirations \u00e0 entrer dans un r\u00e8glement politique\u00a0\u00bb, a-t-il affirm\u00e9.<\/p>\n<p>                                Lire aussi |  Article r\u00e9serv\u00e9 \u00e0 nos abonn\u00e9s  <a href=\"https:\/\/www.lemonde.fr\/international\/article\/2024\/12\/05\/en-allemagne-olaf-scholz-et-friedrich-merz-s-opposent-sur-l-ukraine_6431209_3210.html\" class=\"js-article-read-also catcher--favoris__link\" data-premium=\"1\" id=\"article-title-3401067\" rel=\"nofollow noopener\" target=\"_blank\">En Allemagne, le chancelier Olaf Scholz et son rival conservateur, Friedrich Merz, s\u2019opposent sur l\u2019aide militaire \u00e0 l\u2019Ukraine<\/a>    <\/p>\n<p>   Lire plus tard  <\/p>\n<p class=\"article__paragraph  \">M.\u00a0Merz a, en outre, pris \u00e0 partie le pr\u00e9sident russe, Vladimir Poutine, l\u2019accusant de consid\u00e9rer les offres de discussions pour aboutir \u00e0 un cessez-le-feu comme une \u00ab\u00a0faiblesse\u00a0\u00bb. \u00ab\u00a0Apr\u00e8s ces trois derni\u00e8res semaines, personne ne peut s\u00e9rieusement nous accuser de ne pas avoir \u00e9puis\u00e9 tous les moyens diplomatiques disponibles\u00a0\u00bb, a-t-il d\u00e9clar\u00e9, rappelant que les alli\u00e9s de Kiev avaient redoubl\u00e9 d\u2019efforts pour ouvrir des n\u00e9gociations entre la Russie et l\u2019Ukraine. \u00ab\u00a0Si m\u00eame une proposition de r\u00e9union au Vatican ne rencontre pas\u00a0\u00bb l\u2019approbation de la Russie, \u00ab\u00a0nous devons nous pr\u00e9parer \u00e0 ce que cette guerre dure plus longtemps que nous ne le souhaitons ou ne pouvons l\u2019imaginer\u00a0\u00bb, a-t-il conclu.<\/p>\n<p class=\"article__paragraph  \">Le projet de discussions sous l\u2019\u00e9gide du Vatican a \u00e9t\u00e9 approuv\u00e9 par le pr\u00e9sident ukrainien, Volodymyr Zelensky, le pr\u00e9sident des Etas-Unis, Donald Trump, et les pays europ\u00e9ens. Le chef de la diplomatie russe, Sergue\u00ef Lavrov, a \u00e9mis des doutes sur ce choix, estimant qu\u2019il serait malvenu pour deux pays orthodoxes. Quant aux r\u00e9cents pourparlers directs en Turquie entre Ukrainiens et Russes, les premiers depuis 2022, ils n\u2019ont rien donn\u00e9.<\/p>\n<p>                                Lire aussi |  Article r\u00e9serv\u00e9 \u00e0 nos abonn\u00e9s  <a href=\"https:\/\/www.lemonde.fr\/international\/article\/2025\/05\/17\/l-ukraine-et-la-russie-echouent-a-s-accorder-sur-un-cessez-le-feu-a-istanbul_6606492_3210.html\" class=\"js-article-read-also catcher--favoris__link\" data-premium=\"1\" id=\"article-title-3422885\" rel=\"nofollow noopener\" target=\"_blank\">L\u2019Ukraine et la Russie \u00e9chouent \u00e0 s\u2019accorder sur un cessez-le-feu \u00e0 Istanbul<\/a>    <\/p>\n<p>   Lire plus tard  <\/p>\n<p>                   \u00ab\u00a0Je ne comprends pas ce que l\u2019arm\u00e9e isra\u00e9lienne est en train de faire dans la bande de Gaza\u00a0\u00bb             <\/p>\n<p class=\"article__paragraph  \">Autre sujet abord\u00e9 par le chancelier allemand lors de son intervention t\u00e9l\u00e9vis\u00e9e, la situation humanitaire dans la bande de Gaza, <a href=\"https:\/\/www.lemonde.fr\/international\/live\/2025\/05\/26\/en-direct-guerre-a-gaza-le-decalage-entre-les-epreuves-vecues-a-gaza-et-la-perception-du-monde-exterieur-est-sans-doute-ce-que-j-ai-vecu-de-plus-choquant-relate-l-historien-jean-pierre-filiu_6608186_3210.html\" rel=\"nofollow noopener\" target=\"_blank\">et plus pr\u00e9cis\u00e9ment l\u2019intensification de l\u2019offensive de l\u2019arm\u00e9e isra\u00e9lienne<\/a>. \u00ab\u00a0Je ne comprends franchement pas ce que l\u2019arm\u00e9e isra\u00e9lienne est en train de faire dans la bande de Gaza, et je ne vois pas quel est son objectif en affectant la population civile de la sorte, comme cela a \u00e9t\u00e9 de plus en plus le cas ces derniers jours\u00a0\u00bb, a-t-il dit.<\/p>\n<p class=\"article__paragraph  \">\u00ab\u00a0On ne peut plus le justifier par une lutte contre le terrorisme du Hamas\u00a0\u00bb, a ajout\u00e9 le dirigeant allemand, fustigeant avec une rare fermet\u00e9 les actions d\u2019Isra\u00ebl, dont Berlin est l\u2019un des plus fid\u00e8les alli\u00e9s avec les Etats-Unis.<\/p>\n<p> Le Monde M\u00e9morable  <\/p>\n<p> <a href=\"https:\/\/www.lemonde.fr\/memorable\/?rfextension=inread\" class=\"inread__link js-services-inread-link\" target=\"_blank\" rel=\"nofollow noopener\">  <\/p>\n<p>Testez votre culture g\u00e9n\u00e9rale avec la r\u00e9daction du \u00ab Monde \u00bb<\/p>\n<p>Testez votre culture g\u00e9n\u00e9rale avec la r\u00e9daction du \u00ab Monde \u00bb<\/p>\n<p>D\u00e9couvrir<\/p>\n<p> <\/a>         <\/p>\n<p class=\"article__paragraph  \">\u00ab\u00a0Nous avons tout int\u00e9r\u00eat \u00e0 rester aux c\u00f4t\u00e9s d\u2019Isra\u00ebl, et, inversement, je crois que l\u2019Allemagne reste le partenaire le plus important [de l\u2019Etat h\u00e9breu] en Europe, et je souhaite qu\u2019il en soit ainsi, mais le gouvernement isra\u00e9lien ne doit rien faire que ses meilleurs amis ne soient plus pr\u00eats \u00e0 accepter\u00a0\u00bb, a encore averti M.\u00a0Merz, ajoutant que, lorsque \u00ab\u00a0les limites sont franchies et que le droit international humanitaire est vraiment viol\u00e9, alors l\u2019Allemagne doit aussi agir\u00a0\u00bb.<\/p>\n<p class=\"article__paragraph  \">Malgr\u00e9 les pressions internationales, Isra\u00ebl a accentu\u00e9 ces derniers jours son offensive dans le territoire palestinien d\u00e9vast\u00e9 et affam\u00e9. Les accusations de \u00ab\u00a0g\u00e9nocide\u00a0\u00bb d\u2019Isra\u00ebl envers les Palestiniens se multiplient, venant de l\u2019ONU, de groupes de d\u00e9fense des droits humains, de personnalit\u00e9s publiques et de pays de plus en plus nombreux.<\/p>\n<p class=\"article__paragraph  \">Au moins 52\u00a0personnes ont \u00e9t\u00e9 tu\u00e9es, lundi, par des bombardements isra\u00e9liens \u00e0 Gaza, selon la d\u00e9fense civile palestinienne, dont 33 dans une \u00e9cole abritant des d\u00e9plac\u00e9s. L\u2019arm\u00e9e isra\u00e9lienne a dit y avoir vis\u00e9 des \u00ab\u00a0terroristes de premier plan\u00a0\u00bb.<\/p>\n<p>                                Lire aussi |  Article r\u00e9serv\u00e9 \u00e0 nos abonn\u00e9s  <a href=\"https:\/\/www.lemonde.fr\/idees\/article\/2025\/05\/25\/je-suis-a-peine-de-retour-a-gaza-que-me-submerge-deja-la-tragedie-de-ce-territoire-assiege-l-historien-jean-pierre-filiu-raconte-son-voyage-dans-l-enclave_6608283_3232.html\" class=\"js-article-read-also catcher--favoris__link\" data-premium=\"1\" id=\"article-title-3423067\" rel=\"nofollow noopener\" target=\"_blank\">\u00ab\u00a0Je suis \u00e0 peine de retour que me submerge d\u00e9j\u00e0 la trag\u00e9die de ce territoire assi\u00e9g\u00e9\u00a0\u00bb\u00a0: l\u2019historien Jean-Pierre Filiu raconte son s\u00e9jour \u00e0 Gaza<\/a>    <\/p>\n<p>   Lire plus tard  <\/p>\n<p class=\"author__detail\">  Le Monde avec AFP  <\/p>\n<p>                  <a href=\"https:\/\/www.lemonde.fr\/syndication\/\" class=\"reuse__content\" title=\"R\u00e9utiliser ce contenu\" target=\"_blank\" rel=\"nofollow noopener\">R\u00e9utiliser ce contenu<\/a>      <\/p>\n","protected":false},"excerpt":{"rendered":"Le chancelier allemand, Friedrich Merz, sur la cha\u00eene de t\u00e9l\u00e9vision publique allemande WDR, le 26\u00a0mai 2025. ODD ANDERSEN\/AFP&hellip;\n","protected":false},"author":2,"featured_media":247497,"comment_status":"","ping_status":"","sticky":false,"template":"","format":"standard","meta":{"footnotes":""},"categories":[1587],"tags":[11,672,1804,1805,1803,1777,674,1801,12,1802],"class_list":{"0":"post-247496","1":"post","2":"type-post","3":"status-publish","4":"format-standard","5":"has-post-thumbnail","7":"category-allemagne","8":"tag-actualites","9":"tag-allemagne","10":"tag-bundesrepublik-deutschland","11":"tag-de","12":"tag-deutschland","13":"tag-eu","14":"tag-europe","15":"tag-germany","16":"tag-news","17":"tag-republique-federale-dallemagne"},"share_on_mastodon":{"url":"https:\/\/pubeurope.com\/@fr\/114846849066399967","error":""},"_links":{"self":[{"href":"https:\/\/www.europesays.com\/fr\/wp-json\/wp\/v2\/posts\/247496","targetHints":{"allow":["GET"]}}],"collection":[{"href":"https:\/\/www.europesays.com\/fr\/wp-json\/wp\/v2\/posts"}],"about":[{"href":"https:\/\/www.europesays.com\/fr\/wp-json\/wp\/v2\/types\/post"}],"author":[{"embeddable":true,"href":"https:\/\/www.europesays.com\/fr\/wp-json\/wp\/v2\/users\/2"}],"replies":[{"embeddable":true,"href":"https:\/\/www.europesays.com\/fr\/wp-json\/wp\/v2\/comments?post=247496"}],"version-history":[{"count":0,"href":"https:\/\/www.europesays.com\/fr\/wp-json\/wp\/v2\/posts\/247496\/revisions"}],"wp:featuredmedia":[{"embeddable":true,"href":"https:\/\/www.europesays.com\/fr\/wp-json\/wp\/v2\/media\/247497"}],"wp:attachment":[{"href":"https:\/\/www.europesays.com\/fr\/wp-json\/wp\/v2\/media?parent=247496"}],"wp:term":[{"taxonomy":"category","embeddable":true,"href":"https:\/\/www.europesays.com\/fr\/wp-json\/wp\/v2\/categories?post=247496"},{"taxonomy":"post_tag","embeddable":true,"href":"https:\/\/www.europesays.com\/fr\/wp-json\/wp\/v2\/tags?post=247496"}],"curies":[{"name":"wp","href":"https:\/\/api.w.org\/{rel}","templated":true}]}}