{"id":247498,"date":"2025-07-13T16:23:08","date_gmt":"2025-07-13T16:23:08","guid":{"rendered":"https:\/\/www.europesays.com\/fr\/247498\/"},"modified":"2025-07-13T16:23:08","modified_gmt":"2025-07-13T16:23:08","slug":"entre-litalie-et-la-slovenie-une-frontiere-invisible-mais-dans-les-esprits","status":"publish","type":"post","link":"https:\/\/www.europesays.com\/fr\/247498\/","title":{"rendered":"Entre l\u2019Italie et la Slov\u00e9nie, une fronti\u00e8re invisible mais \u201cdans les esprits\u201d"},"content":{"rendered":"\n<p>Au cours de l\u2019ann\u00e9e \u00e9coul\u00e9e, j\u2019ai travers\u00e9 un nombre incalculable de fois la fronti\u00e8re entre la Slov\u00e9nie et l\u2019Italie, sur les hauteurs de Trieste. Car lorsque l\u2019on habite une ville frontali\u00e8re, on fait en permanence la navette de part et d\u2019autre de la ligne, que ce soit pour le travail, pour les balades dominicales ou pour faire le plein d\u2019essence au meilleur prix. La structure du poste-fronti\u00e8re de Basovizza n\u2019existe plus\u00a0: elle a \u00e9t\u00e9 d\u00e9molie le 21\u00a0d\u00e9cembre 2007 quand, apr\u00e8s une nuit \u00e0 trinquer et \u00e0 \u00e9changer des accolades, les maires et les habitants des deux communes [situ\u00e9es de part et d\u2019autre] ont sci\u00e9 les barri\u00e8res qui s\u00e9paraient les deux pays, d\u00e9sormais r\u00e9unis par leur appartenance commune \u00e0 l\u2019Europe et par l\u2019adh\u00e9sion de la Slov\u00e9nie \u2013 entr\u00e9e dans l\u2019Union europ\u00e9enne trois ans plus t\u00f4t, en m\u00eame temps que huit autres pays de l\u2019Est \u2013 \u00e0 <a href=\"https:\/\/www.courrierinternational.com\/sujet\/espace-schengen?page=1\" rel=\"nofollow noopener\" target=\"_blank\">l\u2019espace de libre circulation de Schengen<\/a>.<\/p>\n<p>C\u2019\u00e9tait un jour \u00e0 marquer d\u2019une pierre blanche\u00a0: on passait \u00e0 pr\u00e9sent librement l\u00e0 o\u00f9, quinze ans plus t\u00f4t, s\u2019\u00e9tiraient le rideau de fer et les barbel\u00e9s de la guerre froide tra\u00e7ant la d\u00e9marcation entre l\u2019Occident et le bloc du socialisme r\u00e9el. C\u2019\u00e9tait aussi l\u2019image cathartique de la fin des souffrances et des terribles souvenirs des Italiens, Slov\u00e8nes et Croates d\u2019un XXe\u00a0si\u00e8cle marqu\u00e9 par la <a href=\"https:\/\/www.courrierinternational.com\/article\/memoire-en-italie-les-massacres-des-foibe-sont-toujours-au-c-ur-d-une-apre-bataille-politique_227571\" rel=\"nofollow noopener\" target=\"_blank\">trag\u00e9die de<\/a><\/p>\n","protected":false},"excerpt":{"rendered":"Au cours de l\u2019ann\u00e9e \u00e9coul\u00e9e, j\u2019ai travers\u00e9 un nombre incalculable de fois la fronti\u00e8re entre la Slov\u00e9nie et&hellip;\n","protected":false},"author":2,"featured_media":247499,"comment_status":"","ping_status":"","sticky":false,"template":"","format":"standard","meta":{"footnotes":""},"categories":[1586],"tags":[11,5124,1777,674,1011,27,31980,1892,452,12,25,38793],"class_list":{"0":"post-247498","1":"post","2":"type-post","3":"status-publish","4":"format-standard","5":"has-post-thumbnail","7":"category-europe","8":"tag-actualites","9":"tag-espace-schengen","10":"tag-eu","11":"tag-europe","12":"tag-fr","13":"tag-france","14":"tag-frontiu00e8res","15":"tag-gu00e9opolitique","16":"tag-italie","17":"tag-news","18":"tag-republique-francaise","19":"tag-slovu00e9nie"},"share_on_mastodon":{"url":"https:\/\/pubeurope.com\/@fr\/114846852906405415","error":""},"_links":{"self":[{"href":"https:\/\/www.europesays.com\/fr\/wp-json\/wp\/v2\/posts\/247498","targetHints":{"allow":["GET"]}}],"collection":[{"href":"https:\/\/www.europesays.com\/fr\/wp-json\/wp\/v2\/posts"}],"about":[{"href":"https:\/\/www.europesays.com\/fr\/wp-json\/wp\/v2\/types\/post"}],"author":[{"embeddable":true,"href":"https:\/\/www.europesays.com\/fr\/wp-json\/wp\/v2\/users\/2"}],"replies":[{"embeddable":true,"href":"https:\/\/www.europesays.com\/fr\/wp-json\/wp\/v2\/comments?post=247498"}],"version-history":[{"count":0,"href":"https:\/\/www.europesays.com\/fr\/wp-json\/wp\/v2\/posts\/247498\/revisions"}],"wp:featuredmedia":[{"embeddable":true,"href":"https:\/\/www.europesays.com\/fr\/wp-json\/wp\/v2\/media\/247499"}],"wp:attachment":[{"href":"https:\/\/www.europesays.com\/fr\/wp-json\/wp\/v2\/media?parent=247498"}],"wp:term":[{"taxonomy":"category","embeddable":true,"href":"https:\/\/www.europesays.com\/fr\/wp-json\/wp\/v2\/categories?post=247498"},{"taxonomy":"post_tag","embeddable":true,"href":"https:\/\/www.europesays.com\/fr\/wp-json\/wp\/v2\/tags?post=247498"}],"curies":[{"name":"wp","href":"https:\/\/api.w.org\/{rel}","templated":true}]}}