{"id":247500,"date":"2025-07-13T16:24:10","date_gmt":"2025-07-13T16:24:10","guid":{"rendered":"https:\/\/www.europesays.com\/fr\/247500\/"},"modified":"2025-07-13T16:24:10","modified_gmt":"2025-07-13T16:24:10","slug":"ursula-von-der-leyen-annonce-un-accord-politique","status":"publish","type":"post","link":"https:\/\/www.europesays.com\/fr\/247500\/","title":{"rendered":"Ursula von\u00a0der\u00a0Leyen annonce un \u00abaccord politique\u00bb"},"content":{"rendered":"<p class=\"fig-paragraph\">La pr\u00e9sidente de la Commission europ\u00e9enne, Ursula von\u00a0der\u00a0Leyen, a annonc\u00e9 dimanche un \u00abaccord politique\u00bb\u00a0<a href=\"http:\/\/www.lefigaro.fr\/international\/pourquoi-l-indonesie-est-l-invitee-d-honneur-du-defile-du-14-juillet-20250712\" data-fig-type=\"Article\" data-gtm-custom-categorie=\"navigation\" data-gtm-custom-action=\"crossclick\" data-gtm-custom-label=\"Contextuel\" data-gtm-event=\"customEventSPE\" data-fig-domain=\"LEFIGARO\" target=\"_blank\" rel=\"noopener\">avec l&rsquo;Indon\u00e9sie<\/a>\u00a0sur la conclusion de n\u00e9gociations visant \u00e0 assouplir les barri\u00e8res commerciales, apr\u00e8s avoir rencontr\u00e9 le pr\u00e9sident Prabowo Subianto \u00e0 Bruxelles. \u00abNous vivons une p\u00e9riode de turbulences et lorsque l\u2019incertitude \u00e9conomique rencontre la volatilit\u00e9 g\u00e9opolitique, des partenaires comme nous doivent se rapprocher. Aujourd\u2019hui, nous faisons donc un grand pas en avant dans ce partenariat\u00bb, a d\u00e9clar\u00e9 Ursula von\u00a0der\u00a0Leyen aux journalistes, se disant \u00abtr\u00e8s heureuse\u00bb de cet \u00abaccord politique\u00bb.<\/p>\n<p class=\"fig-paragraph\">Le bloc europ\u00e9en de 27 nations et la plus grande \u00e9conomie d\u2019Asie du Sud-Est n\u00e9gocient depuis 2016 pour parvenir \u00e0 un accord qui devrait augmenter les \u00e9changes commerciaux et les investissements. Un communiqu\u00e9 de la Commission europ\u00e9enne a qualifi\u00e9 l\u2019accord de dimanche de \u00abjalon d\u00e9cisif\u00bb vers la conclusion de l\u2019accord, qui doit \u00eatre finalis\u00e9 en septembre par le commissaire europ\u00e9en au commerce Maros Sefcovic et le ministre indon\u00e9sien de l\u2019\u00c9conomie Airlangga Hartarto.<\/p>\n<p>                                    <a class=\"fig-a11y-skip a11y-hidden\" href=\"#fig-a11y-skip-main-inarticle\"><br \/>\n        Passer la publicit\u00e9<br \/>\n    <\/a><\/p>\n<p>Un \u00abpotentiel inexploit\u00e9\u00bb<\/p>\n<p class=\"fig-paragraph\">\u00abIl y a beaucoup de potentiel inexploit\u00e9 dans notre relation commerciale. Et c\u2019est pourquoi cet accord arrive au bon moment, car le nouvel accord ouvrira de nouveaux march\u00e9s,\u00bb a d\u00e9clar\u00e9 Ursula von\u00a0der\u00a0Leyen, avan\u00e7ant qu\u2019il \u00abcr\u00e9era plus d\u2019opportunit\u00e9s dans des industries cl\u00e9s, dans l\u2019activit\u00e9 \u00e9conomique et l\u2019agriculture, dans l\u2019automobile et les services\u00bb. Prabowo Subianto a qualifi\u00e9 l\u2019annonce \u00e0 Bruxelles de \u00abperc\u00e9e\u00bb, \u00abapr\u00e8s 10 ans de n\u00e9gociations\u00bb.<\/p>\n<p class=\"fig-paragraph\">Bruxelles a intensifi\u00e9 ses efforts pour am\u00e9liorer les relations avec des partenaires potentiels dans le monde entier alors que Donald Trump a ouvert une guerre commerciale avec des droits de douane g\u00e9n\u00e9ralis\u00e9s. L\u2019UE est le cinqui\u00e8me partenaire commercial de l\u2019Indon\u00e9sie, avec des \u00e9changes qui se sont \u00e9lev\u00e9s \u00e0 30,1 milliards de dollars en 2024. Les relations ont \u00e9t\u00e9 tendues derni\u00e8rement du fait d\u2019une interdiction d\u2019importation propos\u00e9e par l\u2019UE sur les produits li\u00e9s \u00e0 la d\u00e9forestation, ce qui a irrit\u00e9 l\u2019Indon\u00e9sie, important exportateur d\u2019huile de palme. Cette l\u00e9gislation a \u00e9t\u00e9 report\u00e9e \u00e0 la fin de cette ann\u00e9e.<\/p>\n","protected":false},"excerpt":{"rendered":"La pr\u00e9sidente de la Commission europ\u00e9enne, Ursula von\u00a0der\u00a0Leyen, a annonc\u00e9 dimanche un \u00abaccord politique\u00bb\u00a0avec l&rsquo;Indon\u00e9sie\u00a0sur la conclusion de&hellip;\n","protected":false},"author":2,"featured_media":247501,"comment_status":"","ping_status":"","sticky":false,"template":"","format":"standard","meta":{"footnotes":""},"categories":[1586],"tags":[11,1777,674,1779,1011,27,1074,25902,12,25,1778,364],"class_list":{"0":"post-247500","1":"post","2":"type-post","3":"status-publish","4":"format-standard","5":"has-post-thumbnail","7":"category-europe","8":"tag-actualites","9":"tag-eu","10":"tag-europe","11":"tag-european-union","12":"tag-fr","13":"tag-france","14":"tag-guerre-commerciale","15":"tag-indonesie","16":"tag-news","17":"tag-republique-francaise","18":"tag-ue","19":"tag-union-europeenne"},"share_on_mastodon":{"url":"https:\/\/pubeurope.com\/@fr\/114846856867395424","error":""},"_links":{"self":[{"href":"https:\/\/www.europesays.com\/fr\/wp-json\/wp\/v2\/posts\/247500","targetHints":{"allow":["GET"]}}],"collection":[{"href":"https:\/\/www.europesays.com\/fr\/wp-json\/wp\/v2\/posts"}],"about":[{"href":"https:\/\/www.europesays.com\/fr\/wp-json\/wp\/v2\/types\/post"}],"author":[{"embeddable":true,"href":"https:\/\/www.europesays.com\/fr\/wp-json\/wp\/v2\/users\/2"}],"replies":[{"embeddable":true,"href":"https:\/\/www.europesays.com\/fr\/wp-json\/wp\/v2\/comments?post=247500"}],"version-history":[{"count":0,"href":"https:\/\/www.europesays.com\/fr\/wp-json\/wp\/v2\/posts\/247500\/revisions"}],"wp:featuredmedia":[{"embeddable":true,"href":"https:\/\/www.europesays.com\/fr\/wp-json\/wp\/v2\/media\/247501"}],"wp:attachment":[{"href":"https:\/\/www.europesays.com\/fr\/wp-json\/wp\/v2\/media?parent=247500"}],"wp:term":[{"taxonomy":"category","embeddable":true,"href":"https:\/\/www.europesays.com\/fr\/wp-json\/wp\/v2\/categories?post=247500"},{"taxonomy":"post_tag","embeddable":true,"href":"https:\/\/www.europesays.com\/fr\/wp-json\/wp\/v2\/tags?post=247500"}],"curies":[{"name":"wp","href":"https:\/\/api.w.org\/{rel}","templated":true}]}}